{"id":6050,"date":"2021-05-27T14:47:38","date_gmt":"2021-05-27T19:47:38","guid":{"rendered":"https:\/\/contrastes.com.co\/digital\/?p=6050"},"modified":"2021-05-27T23:01:01","modified_gmt":"2021-05-28T04:01:01","slug":"estamos-avanzando-en-el-proceso-de-vacunacion-covid-19-rodolfo-ucros-rosales","status":"publish","type":"post","link":"https:\/\/contrastes.com.co\/digital\/estamos-avanzando-en-el-proceso-de-vacunacion-covid-19-rodolfo-ucros-rosales\/","title":{"rendered":"\u00abEstamos avanzando en el proceso de vacunaci\u00f3n Covid-19\u00bb: Rodolfo Ucr\u00f3s Rosales"},"content":{"rendered":"<p><strong>\u00abEstamos avanzando en el proceso de vacunaci\u00f3n Covid-19\u00bb: Rodolfo Ucr\u00f3s Rosales, alcalde de Soledad<\/strong><\/p>\n<blockquote><p><strong>Alcalde asegura que esta aceptaci\u00f3n de los grupos poblacionales, autorizados por el Ministerio de Salud para recibir la vacuna, es producto del trabajo coordinado que desarrollan, de manera integral, la Gobernaci\u00f3n del Atl\u00e1ntico, la Secretar\u00eda de Salud Municipal, el Hospital Materno Infantil y las EPS.<\/strong><\/p><\/blockquote>\n<p><strong>Soledad.-<\/strong> Durante la actual semana Soledad ha tenido resultados muy satisfactorios en el proceso de vacunaci\u00f3n. Entre el lunes y ayer mi\u00e9rcoles se aplicaron 12.877 biol\u00f3gicos, esta cifra indica que -en promedio- diariamente se han aplicado 4.292 vacunas contra el Covid-19.<\/p>\n<p><strong>El alcalde de Soledad, Rodolfo Ucr\u00f3s Rosales<\/strong>, asegur\u00f3 que esta aceptaci\u00f3n de los grupos poblacionales, autorizados por el Ministerio de Salud para recibir la vacuna, es producto del trabajo coordinado que desarrollan, de manera integral, la Gobernaci\u00f3n del Atl\u00e1ntico, la Secretar\u00eda de Salud Municipal, el Hospital Materno Infantil y las EPS. \u201cCada d\u00eda superamos adversidades para mitigar el virus y apostarle a la reactivaci\u00f3n econ\u00f3mica del municipio\u201d, indic\u00f3 el mandatario.<\/p>\n<p>Ucr\u00f3s Rosales se\u00f1al\u00f3 que ayer mi\u00e9rcoles en el municipio se dio inicio a la vacunaci\u00f3n para personas entre los 40 y 49 a\u00f1os que presenten comorbilidades; y entre los 50 y 54 a\u00f1os, siempre y cuando est\u00e9n inscritos en el aplicativo Mi Vacuna y agendados por las Entidades Prestadoras de Salud, EPS, correspondientes. \u201cParalelo a ello, continuamos con la aplicaci\u00f3n de las primeras y segundas dosis a los adultos mayores de 60 a\u00f1os, como lo hemos venido realizando\u201d, anot\u00f3.<\/p>\n<blockquote><p><strong><img loading=\"lazy\" decoding=\"async\" class=\"alignleft  wp-image-5834\" src=\"https:\/\/contrastes.com.co\/digital\/wp-content\/uploads\/2021\/05\/comillas.png\" alt=\"comillas\" width=\"65\" height=\"65\" srcset=\"https:\/\/contrastes.com.co\/digital\/wp-content\/uploads\/2021\/05\/comillas.png 150w, https:\/\/contrastes.com.co\/digital\/wp-content\/uploads\/2021\/05\/comillas-60x60.png 60w\" sizes=\"auto, (max-width: 65px) 100vw, 65px\" \/>\u201cLa vacuna y las normas de autocuidado como el uso obligatorio del tapabocas, el lavado frecuente de manos y el distanciamiento f\u00edsico contin\u00faan siendo las herramientas fundamentales contra el Covid-19\u201d, puntualiz\u00f3 el alcalde.<\/strong><\/p><\/blockquote>\n<p><iframe loading=\"lazy\" title=\"Estamos avanzando en el proceso de vacunaci\u00f3n Covid-19: Ucr\u00f3s Rosales\" width=\"640\" height=\"360\" src=\"https:\/\/www.youtube.com\/embed\/wzWRjUuqSxs?feature=oembed\" frameborder=\"0\" allow=\"accelerometer; autoplay; clipboard-write; encrypted-media; gyroscope; picture-in-picture; web-share\" referrerpolicy=\"strict-origin-when-cross-origin\" allowfullscreen><\/iframe><\/p>\n<p>La <strong>secretaria de Salud encargada, Maiela Barrios Vargas<\/strong>, explic\u00f3 que ayer, 26 de mayo, en el municipio se aplicaron 4.271 biol\u00f3gicos a los grupos etarios autorizados por Minsalud, en los diferentes lugares habilitados. <strong>\u201cLos puestos masivos para vacunaci\u00f3n son Combarranquilla calle 30 y el centro comercial Plaza del Sol. Se habilitaron dos lugares adicionales: el colegio Monsalve en Villa Katanga y el megacolegio de Villa Sol, \u00e9ste \u00faltimo funciona todos los d\u00edas, excepto los jueves, all\u00ed se cit\u00f3 a un n\u00famero importante de docentes\u201d, dijo la funcionaria.<\/strong><\/p>\n<p>Es importante mencionar que siguen disponibles para la poblaci\u00f3n autorizada los puestos de vacunaci\u00f3n en los centros de salud del Hospital Materno Infantil 13 de Junio, La Central, Ciudadela Metropolitana, Salamanca, Costa Hermosa y Villa Estadio; centros comerciales Metropolitano, Carnaval y Nuestro Atl\u00e1ntico.<\/p>\n<p>De igual manera, funcionan como puntos de vacunaci\u00f3n las instituciones educativas Dolores Mar\u00eda Ucr\u00f3s, Francisco Jos\u00e9 de Caldas sede anexa, Villa Estadio, Jos\u00e9 Barros Manotas y Sagrado Coraz\u00f3n, en el horario de 8 de la ma\u00f1ana a 3 de la tarde de lunes a domingo.<\/p>\n","protected":false},"excerpt":{"rendered":"<p>Durante la actual semana Soledad ha tenido resultados muy satisfactorios en el proceso de vacunaci\u00f3n. Entre el lunes y ayer mi\u00e9rcoles se aplicaron 12.877 biol\u00f3gicos, esta cifra indica que -en promedio- diariamente se han aplicado 4.292 vacunas contra el Covid-19.<\/p>\n","protected":false},"author":1,"featured_media":6051,"comment_status":"open","ping_status":"open","sticky":false,"template":"","format":"standard","meta":{"footnotes":""},"categories":[70,2,2861],"tags":[1913,38,3402,1848,3474,2583],"class_list":["post-6050","post","type-post","status-publish","format-standard","has-post-thumbnail","hentry","category-coronavirus","category-locales","category-vacunacion","tag-maiela-barrios-vargas","tag-municipio-de-soledad","tag-puntos-de-vacunacion-en-soledad","tag-rodolfo-ucros-rosales","tag-secretaria-de-salud-encargada","tag-vacunacion-covid-19"],"_links":{"self":[{"href":"https:\/\/contrastes.com.co\/digital\/wp-json\/wp\/v2\/posts\/6050","targetHints":{"allow":["GET"]}}],"collection":[{"href":"https:\/\/contrastes.com.co\/digital\/wp-json\/wp\/v2\/posts"}],"about":[{"href":"https:\/\/contrastes.com.co\/digital\/wp-json\/wp\/v2\/types\/post"}],"author":[{"embeddable":true,"href":"https:\/\/contrastes.com.co\/digital\/wp-json\/wp\/v2\/users\/1"}],"replies":[{"embeddable":true,"href":"https:\/\/contrastes.com.co\/digital\/wp-json\/wp\/v2\/comments?post=6050"}],"version-history":[{"count":1,"href":"https:\/\/contrastes.com.co\/digital\/wp-json\/wp\/v2\/posts\/6050\/revisions"}],"predecessor-version":[{"id":6052,"href":"https:\/\/contrastes.com.co\/digital\/wp-json\/wp\/v2\/posts\/6050\/revisions\/6052"}],"wp:featuredmedia":[{"embeddable":true,"href":"https:\/\/contrastes.com.co\/digital\/wp-json\/wp\/v2\/media\/6051"}],"wp:attachment":[{"href":"https:\/\/contrastes.com.co\/digital\/wp-json\/wp\/v2\/media?parent=6050"}],"wp:term":[{"taxonomy":"category","embeddable":true,"href":"https:\/\/contrastes.com.co\/digital\/wp-json\/wp\/v2\/categories?post=6050"},{"taxonomy":"post_tag","embeddable":true,"href":"https:\/\/contrastes.com.co\/digital\/wp-json\/wp\/v2\/tags?post=6050"}],"curies":[{"name":"wp","href":"https:\/\/api.w.org\/{rel}","templated":true}]}}