{"id":6061,"date":"2021-05-28T12:41:37","date_gmt":"2021-05-28T17:41:37","guid":{"rendered":"https:\/\/contrastes.com.co\/digital\/?p=6061"},"modified":"2021-05-28T12:55:10","modified_gmt":"2021-05-28T17:55:10","slug":"suspenden-medidas-restrictivas-e-invitan-a-celebrar-con-responsabilidad-el-dia-de-la-madre","status":"publish","type":"post","link":"https:\/\/contrastes.com.co\/digital\/suspenden-medidas-restrictivas-e-invitan-a-celebrar-con-responsabilidad-el-dia-de-la-madre\/","title":{"rendered":"Suspenden medidas restrictivas e invitan a celebrar con responsabilidad el D\u00eda de la Madre"},"content":{"rendered":"<p><strong>Atl\u00e1ntico suspende medidas restrictivas e invita a celebrar con responsabilidad el D\u00eda de la Madre<\/strong><\/p>\n<blockquote><p><strong>*Con una ocupaci\u00f3n UCI del 68 por ciento, el departamento del Atl\u00e1ntico presenta una considerable disminuci\u00f3n en los casos de Covid-19.<\/strong><\/p>\n<p><strong>*Establecimientos de comercio deben cumplir con los aforos, los cuales son coordinados por las alcald\u00edas municipales.<\/strong><\/p><\/blockquote>\n<p><strong>Barranquilla.-<\/strong> Este fin de semana, no habr\u00e1 toque de queda, ni ley seca en los 22 municipios del Atl\u00e1ntico, as\u00ed lo anunci\u00f3 la gobernadora, Elsa Noguera, tras conocer la disminuci\u00f3n en las cifras de contagio y de fallecidos por Covid 19 as\u00ed como la considerable reducci\u00f3n de ocupaci\u00f3n de camas UCI, la cual se encuentra actualmente en un 68 por ciento.<\/p>\n<p><iframe loading=\"lazy\" title=\"Atl\u00e1ntico suspende medidas restrictivas e invita a celebrar con responsabilidad el D\u00eda de la Madre\" width=\"640\" height=\"360\" src=\"https:\/\/www.youtube.com\/embed\/r54XZ3B30Sw?feature=oembed\" frameborder=\"0\" allow=\"accelerometer; autoplay; clipboard-write; encrypted-media; gyroscope; picture-in-picture; web-share\" referrerpolicy=\"strict-origin-when-cross-origin\" allowfullscreen><\/iframe><\/p>\n<p>\u201cHemos tomado la decisi\u00f3n de levantar las medidas restrictivas de este fin semana dado al gran esfuerzo que han hecho los atlanticenses. Esto permitir\u00e1 reactivar la econom\u00eda en nuestros municipios. Sin embargo, es importante que sigamos cuid\u00e1ndonos, y que no olvidemos las medidas de bioseguridad \u201c, dijo la mandataria departamental.<\/p>\n<p><strong>El mejor regalo para mam\u00e1 es cuidarla, por eso la gobernadora insisti\u00f3 en su llamado de no bajar la guardia, usar el tapabocas, lavado de manos y evitar aglomeraciones.<\/strong><\/p>\n<p>La gobernadora, Elsa Noguera, reiter\u00f3 que ahora lo m\u00e1s importante es seguir acatando las medidas de autocuidado, y, tanto en las playas como en los establecimientos p\u00fablicos, comerciales y nocturnos tendr\u00e1n que cumplir con las normas de bioseguridad y los aforos establecidos por las alcald\u00edas municipales.<\/p>\n<blockquote><p><strong><img loading=\"lazy\" decoding=\"async\" class=\"alignleft wp-image-5834\" src=\"https:\/\/contrastes.com.co\/digital\/wp-content\/uploads\/2021\/05\/comillas.png\" alt=\"comillas\" width=\"61\" height=\"61\" srcset=\"https:\/\/contrastes.com.co\/digital\/wp-content\/uploads\/2021\/05\/comillas.png 150w, https:\/\/contrastes.com.co\/digital\/wp-content\/uploads\/2021\/05\/comillas-60x60.png 60w\" sizes=\"auto, (max-width: 61px) 100vw, 61px\" \/>En el departamento del Atl\u00e1ntico, las cifras de contagio de Covid-19 siguen en descenso, lo que se refleja en la baja ocupaci\u00f3n de camas UCI, que al corte del 27 de mayo se encuentra en el 68 por ciento.<\/strong><\/p><\/blockquote>\n<p>A esta fecha, el departamento registra 1.331 casos activos, 3.489 fallecidos y 93.052 recuperados. El reciente informe del Instituto Nacional de Salud report\u00f3 220 casos nuevos de Coronavirus y 10 personas fallecidas a causa de esta enfermedad.<\/p>\n","protected":false},"excerpt":{"rendered":"<p>Este fin de semana, no habr\u00e1 toque de queda, ni ley seca en los 22 municipios del Atl\u00e1ntico, as\u00ed lo anunci\u00f3 la gobernadora, Elsa Noguera, tras conocer la disminuci\u00f3n en las cifras de contagio y de fallecidos por Covid 19 as\u00ed como la considerable reducci\u00f3n de ocupaci\u00f3n de camas UCI, la cual se encuentra actualmente en un 68 por ciento.<\/p>\n","protected":false},"author":1,"featured_media":6062,"comment_status":"open","ping_status":"open","sticky":false,"template":"","format":"standard","meta":{"footnotes":""},"categories":[70,6,268],"tags":[466,68,243,31,30,3482],"class_list":["post-6061","post","type-post","status-publish","format-standard","has-post-thumbnail","hentry","category-coronavirus","category-region","category-salud","tag-covid-19","tag-departamento-del-atlantico","tag-dia-de-la-madre","tag-elsa-noguera","tag-gobernacion-del-atlantico","tag-restricciones-preventivas"],"_links":{"self":[{"href":"https:\/\/contrastes.com.co\/digital\/wp-json\/wp\/v2\/posts\/6061","targetHints":{"allow":["GET"]}}],"collection":[{"href":"https:\/\/contrastes.com.co\/digital\/wp-json\/wp\/v2\/posts"}],"about":[{"href":"https:\/\/contrastes.com.co\/digital\/wp-json\/wp\/v2\/types\/post"}],"author":[{"embeddable":true,"href":"https:\/\/contrastes.com.co\/digital\/wp-json\/wp\/v2\/users\/1"}],"replies":[{"embeddable":true,"href":"https:\/\/contrastes.com.co\/digital\/wp-json\/wp\/v2\/comments?post=6061"}],"version-history":[{"count":2,"href":"https:\/\/contrastes.com.co\/digital\/wp-json\/wp\/v2\/posts\/6061\/revisions"}],"predecessor-version":[{"id":6067,"href":"https:\/\/contrastes.com.co\/digital\/wp-json\/wp\/v2\/posts\/6061\/revisions\/6067"}],"wp:featuredmedia":[{"embeddable":true,"href":"https:\/\/contrastes.com.co\/digital\/wp-json\/wp\/v2\/media\/6062"}],"wp:attachment":[{"href":"https:\/\/contrastes.com.co\/digital\/wp-json\/wp\/v2\/media?parent=6061"}],"wp:term":[{"taxonomy":"category","embeddable":true,"href":"https:\/\/contrastes.com.co\/digital\/wp-json\/wp\/v2\/categories?post=6061"},{"taxonomy":"post_tag","embeddable":true,"href":"https:\/\/contrastes.com.co\/digital\/wp-json\/wp\/v2\/tags?post=6061"}],"curies":[{"name":"wp","href":"https:\/\/api.w.org\/{rel}","templated":true}]}}