{"id":6086,"date":"2021-05-28T16:10:10","date_gmt":"2021-05-28T21:10:10","guid":{"rendered":"https:\/\/contrastes.com.co\/digital\/?p=6086"},"modified":"2021-05-28T16:10:10","modified_gmt":"2021-05-28T21:10:10","slug":"nuevo-convocado-para-la-seleccion-colombia-masculina-de-mayores","status":"publish","type":"post","link":"https:\/\/contrastes.com.co\/digital\/nuevo-convocado-para-la-seleccion-colombia-masculina-de-mayores\/","title":{"rendered":"Nuevo convocado para la Selecci\u00f3n Colombia Masculina de Mayores"},"content":{"rendered":"<p>El cuerpo t\u00e9cnico de la Selecci\u00f3n Colombia Masculina de Mayores informa que el jugador Edwin Cardona ha sido convocado para disputar los juegos ante Per\u00fa y Argentina por las clasificatorias a la Copa Mundial de la FIFA Catar 2022.<\/p>\n<p>El mediocampista se unir\u00e1 al grupo de convocados, una vez dispute el partido de su club Boca Juniors, en la Copa de la Liga Profesional ante Racing Club, el cual est\u00e1 programado para el pr\u00f3ximo lunes 31 de mayo en la tarde.<\/p>\n","protected":false},"excerpt":{"rendered":"<p>El cuerpo t\u00e9cnico de la Selecci\u00f3n Colombia Masculina de Mayores informa que el jugador Edwin Cardona ha sido convocado para disputar los juegos ante Per\u00fa y Argentina por las clasificatorias a la Copa Mundial de la FIFA Catar 2022. El mediocampista se unir\u00e1 al grupo de convocados, una vez dispute el partido de su club [&hellip;]<\/p>\n","protected":false},"author":1,"featured_media":6087,"comment_status":"open","ping_status":"open","sticky":false,"template":"","format":"standard","meta":{"footnotes":""},"categories":[4],"tags":[166,3489,3487,3445,1496],"class_list":["post-6086","post","type-post","status-publish","format-standard","has-post-thumbnail","hentry","category-pais","tag-quedateencasa","tag-edwin-cardona","tag-eliminatorias-sudamericanas-al-mundial-de-qatar-2022","tag-reinaldo-rueda","tag-seleccion-colombia"],"_links":{"self":[{"href":"https:\/\/contrastes.com.co\/digital\/wp-json\/wp\/v2\/posts\/6086","targetHints":{"allow":["GET"]}}],"collection":[{"href":"https:\/\/contrastes.com.co\/digital\/wp-json\/wp\/v2\/posts"}],"about":[{"href":"https:\/\/contrastes.com.co\/digital\/wp-json\/wp\/v2\/types\/post"}],"author":[{"embeddable":true,"href":"https:\/\/contrastes.com.co\/digital\/wp-json\/wp\/v2\/users\/1"}],"replies":[{"embeddable":true,"href":"https:\/\/contrastes.com.co\/digital\/wp-json\/wp\/v2\/comments?post=6086"}],"version-history":[{"count":1,"href":"https:\/\/contrastes.com.co\/digital\/wp-json\/wp\/v2\/posts\/6086\/revisions"}],"predecessor-version":[{"id":6088,"href":"https:\/\/contrastes.com.co\/digital\/wp-json\/wp\/v2\/posts\/6086\/revisions\/6088"}],"wp:featuredmedia":[{"embeddable":true,"href":"https:\/\/contrastes.com.co\/digital\/wp-json\/wp\/v2\/media\/6087"}],"wp:attachment":[{"href":"https:\/\/contrastes.com.co\/digital\/wp-json\/wp\/v2\/media?parent=6086"}],"wp:term":[{"taxonomy":"category","embeddable":true,"href":"https:\/\/contrastes.com.co\/digital\/wp-json\/wp\/v2\/categories?post=6086"},{"taxonomy":"post_tag","embeddable":true,"href":"https:\/\/contrastes.com.co\/digital\/wp-json\/wp\/v2\/tags?post=6086"}],"curies":[{"name":"wp","href":"https:\/\/api.w.org\/{rel}","templated":true}]}}