{"id":6129,"date":"2021-05-31T11:08:13","date_gmt":"2021-05-31T16:08:13","guid":{"rendered":"https:\/\/contrastes.com.co\/digital\/?p=6129"},"modified":"2021-05-31T21:18:56","modified_gmt":"2021-06-01T02:18:56","slug":"gobernadora-del-atlantico-entrego-la-nueva-casa-de-cultura-de-usiacuri","status":"publish","type":"post","link":"https:\/\/contrastes.com.co\/digital\/gobernadora-del-atlantico-entrego-la-nueva-casa-de-cultura-de-usiacuri\/","title":{"rendered":"Gobernadora del Atl\u00e1ntico entreg\u00f3 la nueva Casa de Cultura de Usiacur\u00ed"},"content":{"rendered":"<p><strong>Gobernadora del Atl\u00e1ntico entreg\u00f3 la nueva Casa de Cultura de Usiacur\u00ed<\/strong><\/p>\n<blockquote><p><strong>La gobernadora, Elsa Noguera, presidi\u00f3 la entrega de la infraestructura cultural que fue intervenida para mejorar su planta f\u00edsica y adaptarla a las necesidades de formaci\u00f3n art\u00edstica.<\/strong><\/p>\n<p><strong>M\u00e1s de 400 ni\u00f1os y j\u00f3venes se beneficiar\u00e1n de la apertura de la Casa de Cultura, que entrar\u00e1 en funcionamiento este martes 1 de junio, con clases de m\u00fasica, artes pl\u00e1sticas, danza y teatro, en la modalidad de alternancia.<\/strong><\/p>\n<p><strong>La puesta en servicio de esta obra se realiza en el marco de las acciones con las que la administraci\u00f3n departamental busca reactivar progresivamente el Atl\u00e1ntico en diferentes \u00e1reas.<\/strong><\/p><\/blockquote>\n<p><strong>Usiacur\u00ed.-<\/strong>\u00a0La remodelada Casa de Cultura de Usiacur\u00ed volvi\u00f3 a ser un escenario de arte y cultura, con la inauguraci\u00f3n oficial de la obra por parte de la gobernadora del Atl\u00e1ntico, Elsa Noguera, quien fue recibida entre m\u00fasica, baile y pintura por los principales beneficiarios de esta infraestructura: artistas y gestores culturales del municipio, que desde ma\u00f1ana dar\u00e1n inicio a los programas de formaci\u00f3n art\u00edstica dirigidos a m\u00e1s de 400 ni\u00f1os.<\/p>\n<p>\u00ab\u00a1Gran noticia para los artistas de Usiacur\u00ed!. A partir de hoy podr\u00e1n disfrutar de su Casa de la Cultura reci\u00e9n restaurada, ubicada en un sitio emblem\u00e1tico del barrio Real Pumarejo, el antiguo hotel donde vivi\u00f3 el poeta Julio Flores cuando lleg\u00f3 por primera vez a Usiacur\u00ed en busca de las aguas medicinales\u00bb, expres\u00f3 la gobernadora del Atl\u00e1ntico, Elsa Noguera.<\/p>\n<p>La mandataria agreg\u00f3 que la intervenci\u00f3n fue necesaria, debido a que la estructura se encontraba completamente deteriorada, por lo que se ejecutaron obras de recuperaci\u00f3n, por valor de 800 millones de pesos, que mejoraron las instalaciones.<\/p>\n<p><strong>Luis Molina Garc\u00eda, pianista y docente de m\u00fasica<\/strong>, hace m\u00e1s de 6 a\u00f1os ense\u00f1a piano y t\u00e9cnica vocal a ni\u00f1os y adolescentes en el municipio. Su experiencia como m\u00fasico de artistas, como Peter Manjarr\u00e9s y Wilson Manyoma, es inspiraci\u00f3n para sus estudiantes quienes, hasta la fecha, carec\u00edan de un recinto para recibir sus clases.<\/p>\n<p>\u201cEstamos contentos porque por fin Usiacur\u00ed tiene un laboratorio art\u00edstico, donde podemos potencializar el talento de los ni\u00f1os y j\u00f3venes que ahora cuentan con unas condiciones aptas para que desarrollen sus habilidades\u201d, asegur\u00f3 el docente.<\/p>\n<p>Para lograr el prop\u00f3sito de recuperar la Casa de Cultura de Usiacur\u00ed, la Gobernaci\u00f3n del Atl\u00e1ntico y su Secretar\u00eda de Infraestructura intervinieron un \u00e1rea de 445 metros cuadrados. El mejoramiento de las instalaciones contempl\u00f3 espacios nuevos como el acceso principal, sal\u00f3n de artesan\u00edas, taller de teatro, taller de m\u00fasica, zona de lockers, zona de ba\u00f1os hombres y mujeres, \u00e1rea de esparcimiento, terraza principal y rampa de acceso para personas con discapacidad.<\/p>\n<p>\u201cDurante la ejecuci\u00f3n de los trabajos se generaron m\u00e1s de 20 empleos, en su mayor\u00eda mano de obra del municipio, tanto calificada como no calificada\u201d, asegur\u00f3 la secretaria de Infraestructura Departamental, Nury Logreira.<\/p>\n<h3><strong>M\u00e1s cultura para la gente<\/strong><\/h3>\n<p>Con la entrada en funcionamiento de la Casa de Cultura se da inicio a los programas de formaci\u00f3n en artes, a trav\u00e9s del <strong>proyecto de Integraci\u00f3n Cultural Dionisio Escorcia M\u00e1rquez,<\/strong> el cual fue concertado con el <strong>Ministerio de Cultura,<\/strong> con el apoyo de la <strong>Secretar\u00eda de Cultura y Patrimonio del Atl\u00e1ntico<\/strong>.<\/p>\n<p>\u201cSeguimos reactivando nuestros procesos en el Atl\u00e1ntico y los espacios culturales son importantes para la gente. Esta Casa de Cultura nos permitir\u00e1 encontrarnos desde el arte, la cultura, en medio de esta pandemia, adapt\u00e1ndonos para seguir formando y fortaleciendo a nuestros gestores\u201d, dijo la <strong>secretaria de Cultura y Patrimonio del Atl\u00e1ntico, Diana Acosta<\/strong>.<\/p>\n<p>De acuerdo con la <strong>alcaldesa del municipio, Katherine Pasos<\/strong>, las clases en la Casa de Cultura comenzar\u00e1n bajo el modelo de alternancia, se programar\u00e1n turnos para sesiones presenciales con aforo reducido, complementando con el uso de las plataformas digitales para la ense\u00f1anza de las distintas \u00e1reas art\u00edsticas.<\/p>\n<p>\u201cEstamos agradecidos con la Gobernaci\u00f3n por la obra que nos entregan. Ahora en la administraci\u00f3n municipal tenemos el compromiso de ponerla en funcionamiento, con todos los protocolos necesarios, para el beneficio de nuestra comunidad\u201d, asegur\u00f3 la mandataria de Usiacur\u00ed.<\/p>\n","protected":false},"excerpt":{"rendered":"<p>La remodelada Casa de Cultura de Usiacur\u00ed volvi\u00f3 a ser un escenario de arte y cultura, con la inauguraci\u00f3n oficial de la obra por parte de la gobernadora del Atl\u00e1ntico, Elsa Noguera, quien fue recibida entre m\u00fasica, baile y pintura por los principales beneficiarios de esta infraestructura: artistas y gestores culturales del municipio, que desde ma\u00f1ana dar\u00e1n inicio a los programas de formaci\u00f3n art\u00edstica dirigidos a m\u00e1s de 400 ni\u00f1os.<\/p>\n","protected":false},"author":1,"featured_media":6130,"comment_status":"open","ping_status":"open","sticky":false,"template":"","format":"standard","meta":{"footnotes":""},"categories":[64,2047,6],"tags":[3297,3522,2001,3523,3524,3454],"class_list":["post-6129","post","type-post","status-publish","format-standard","has-post-thumbnail","hentry","category-cultura","category-musica","category-region","tag-alcaldesa-usiacuri","tag-casa-de-la-cultura-de-usiacuri","tag-diana-acosta","tag-katherine-pasos","tag-proyecto-de-integracion-cultural-dionisio-escorcia-marquez","tag-secretaria-de-cultura-y-patrimonio-del-atlantico"],"_links":{"self":[{"href":"https:\/\/contrastes.com.co\/digital\/wp-json\/wp\/v2\/posts\/6129","targetHints":{"allow":["GET"]}}],"collection":[{"href":"https:\/\/contrastes.com.co\/digital\/wp-json\/wp\/v2\/posts"}],"about":[{"href":"https:\/\/contrastes.com.co\/digital\/wp-json\/wp\/v2\/types\/post"}],"author":[{"embeddable":true,"href":"https:\/\/contrastes.com.co\/digital\/wp-json\/wp\/v2\/users\/1"}],"replies":[{"embeddable":true,"href":"https:\/\/contrastes.com.co\/digital\/wp-json\/wp\/v2\/comments?post=6129"}],"version-history":[{"count":1,"href":"https:\/\/contrastes.com.co\/digital\/wp-json\/wp\/v2\/posts\/6129\/revisions"}],"predecessor-version":[{"id":6131,"href":"https:\/\/contrastes.com.co\/digital\/wp-json\/wp\/v2\/posts\/6129\/revisions\/6131"}],"wp:featuredmedia":[{"embeddable":true,"href":"https:\/\/contrastes.com.co\/digital\/wp-json\/wp\/v2\/media\/6130"}],"wp:attachment":[{"href":"https:\/\/contrastes.com.co\/digital\/wp-json\/wp\/v2\/media?parent=6129"}],"wp:term":[{"taxonomy":"category","embeddable":true,"href":"https:\/\/contrastes.com.co\/digital\/wp-json\/wp\/v2\/categories?post=6129"},{"taxonomy":"post_tag","embeddable":true,"href":"https:\/\/contrastes.com.co\/digital\/wp-json\/wp\/v2\/tags?post=6129"}],"curies":[{"name":"wp","href":"https:\/\/api.w.org\/{rel}","templated":true}]}}