{"id":6166,"date":"2021-06-02T09:04:13","date_gmt":"2021-06-02T14:04:13","guid":{"rendered":"https:\/\/contrastes.com.co\/digital\/?p=6166"},"modified":"2021-06-02T16:05:00","modified_gmt":"2021-06-02T21:05:00","slug":"gobernadora-instalo-segundo-periodo-de-sesiones-ordinarias-de-la-asamblea","status":"publish","type":"post","link":"https:\/\/contrastes.com.co\/digital\/gobernadora-instalo-segundo-periodo-de-sesiones-ordinarias-de-la-asamblea\/","title":{"rendered":"Gobernadora instal\u00f3 segundo periodo de sesiones ordinarias de la Asamblea"},"content":{"rendered":"<p><strong>Gobernadora del Atl\u00e1ntico instal\u00f3 segundo periodo de sesiones ordinarias de la Asamblea<\/strong><\/p>\n<p><strong>Barranquilla.-<\/strong> <strong>La gobernadora, Elsa Noguera,<\/strong> instal\u00f3 este martes <strong>el segundo periodo de sesiones ordinarias de la Asamblea departamental del Atl\u00e1ntico<\/strong>, el cual se desarrollar\u00e1 del primero de junio al 30 de julio de manera interrumpida y bajo la modalidad de sesi\u00f3n mixta; es decir, de manera virtual y presencial.<\/p>\n<figure id=\"attachment_6168\" aria-describedby=\"caption-attachment-6168\" style=\"width: 1200px\" class=\"wp-caption aligncenter\"><img loading=\"lazy\" decoding=\"async\" class=\"wp-image-6168 size-full\" src=\"https:\/\/contrastes.com.co\/digital\/wp-content\/uploads\/2021\/06\/asamblea-2.jpg\" alt=\"asamblea 2\" width=\"1200\" height=\"783\" srcset=\"https:\/\/contrastes.com.co\/digital\/wp-content\/uploads\/2021\/06\/asamblea-2.jpg 1200w, https:\/\/contrastes.com.co\/digital\/wp-content\/uploads\/2021\/06\/asamblea-2-300x196.jpg 300w, https:\/\/contrastes.com.co\/digital\/wp-content\/uploads\/2021\/06\/asamblea-2-1024x668.jpg 1024w, https:\/\/contrastes.com.co\/digital\/wp-content\/uploads\/2021\/06\/asamblea-2-768x501.jpg 768w\" sizes=\"auto, (max-width: 1200px) 100vw, 1200px\" \/><figcaption id=\"caption-attachment-6168\" class=\"wp-caption-text\">Gonzalo Baute Gonz\u00e1lez, Presidente, Nicol\u00e1s Petro Burgos, Primer Vicepresidente y Federico Ucr\u00f3s Fern\u00e1ndez, Segundo Vicepresidente; en la Mesa Directiv de la Asamblea Departamental junto a la gobernadora Elsa Noguera.<\/figcaption><\/figure>\n<p>Durante la instalaci\u00f3n, la mandataria dio a conocer que el principal desaf\u00edo para estas pr\u00f3ximas sesiones es mantener la reactivaci\u00f3n econ\u00f3mica y la generaci\u00f3n de empleo, a trav\u00e9s de la atracci\u00f3n de inversi\u00f3n en el \u00e1rea metropolitana, la transformaci\u00f3n agroindustrial y el impulso del turismo en el Atl\u00e1ntico.<\/p>\n<p>\u201cNuestro m\u00e1s sincero agradecimiento a los diputados por ese apoyo incondicional, en la medida que nos han entregado el marco legal y las herramientas para ejecutar nuestro Plan de Desarrollo. Gracias por ese trabajo en equipo, que cada vez que se necesitan aprobaciones nos las han suministrado, permitiendo atender las necesidades de nuestra gente\u201d afirm\u00f3 Elsa Noguera.<\/p>\n<p>&nbsp;<\/p>\n","protected":false},"excerpt":{"rendered":"<p>La gobernadora, Elsa Noguera, instal\u00f3 este martes el segundo periodo de sesiones ordinarias de la Asamblea departamental del Atl\u00e1ntico, el cual se desarrollar\u00e1 del primero de junio al 30 de julio de manera interrumpida y bajo la modalidad de sesi\u00f3n mixta; es decir, de manera virtual y presencial.<\/p>\n","protected":false},"author":1,"featured_media":6167,"comment_status":"open","ping_status":"open","sticky":false,"template":"","format":"standard","meta":{"footnotes":""},"categories":[3537,6],"tags":[3538,31,1084,139,3541,3540,3539],"class_list":["post-6166","post","type-post","status-publish","format-standard","has-post-thumbnail","hentry","category-asamblea-departamental","category-region","tag-asamblea-departamental-del-atlantico","tag-elsa-noguera","tag-federico-ucros","tag-gobernadora-del-atlantico","tag-gonzalo-baute-gonzalez","tag-nicolas-petro","tag-segundo-periodo-de-sesiones-ordinarias"],"_links":{"self":[{"href":"https:\/\/contrastes.com.co\/digital\/wp-json\/wp\/v2\/posts\/6166","targetHints":{"allow":["GET"]}}],"collection":[{"href":"https:\/\/contrastes.com.co\/digital\/wp-json\/wp\/v2\/posts"}],"about":[{"href":"https:\/\/contrastes.com.co\/digital\/wp-json\/wp\/v2\/types\/post"}],"author":[{"embeddable":true,"href":"https:\/\/contrastes.com.co\/digital\/wp-json\/wp\/v2\/users\/1"}],"replies":[{"embeddable":true,"href":"https:\/\/contrastes.com.co\/digital\/wp-json\/wp\/v2\/comments?post=6166"}],"version-history":[{"count":1,"href":"https:\/\/contrastes.com.co\/digital\/wp-json\/wp\/v2\/posts\/6166\/revisions"}],"predecessor-version":[{"id":6169,"href":"https:\/\/contrastes.com.co\/digital\/wp-json\/wp\/v2\/posts\/6166\/revisions\/6169"}],"wp:featuredmedia":[{"embeddable":true,"href":"https:\/\/contrastes.com.co\/digital\/wp-json\/wp\/v2\/media\/6167"}],"wp:attachment":[{"href":"https:\/\/contrastes.com.co\/digital\/wp-json\/wp\/v2\/media?parent=6166"}],"wp:term":[{"taxonomy":"category","embeddable":true,"href":"https:\/\/contrastes.com.co\/digital\/wp-json\/wp\/v2\/categories?post=6166"},{"taxonomy":"post_tag","embeddable":true,"href":"https:\/\/contrastes.com.co\/digital\/wp-json\/wp\/v2\/tags?post=6166"}],"curies":[{"name":"wp","href":"https:\/\/api.w.org\/{rel}","templated":true}]}}