{"id":6392,"date":"2021-06-17T14:55:55","date_gmt":"2021-06-17T19:55:55","guid":{"rendered":"https:\/\/contrastes.com.co\/digital\/?p=6392"},"modified":"2021-06-17T14:55:55","modified_gmt":"2021-06-17T19:55:55","slug":"en-vitrina-de-anato-atlantico-y-barranquilla-anuncian-que-estan-abiertos-para-el-mundo","status":"publish","type":"post","link":"https:\/\/contrastes.com.co\/digital\/en-vitrina-de-anato-atlantico-y-barranquilla-anuncian-que-estan-abiertos-para-el-mundo\/","title":{"rendered":"En vitrina de Anato, Atl\u00e1ntico y Barranquilla anuncian que est\u00e1n abiertos para el mundo"},"content":{"rendered":"<p><strong>En vitrina de Anato, Atl\u00e1ntico y Barranquilla anuncian que est\u00e1n abiertos para el mundo<\/strong><\/p>\n<blockquote><p><strong>\u2022 En la vitrina tur\u00edstica m\u00e1s importante de Latinoam\u00e9rica, alcalde y gobernadora invitaron a inversionistas, estudiantes, jubilados y turistas a \u201cvivir la experiencia y quedarse en nuestro territorio\u201d.<\/strong><\/p>\n<p><strong>\u2022 \u201cAqu\u00ed tenemos reglas de juego claras y estables, y protegemos a los inversionistas\u201d, dijo Elsa Noguera.<\/strong><\/p><\/blockquote>\n<p><strong>Bogot\u00e1.-<\/strong> La <strong>gobernadora del Atl\u00e1ntico, Elsa Noguera,<\/strong> y el <strong>alcalde de Barranquilla, Jaime Pumarejo<\/strong>, presentaron la estrategia &#8216;Ven vive Barranquilla, vive Atl\u00e1ntico&#8217;, en el marco de<strong> la vitrina tur\u00edstica de Anato 2021<\/strong> que se lleva a cabo en Bogot\u00e1.<\/p>\n<p>Los mandatarios declararon abierto este territorio e invitaron a los ciudadanos de Colombia y el mundo a dejarse tentar por sus atractivos y ventajas.<\/p>\n<p>\u00abAdem\u00e1s de la transformaci\u00f3n que Barranquilla vive desde hace 14 a\u00f1os y que le ha permitido ser la ciudad a donde todos quieren ir, el departamento del Atl\u00e1ntico es un territorio m\u00e1gico que le abre los brazos al visitante. Tenemos reglas de juego claras y estables, y protegemos a los inversionistas\u00bb, sostuvo Elsa Noguera.<\/p>\n<p>La Gobernadora agreg\u00f3 que en el Atl\u00e1ntico se encuentra el segundo mejor punto del mundo para la pr\u00e1ctica de deportes de playa y tendremos el centro de deportes n\u00e1uticos m\u00e1s importante del pa\u00eds pr\u00f3ximamente.<\/p>\n<p>\u201cA 10 minutos encontramos Tubar\u00e1, donde se asienta la cultura Mokan\u00e1; a 35 minutos, el gran centro artesanal de Usiacur\u00ed y una reserva donde pueden hacerse avistamiento de aves. Y si seguimos m\u00e1s lejos, hallaremos la reserva de Luruaco donde nace, vive y muere el titi cabeciblanco\u201d, sostuvo.<\/p>\n<p>Se\u00f1al\u00f3 que, <strong>en alianza con Fontur, Puerto Colombia tendr\u00e1 el gran malec\u00f3n del mar<\/strong>, donde el Atl\u00e1ntico har\u00e1 un gran homenaje a los inmigrantes con restaurantes donde se podr\u00e1 consumir la mejor comida italiana, \u00e1rabe, china, entre otras.<\/p>\n<blockquote><p><strong><img loading=\"lazy\" decoding=\"async\" class=\"alignleft  wp-image-5834\" src=\"https:\/\/contrastes.com.co\/digital\/wp-content\/uploads\/2021\/05\/comillas.png\" alt=\"comillas\" width=\"50\" height=\"50\" srcset=\"https:\/\/contrastes.com.co\/digital\/wp-content\/uploads\/2021\/05\/comillas.png 150w, https:\/\/contrastes.com.co\/digital\/wp-content\/uploads\/2021\/05\/comillas-60x60.png 60w\" sizes=\"auto, (max-width: 50px) 100vw, 50px\" \/>\u00abBarranquilla, como piloto nacional de la reapertura econ\u00f3mica, ha venido adelantando todos los protocolos y que muy pronto volver\u00e1n los grandes eventos deportivos, culturales y congresos\u00bb: Jaime Pumarejo.<\/strong><\/p><\/blockquote>\n<p>Por su parte, el alcalde Pumarejo asegur\u00f3 que Barranquilla, como piloto nacional de la reapertura econ\u00f3mica, ha venido adelantando todos los protocolos y que muy pronto volver\u00e1n los grandes eventos deportivos, culturales y congresos.<\/p>\n<p>La ciudad, de hecho, pas\u00f3 la prueba con el partido por la eliminatoria entre Argentina y Colombia, primer encuentro deportivo con p\u00fablico en el estadio.<\/p>\n<figure id=\"attachment_6395\" aria-describedby=\"caption-attachment-6395\" style=\"width: 1200px\" class=\"wp-caption aligncenter\"><img loading=\"lazy\" decoding=\"async\" class=\"wp-image-6395 size-full\" src=\"https:\/\/contrastes.com.co\/digital\/wp-content\/uploads\/2021\/06\/ANATO-2-1.jpg\" alt=\"ANATO 2\" width=\"1200\" height=\"783\" srcset=\"https:\/\/contrastes.com.co\/digital\/wp-content\/uploads\/2021\/06\/ANATO-2-1.jpg 1200w, https:\/\/contrastes.com.co\/digital\/wp-content\/uploads\/2021\/06\/ANATO-2-1-300x196.jpg 300w, https:\/\/contrastes.com.co\/digital\/wp-content\/uploads\/2021\/06\/ANATO-2-1-1024x668.jpg 1024w, https:\/\/contrastes.com.co\/digital\/wp-content\/uploads\/2021\/06\/ANATO-2-1-768x501.jpg 768w\" sizes=\"auto, (max-width: 1200px) 100vw, 1200px\" \/><figcaption id=\"caption-attachment-6395\" class=\"wp-caption-text\">La gobernadora del Atl\u00e1ntico, Elsa Noguera y el alcalde de Barranquilla, Jaime Pumarejo, declararon abierto este territorio e invitaron a los ciudadanos de Colombia y el mundo a dejarse tentar por sus atractivos y ventajas.<\/figcaption><\/figure>\n<p>\u201cEst\u00e1bamos buscando un eje conector que invitara al mundo a conocer. Nuestra idea es ofrecer en un solo territorio un turismo cultural, de negocios, ecol\u00f3gico, biodiverso, y est\u00e1 aqu\u00ed, en la esquina donde el r\u00edo se encuentra con el mar y la ci\u00e9naga de Mallorqu\u00edn\u00bb, afirm\u00f3 el mandatario.<\/p>\n<p>Al atender a los periodistas que visitaron el estand de la estrategia <strong>&#8216;Ven vive Barranquilla, vive Atl\u00e1ntico&#8217;<\/strong> coincidieron en que en este territorio, ba\u00f1ado por r\u00edo y mar, \u201chay una magia que nadie se puede perder\u201d.<\/p>\n<p>A la invitaci\u00f3n se sum\u00f3 el <strong>presidente de Fontur, Irvin P\u00e9rez<\/strong>, quien dijo que Colombia es un pa\u00eds de regiones, pero una sola casa, y que el Atl\u00e1ntico y su capital son el m\u00e1s vivo ejemplo de ello.<\/p>\n<p>Asimismo, se destac\u00f3 que Barranquilla es una ciudad pujante que ofrecer\u00e1 est\u00edmulos a inversionistas, emprendedores, jubilados que compren finca ra\u00edz.<\/p>\n<p><strong>&#8216;Ven Vive Barranquilla, vive Atl\u00e1ntico&#8217; es una alianza con cuatro ejes: Estudia, Vive el doble, Emprende e Invierte, cada uno de los cuales ofrece ventajas fundamentales.<\/strong><\/p>\n<p>La administraci\u00f3n departamental est\u00e1 trabajando de la mano con los municipios del \u00e1rea metropolitana, que son la zona de expansi\u00f3n para que se localicen las empresas, con el fin de mejorar sus condiciones y ser as\u00ed cada d\u00eda m\u00e1s competitivos.<\/p>\n<p>En la versi\u00f3n 40 de Anato hacen presencia m\u00e1s de 700 empresas expositoras y coexpositoras, participan los 32 departamentos de Colombia, y empresas de Argentina, M\u00e9xico, Brasil, Cuba, Panam\u00e1, Per\u00fa, Emiratos \u00c1rabes, Turqu\u00eda, Rusia y Egipto.<\/p>\n","protected":false},"excerpt":{"rendered":"<p>La gobernadora del Atl\u00e1ntico, Elsa Noguera, y el alcalde de Barranquilla, Jaime Pumarejo, presentaron la estrategia &#8216;Ven vive Barranquilla, vive Atl\u00e1ntico&#8217;, en el marco de la vitrina tur\u00edstica de Anato 2021 que se lleva a cabo en Bogot\u00e1.<\/p>\n","protected":false},"author":1,"featured_media":6393,"comment_status":"open","ping_status":"open","sticky":false,"template":"","format":"standard","meta":{"footnotes":""},"categories":[896,6,964],"tags":[1558,31,271,139,3685,3687,1125,3684,3686,3531,3532],"class_list":["post-6392","post","type-post","status-publish","format-standard","has-post-thumbnail","hentry","category-infraestructura","category-region","category-turismo","tag-alcalde-de-barranquilla","tag-elsa-noguera","tag-fontur","tag-gobernadora-del-atlantico","tag-gran-malecon-del-mar","tag-irvin-perez","tag-jaime-pumarejo","tag-la-vitrina-turistica-de-anato-2021","tag-presidente-de-fontur","tag-ven-vive-barranquilla","tag-vive-atlantico"],"_links":{"self":[{"href":"https:\/\/contrastes.com.co\/digital\/wp-json\/wp\/v2\/posts\/6392","targetHints":{"allow":["GET"]}}],"collection":[{"href":"https:\/\/contrastes.com.co\/digital\/wp-json\/wp\/v2\/posts"}],"about":[{"href":"https:\/\/contrastes.com.co\/digital\/wp-json\/wp\/v2\/types\/post"}],"author":[{"embeddable":true,"href":"https:\/\/contrastes.com.co\/digital\/wp-json\/wp\/v2\/users\/1"}],"replies":[{"embeddable":true,"href":"https:\/\/contrastes.com.co\/digital\/wp-json\/wp\/v2\/comments?post=6392"}],"version-history":[{"count":1,"href":"https:\/\/contrastes.com.co\/digital\/wp-json\/wp\/v2\/posts\/6392\/revisions"}],"predecessor-version":[{"id":6396,"href":"https:\/\/contrastes.com.co\/digital\/wp-json\/wp\/v2\/posts\/6392\/revisions\/6396"}],"wp:featuredmedia":[{"embeddable":true,"href":"https:\/\/contrastes.com.co\/digital\/wp-json\/wp\/v2\/media\/6393"}],"wp:attachment":[{"href":"https:\/\/contrastes.com.co\/digital\/wp-json\/wp\/v2\/media?parent=6392"}],"wp:term":[{"taxonomy":"category","embeddable":true,"href":"https:\/\/contrastes.com.co\/digital\/wp-json\/wp\/v2\/categories?post=6392"},{"taxonomy":"post_tag","embeddable":true,"href":"https:\/\/contrastes.com.co\/digital\/wp-json\/wp\/v2\/tags?post=6392"}],"curies":[{"name":"wp","href":"https:\/\/api.w.org\/{rel}","templated":true}]}}