{"id":6455,"date":"2021-06-22T18:22:18","date_gmt":"2021-06-22T23:22:18","guid":{"rendered":"https:\/\/contrastes.com.co\/digital\/?p=6455"},"modified":"2021-06-22T18:22:18","modified_gmt":"2021-06-22T23:22:18","slug":"atlantico-ya-cuenta-con-su-primer-centro-de-servicios-tecnologicos-y-maquinaria-agropecuaria","status":"publish","type":"post","link":"https:\/\/contrastes.com.co\/digital\/atlantico-ya-cuenta-con-su-primer-centro-de-servicios-tecnologicos-y-maquinaria-agropecuaria\/","title":{"rendered":"Atl\u00e1ntico ya cuenta con su primer Centro de Servicios Tecnol\u00f3gicos y maquinaria agropecuaria"},"content":{"rendered":"<p><strong>Campesinos del Atl\u00e1ntico contar\u00e1n con nuevo Centro de Servicios Tecnol\u00f3gicos y maquinaria agropecuaria.<\/strong><\/p>\n<blockquote><p><strong>\u25cf En Sabanalarga, la Gobernadora del Atl\u00e1ntico present\u00f3 el primer Centro de Servicios Tecnol\u00f3gicos y Mecanizaci\u00f3n Agropecuaria del departamento, que beneficiar\u00e1 a 200 campesinos y peque\u00f1os productores y ganaderos durante los primeros 6 meses de funcionamiento.<\/strong><\/p>\n<p><strong>\u25cf Uno de los objetivos del Centro es promover el uso de tecnolog\u00edas como estrategia para mejorar la productividad agr\u00edcola, la seguridad alimentaria y los ingresos de los productores.<\/strong><\/p>\n<p><strong>\u25cf Los municipios priorizados en el proyecto son Campo de la Cruz, Luruaco, Repel\u00f3n, Sabanalarga y Santa Luc\u00eda.<\/strong><\/p><\/blockquote>\n<p><strong>Sabanalarga.-<\/strong> <strong>La gobernadora del Atl\u00e1ntico, Elsa Noguera<\/strong>, present\u00f3 en Sabanalarga los servicios del <strong>primer Centro de Servicios Tecnol\u00f3gicos y Mecanizaci\u00f3n Agropecuaria del departamento<\/strong>, <strong>que beneficiar\u00e1 a 200 campesinos y peque\u00f1os productores y ganaderos durante los primeros seis meses de funcionamiento<\/strong>.<\/p>\n<p>La mandataria se\u00f1al\u00f3 que uno de los objetivos del Centro es promover el uso de tecnolog\u00edas relacionadas con la mecanizaci\u00f3n agropecuaria y los servicios tecnol\u00f3gicos como estrategia para mejorar la productividad agr\u00edcola, la seguridad alimentaria y los ingresos de los productores. Adem\u00e1s, busca aportar a la integraci\u00f3n en el departamento de los diferentes actores prestadores de estos servicios.<\/p>\n<p><iframe loading=\"lazy\" style=\"border: none; overflow: hidden;\" src=\"https:\/\/www.facebook.com\/plugins\/video.php?height=314&amp;href=https%3A%2F%2Fwww.facebook.com%2Fsoycontrastes%2Fvideos%2F411914129922924%2F&amp;show_text=false&amp;width=560&amp;t=0\" width=\"560\" height=\"314\" frameborder=\"0\" scrolling=\"no\" allowfullscreen=\"allowfullscreen\"><\/iframe><\/p>\n<p>\u201cNos complace ver que ya tenemos las primeras m\u00e1quinas del Centro, son las mejores para nuestros productores del Atl\u00e1ntico, porque ustedes se lo merecen y aqu\u00ed estamos comprometidos con poner el campo a toda marcha. Esto no hubiera sido posible sin el liderazgo de nuestro Viceministro y el cari\u00f1o del Ministro de Agricultura, quienes nos han anunciado que el proyecto no para aqu\u00ed y se va a doblar para beneficiar a otros municipios. Esto con el fin de que, cuando nuestros productores arranquen sus proyectos productivos, cuenten con maquinaria y un operador que les va a dar todas las garant\u00edas\u201d, indic\u00f3 la Gobernadora.<\/p>\n<blockquote><p><strong><img loading=\"lazy\" decoding=\"async\" class=\"alignleft wp-image-5834\" src=\"https:\/\/contrastes.com.co\/digital\/wp-content\/uploads\/2021\/05\/comillas.png\" alt=\"comillas\" width=\"69\" height=\"69\" srcset=\"https:\/\/contrastes.com.co\/digital\/wp-content\/uploads\/2021\/05\/comillas.png 150w, https:\/\/contrastes.com.co\/digital\/wp-content\/uploads\/2021\/05\/comillas-60x60.png 60w\" sizes=\"auto, (max-width: 69px) 100vw, 69px\" \/>El proyecto se inicia en los<\/strong> <strong>municipios de Campo de la Cruz, Luruaco, Repel\u00f3n, Sabanalarga y Santa Luc\u00eda<\/strong>, y <strong>cuenta con aportes del Ministerio de Agricultura por valor de 1.000 millones de pesos y con recursos por parte de la Gobernaci\u00f3n del Atl\u00e1ntico del orden de los 400 millones de pesos.<\/strong><\/p><\/blockquote>\n<p>Al respecto, el <strong>viceministro de Agricultura y Desarrollo Rural, Juan Gonzalo Botero<\/strong>, quien particip\u00f3 de manera virtual, resalt\u00f3 que este tipo de iniciativas permite la reactivaci\u00f3n de la cadena agropecuaria. \u201cCon la entrega que se hace hoy en el Atl\u00e1ntico, se marca un hito y se da una se\u00f1al muy importante para la reducci\u00f3n de costos de producci\u00f3n en el sector, la tecnificaci\u00f3n del mismo y para lograr un apoyo al desarrollo agropecuario tan importante para el Atl\u00e1ntico\u201d, afirm\u00f3 el Viceministro, quien agreg\u00f3 que pr\u00f3ximamente suscribir\u00e1n dos convenios con el departamento para apoyar el sector l\u00e1cteo.<\/p>\n<p>Por su parte, el <strong>secretario de Desarrollo Econ\u00f3mico, Miguel Vergara<\/strong>, resalt\u00f3 que se trabajar\u00e1 de manera conjunta con alcald\u00edas y asociaciones para poner a disposici\u00f3n de todos los campesinos y productores los servicios del Centro, los cuales esperan cubrir aproximadamente 1.000 hect\u00e1reas, con 2.000 mil servicios en 6 meses. Luego de esto, se incrementar\u00e1 la cobertura a los dem\u00e1s municipios del departamento.<\/p>\n<p>Para <strong>Alberto Albor, representante de la Cooperativa Multiactiva de Productores Agropecuarios de Molinero<\/strong> (Sabanalarga), este centro facilitar\u00e1 los trabajos e ingresos de los peque\u00f1os productores, porque podr\u00e1n acceder al uso de m\u00e1quinas con las que no cuentan y que representan altos costos para ellos.<\/p>\n<p>Dentro de los servicios que ofrece el Centro, se encuentran: control de malezas, preparaci\u00f3n de tierras, abono, siembra, fumigaci\u00f3n y cosecha.<\/p>\n<p><strong>Asimismo, los equipos disponibles para uso de los campesinos y peque\u00f1os productores son tres tractores de 95 H, dos cortamalezas, una voleadora, una sembradora a chorrillo, una fumigadora y dos cosechadoras de forrajes.<\/strong><\/p>\n","protected":false},"excerpt":{"rendered":"<p>La gobernadora del Atl\u00e1ntico, Elsa Noguera, present\u00f3 en Sabanalarga los servicios del primer Centro de Servicios Tecnol\u00f3gicos y Mecanizaci\u00f3n Agropecuaria del departamento, que beneficiar\u00e1 a 200 campesinos y peque\u00f1os productores y ganaderos durante los primeros seis meses de funcionamiento.<\/p>\n","protected":false},"author":1,"featured_media":6456,"comment_status":"open","ping_status":"open","sticky":false,"template":"","format":"standard","meta":{"footnotes":""},"categories":[1012,6,9],"tags":[3723,979,31,30,937,3721,939,811,754,3722,3724,938,3720,3725],"class_list":["post-6455","post","type-post","status-publish","format-standard","has-post-thumbnail","hentry","category-agro","category-region","category-tecnologia","tag-alberto-albor","tag-campesinos-del-atlantico","tag-elsa-noguera","tag-gobernacion-del-atlantico","tag-juan-gonzalo-botero","tag-mecanizacion-agropecuaria","tag-miguel-vergara","tag-municipio-de-campo-de-la-cruz","tag-municipio-de-sabanalarga","tag-productores-agropecuarios","tag-representante-de-la-cooperativa-multiactiva-de-productores-agropecuarios-de-molinero","tag-secretario-de-desarrollo-economico","tag-servicios-tecnologicos","tag-viceministro-de-agricultura-y-desarrollo-rural"],"_links":{"self":[{"href":"https:\/\/contrastes.com.co\/digital\/wp-json\/wp\/v2\/posts\/6455","targetHints":{"allow":["GET"]}}],"collection":[{"href":"https:\/\/contrastes.com.co\/digital\/wp-json\/wp\/v2\/posts"}],"about":[{"href":"https:\/\/contrastes.com.co\/digital\/wp-json\/wp\/v2\/types\/post"}],"author":[{"embeddable":true,"href":"https:\/\/contrastes.com.co\/digital\/wp-json\/wp\/v2\/users\/1"}],"replies":[{"embeddable":true,"href":"https:\/\/contrastes.com.co\/digital\/wp-json\/wp\/v2\/comments?post=6455"}],"version-history":[{"count":1,"href":"https:\/\/contrastes.com.co\/digital\/wp-json\/wp\/v2\/posts\/6455\/revisions"}],"predecessor-version":[{"id":6457,"href":"https:\/\/contrastes.com.co\/digital\/wp-json\/wp\/v2\/posts\/6455\/revisions\/6457"}],"wp:featuredmedia":[{"embeddable":true,"href":"https:\/\/contrastes.com.co\/digital\/wp-json\/wp\/v2\/media\/6456"}],"wp:attachment":[{"href":"https:\/\/contrastes.com.co\/digital\/wp-json\/wp\/v2\/media?parent=6455"}],"wp:term":[{"taxonomy":"category","embeddable":true,"href":"https:\/\/contrastes.com.co\/digital\/wp-json\/wp\/v2\/categories?post=6455"},{"taxonomy":"post_tag","embeddable":true,"href":"https:\/\/contrastes.com.co\/digital\/wp-json\/wp\/v2\/tags?post=6455"}],"curies":[{"name":"wp","href":"https:\/\/api.w.org\/{rel}","templated":true}]}}