{"id":6476,"date":"2021-06-23T14:14:30","date_gmt":"2021-06-23T19:14:30","guid":{"rendered":"https:\/\/contrastes.com.co\/digital\/?p=6476"},"modified":"2021-06-24T14:21:29","modified_gmt":"2021-06-24T19:21:29","slug":"en-septiembre-estara-listo-el-nuevo-comando-departamental-de-policia-del-atlantico","status":"publish","type":"post","link":"https:\/\/contrastes.com.co\/digital\/en-septiembre-estara-listo-el-nuevo-comando-departamental-de-policia-del-atlantico\/","title":{"rendered":"En septiembre estar\u00e1 listo el nuevo comando departamental de Polic\u00eda del Atl\u00e1ntico"},"content":{"rendered":"<p><strong>\u00abEn septiembre estar\u00e1 listo el nuevo comando departamental para fortalecer a nuestra polic\u00eda\u00bb: Elsa Noguera<\/strong><\/p>\n<blockquote><p><strong>*Con una inversi\u00f3n de 22.200 millones de pesos, la Gobernaci\u00f3n del Atl\u00e1ntico, avanza en la construcci\u00f3n del Comando Departamental de Polic\u00eda en Sabanalarga.<\/strong><\/p>\n<p><strong>*El nuevo comando tendr\u00e1 5.969 metros cuadrados y garantizar\u00e1 un mejor servicio a los 18 municipios que se encuentran fuera del \u00e1rea metropolitana del departamento.<\/strong><\/p><\/blockquote>\n<p><strong>Barranquilla.-<\/strong> La seguridad y la convivencia de los atlanticenses es la prioridad de la administraci\u00f3n que lidera la <strong>gobernadora, Elsa Noguera<\/strong>. Es por ello que se avanza en el fortalecimiento de la capacidad operativa de los organismos de seguridad, con inversiones en proyectos como el <strong>nuevo Comando Departamental de Polic\u00eda en Sabanalarga<\/strong>.<\/p>\n<p>\u00abSeguimos trabajando por garantizar la seguridad de los habitantes del departamento del Atl\u00e1ntico. El a\u00f1o pasado hicimos importantes inversiones en equipos de comunicaci\u00f3n y transporte, como las motocicletas y drones que entregamos a la Polic\u00eda. De igual manera, estamos en la recta final de la construcci\u00f3n del nuevo Comando Departamental de Polic\u00eda en Sabanalarga que garantizar\u00e1 un mejor servicio de nuestra polic\u00eda para el departamento\u00bb, dijo la mandataria departamental.<\/p>\n<p>El nuevo Comando se construye en el marco de un convenio interadministrativo entre la Gobernaci\u00f3n y el Ministerio del Interior. Se trata de una edificaci\u00f3n de 5.960 metros cuadrados, con una inversi\u00f3n cercana a 22.200 millones de pesos. En esta nueva infraestructura, los funcionarios tendr\u00e1n todas las comodidades para garantizar un gran servicio a los habitantes de los 18 municipios que se encuentran fuera del \u00e1rea metropolitana del departamento.<\/p>\n<p>\u00abLos comandos de Polic\u00eda departamentales son el pilar fundamental de organizaci\u00f3n y planeaci\u00f3n de todas las estrategias y actividades que llevan a cabo en el d\u00eda a d\u00eda para prevenir o contrarrestar las situaciones de criminalidad y violencia de un Departamento, por lo que se hizo necesario aunar esfuerzos y recursos entre la Naci\u00f3n (Mininterior) y el departamento del Atl\u00e1ntico, para la realizaci\u00f3n de los estudios, dise\u00f1os y construcci\u00f3n de un nuevo Comando de Polic\u00eda del Atl\u00e1ntico, ubicado en el municipio de Sabanalarga, por ser este un punto estrat\u00e9gico, en el centro del departamento\u00bb, expres\u00f3 la Gobernadora del Atl\u00e1ntico.<\/p>\n<p>En la actualidad, el <strong>Departamento de Polic\u00eda Atl\u00e1ntico<\/strong> tiene cobertura en 18 municipios, 43 corregimientos, 40 veredas y 390 barrios, con un potencial de 424.286 habitantes seg\u00fan censo 2005, para lo cual la Polic\u00eda Nacional cuenta con 3 distritos, 18 Estaciones, 2 Subestaciones, 1 CAI, y con sus especialidades como: Polic\u00eda Vigilancia, Escuadr\u00f3n M\u00f3vil de Carabineros, Seccional de Inteligencia, Seccional de Investigaci\u00f3n Criminal, Seccional de Protecci\u00f3n y Servicios Especiales (Polic\u00eda de Infancia y Adolescencia, Turismo, Protecci\u00f3n a Dignatarios, Ambiental y Ecol\u00f3gica, y Seccional de Tr\u00e1nsito y Transporte).<\/p>\n<p>Con la construcci\u00f3n del nuevo Comando de Polic\u00eda del Departamento del Atl\u00e1ntico, se podr\u00e1 garantizar la <strong>Seguridad y convivencia ciudadana<\/strong>, orientados a identificar e intervenir de manera integral las causas que generan inseguridad en la comunidad, interactuando de manera espec\u00edfica con la misma y las autoridades locales, con el fin de fortalecer el desarrollo de la actividad policial.<\/p>\n<p>Los estudios y dise\u00f1os se encuentran ejecutados en un 100 por ciento, actualmente nos encontramos construyendo la Fase I del proyecto, la cual est\u00e1 conformada por: edificio portal de acceso, edificio administrativo, edifico de bodegas, bloque de garitas y bloque de basuras.<\/p>\n<p>De acuerdo con la gobernadora, Elsa Noguera, la seguridad no es solo un asunto de la Polic\u00eda, por eso tambi\u00e9n la Gobernaci\u00f3n del Atl\u00e1ntico le apuesta al fortalecimiento de los organismos de justicia y a m\u00e1s espacios que propicien la sana convivencia.<\/p>\n","protected":false},"excerpt":{"rendered":"<p>La seguridad y la convivencia de los atlanticenses es la prioridad de la administraci\u00f3n que lidera la gobernadora, Elsa Noguera. Es por ello que se avanza en el fortalecimiento de la capacidad operativa de los organismos de seguridad, con inversiones en proyectos como el nuevo Comando Departamental de Polic\u00eda en Sabanalarga.<\/p>\n","protected":false},"author":1,"featured_media":6471,"comment_status":"open","ping_status":"open","sticky":false,"template":"","format":"standard","meta":{"footnotes":""},"categories":[6,998],"tags":[3740,3744,31,139,3741],"class_list":["post-6476","post","type-post","status-publish","format-standard","has-post-thumbnail","hentry","category-region","category-seguridad-ciudadana","tag-comando-departamental-de-policia-en-sabanalarga","tag-departamento-de-policia-atlantico","tag-elsa-noguera","tag-gobernadora-del-atlantico","tag-seguridad-y-convivencia-ciudadana"],"_links":{"self":[{"href":"https:\/\/contrastes.com.co\/digital\/wp-json\/wp\/v2\/posts\/6476","targetHints":{"allow":["GET"]}}],"collection":[{"href":"https:\/\/contrastes.com.co\/digital\/wp-json\/wp\/v2\/posts"}],"about":[{"href":"https:\/\/contrastes.com.co\/digital\/wp-json\/wp\/v2\/types\/post"}],"author":[{"embeddable":true,"href":"https:\/\/contrastes.com.co\/digital\/wp-json\/wp\/v2\/users\/1"}],"replies":[{"embeddable":true,"href":"https:\/\/contrastes.com.co\/digital\/wp-json\/wp\/v2\/comments?post=6476"}],"version-history":[{"count":1,"href":"https:\/\/contrastes.com.co\/digital\/wp-json\/wp\/v2\/posts\/6476\/revisions"}],"predecessor-version":[{"id":6477,"href":"https:\/\/contrastes.com.co\/digital\/wp-json\/wp\/v2\/posts\/6476\/revisions\/6477"}],"wp:featuredmedia":[{"embeddable":true,"href":"https:\/\/contrastes.com.co\/digital\/wp-json\/wp\/v2\/media\/6471"}],"wp:attachment":[{"href":"https:\/\/contrastes.com.co\/digital\/wp-json\/wp\/v2\/media?parent=6476"}],"wp:term":[{"taxonomy":"category","embeddable":true,"href":"https:\/\/contrastes.com.co\/digital\/wp-json\/wp\/v2\/categories?post=6476"},{"taxonomy":"post_tag","embeddable":true,"href":"https:\/\/contrastes.com.co\/digital\/wp-json\/wp\/v2\/tags?post=6476"}],"curies":[{"name":"wp","href":"https:\/\/api.w.org\/{rel}","templated":true}]}}