{"id":6479,"date":"2021-06-24T20:05:19","date_gmt":"2021-06-25T01:05:19","guid":{"rendered":"https:\/\/contrastes.com.co\/digital\/?p=6479"},"modified":"2021-06-24T20:05:19","modified_gmt":"2021-06-25T01:05:19","slug":"alcaldia-de-soledad-recibe-parque-por-parte-de-las-urbanizadoras-amarilo-y-obycon","status":"publish","type":"post","link":"https:\/\/contrastes.com.co\/digital\/alcaldia-de-soledad-recibe-parque-por-parte-de-las-urbanizadoras-amarilo-y-obycon\/","title":{"rendered":"Alcald\u00eda de Soledad recibe parque por parte de las urbanizadoras Amarilo y Obycon"},"content":{"rendered":"<p><strong>Alcald\u00eda de Soledad recibe parque por parte de las urbanizadoras Amarilo y Obycon<\/strong><\/p>\n<h3><strong><img loading=\"lazy\" decoding=\"async\" class=\"alignleft  wp-image-6485\" src=\"https:\/\/contrastes.com.co\/digital\/wp-content\/uploads\/2021\/06\/amarilo-parque.jpg\" alt=\"amarilo parque\" width=\"253\" height=\"422\" srcset=\"https:\/\/contrastes.com.co\/digital\/wp-content\/uploads\/2021\/06\/amarilo-parque.jpg 600w, https:\/\/contrastes.com.co\/digital\/wp-content\/uploads\/2021\/06\/amarilo-parque-180x300.jpg 180w\" sizes=\"auto, (max-width: 253px) 100vw, 253px\" \/>\u201cAgradecemos a los urbanizadores por este espacio. El compromiso de la empresa privada debe ser constante. Invitamos a otras constructoras a replicar lo que hoy hacen estas compa\u00f1\u00edas\u201d: Rodolfo Ucr\u00f3s.<\/strong><\/h3>\n<p><strong>Soledad.-<\/strong> 1.100 familias que habitan en la <strong>ciudad residencial San Antonio en Soledad<\/strong>, se beneficiar\u00e1n con el <strong>parque lineal entregado hoy por las urbanizadoras Amarilo y Obycon<\/strong>, proyecto que tuvo una inversi\u00f3n de 314 millones de pesos y el cual fue construido con el prop\u00f3sito de que los moradores del lugar tengan zonas de contemplaci\u00f3n y recreaci\u00f3n.<\/p>\n<p>Al acto asisti\u00f3<strong> el alcalde Rodolfo Ucr\u00f3s Rosales<\/strong>, quien afirm\u00f3: \u201cEspacios como este mejoran la calidad de vida de los solede\u00f1os. Valoro el compromiso social de las empresas que est\u00e1n en nuestro municipio\u201d.<\/p>\n<p>El mandatario de los solede\u00f1os agradeci\u00f3 a las empresas Amarilo y Obycon por la entrega del nuevo parque para Soledad e invit\u00f3 a otras constructoras a imitar estas labores. \u201cAgradecemos a los urbanizadores por este espacio. El compromiso de la empresa privada debe ser constante. Invitamos a otras constructoras a replicar lo que hoy hacen estas compa\u00f1\u00edas\u201d, puntualiz\u00f3.<\/p>\n<p><img loading=\"lazy\" decoding=\"async\" class=\"size-full wp-image-6484 aligncenter\" src=\"https:\/\/contrastes.com.co\/digital\/wp-content\/uploads\/2021\/06\/amarilo-4.jpg\" alt=\"\" width=\"1200\" height=\"783\" srcset=\"https:\/\/contrastes.com.co\/digital\/wp-content\/uploads\/2021\/06\/amarilo-4.jpg 1200w, https:\/\/contrastes.com.co\/digital\/wp-content\/uploads\/2021\/06\/amarilo-4-300x196.jpg 300w, https:\/\/contrastes.com.co\/digital\/wp-content\/uploads\/2021\/06\/amarilo-4-1024x668.jpg 1024w, https:\/\/contrastes.com.co\/digital\/wp-content\/uploads\/2021\/06\/amarilo-4-768x501.jpg 768w\" sizes=\"auto, (max-width: 1200px) 100vw, 1200px\" \/><\/p>\n<blockquote><p><strong><img loading=\"lazy\" decoding=\"async\" class=\"alignleft  wp-image-5834\" src=\"https:\/\/contrastes.com.co\/digital\/wp-content\/uploads\/2021\/05\/comillas.png\" alt=\"comillas\" width=\"83\" height=\"83\" srcset=\"https:\/\/contrastes.com.co\/digital\/wp-content\/uploads\/2021\/05\/comillas.png 150w, https:\/\/contrastes.com.co\/digital\/wp-content\/uploads\/2021\/05\/comillas-60x60.png 60w\" sizes=\"auto, (max-width: 83px) 100vw, 83px\" \/>El parque se ubica en el bulevar del par vial de la calle 68 B en la urbanizaci\u00f3n Ciudad Residencial San Antonio; cuenta con un \u00e1rea intervenida de 2.856 metros cuadrados y consta de senderos peatonales, ciclo ruta y zonas verdes. Adem\u00e1s, tiene cancha m\u00faltiple, zona de m\u00e1quinas biosaludables y dos zonas de juegos infantiles.<\/strong><\/p><\/blockquote>\n<p>Por su parte, el <strong>director de proyectos de Amarilo, Juan Carlos Solano<\/strong>, se refiri\u00f3 a la buena relaci\u00f3n que tiene la Alcald\u00eda y la empresa privada. \u201cEstamos felices de entregar este gran espacio para Soledad, esto demuestra la concertaci\u00f3n que tenemos con la administraci\u00f3n municipal. Seguiremos trabajando por aportar al municipio\u201d, declar\u00f3.<\/p>\n<p><img loading=\"lazy\" decoding=\"async\" class=\"size-full wp-image-6483 aligncenter\" src=\"https:\/\/contrastes.com.co\/digital\/wp-content\/uploads\/2021\/06\/amarilo-3.jpg\" alt=\"amarilo 3\" width=\"1200\" height=\"783\" srcset=\"https:\/\/contrastes.com.co\/digital\/wp-content\/uploads\/2021\/06\/amarilo-3.jpg 1200w, https:\/\/contrastes.com.co\/digital\/wp-content\/uploads\/2021\/06\/amarilo-3-300x196.jpg 300w, https:\/\/contrastes.com.co\/digital\/wp-content\/uploads\/2021\/06\/amarilo-3-1024x668.jpg 1024w, https:\/\/contrastes.com.co\/digital\/wp-content\/uploads\/2021\/06\/amarilo-3-768x501.jpg 768w\" sizes=\"auto, (max-width: 1200px) 100vw, 1200px\" \/><\/p>\n<p>El funcionario insisti\u00f3 que la obra significar\u00e1 mucho para los habitantes del sector. <strong>\u201cLos desarrolladores, que son las constructoras Amarilo y Obycon, se caracterizan en sus proyectos por garantizar espacios de integridad social, de recreaci\u00f3n y deporte, que permiten la interacci\u00f3n social con respeto y valores que fomentan la unidad familiar\u201d<\/strong>, resalt\u00f3.<\/p>\n<p>Por \u00faltimo, <strong>Arnaldo Mu\u00f1oz, residente del sector, destac\u00f3 la importancia de este parque. \u201cEn nombre de la comunidad agradezco a las urbanizadoras y a la administraci\u00f3n municipal. Ahora muchas familias tendr\u00e1n d\u00f3nde recrearse y pasar tiempo libre\u201d.<\/strong><\/p>\n<p><img loading=\"lazy\" decoding=\"async\" class=\"size-full wp-image-6482 aligncenter\" src=\"https:\/\/contrastes.com.co\/digital\/wp-content\/uploads\/2021\/06\/amarilo-2.jpg\" alt=\"amarilo 4\" width=\"1200\" height=\"783\" srcset=\"https:\/\/contrastes.com.co\/digital\/wp-content\/uploads\/2021\/06\/amarilo-2.jpg 1200w, https:\/\/contrastes.com.co\/digital\/wp-content\/uploads\/2021\/06\/amarilo-2-300x196.jpg 300w, https:\/\/contrastes.com.co\/digital\/wp-content\/uploads\/2021\/06\/amarilo-2-1024x668.jpg 1024w, https:\/\/contrastes.com.co\/digital\/wp-content\/uploads\/2021\/06\/amarilo-2-768x501.jpg 768w\" sizes=\"auto, (max-width: 1200px) 100vw, 1200px\" \/><\/p>\n","protected":false},"excerpt":{"rendered":"<p>1.100 familias que habitan en la ciudad residencial San Antonio en Soledad, se beneficiar\u00e1n con el parque lineal entregado hoy por las urbanizadoras Amarilo y Obycon, proyecto que tuvo una inversi\u00f3n de 314 millones de pesos y el cual fue construido con el prop\u00f3sito de que los moradores del lugar tengan zonas de contemplaci\u00f3n y recreaci\u00f3n.<\/p>\n","protected":false},"author":1,"featured_media":6481,"comment_status":"open","ping_status":"open","sticky":false,"template":"","format":"standard","meta":{"footnotes":""},"categories":[756,3715,896,2,474],"tags":[131,3749,3745,3746,1848,3748,3747],"class_list":["post-6479","post","type-post","status-publish","format-standard","has-post-thumbnail","hentry","category-comunidad","category-escenarios-deportivos","category-infraestructura","category-locales","category-vivienda","tag-alcalde-de-soledad","tag-ciudad-residencial-san-antonio-en-soledad","tag-director-de-proyectos-de-amarilo","tag-juan-carlos-solano","tag-rodolfo-ucros-rosales","tag-urbanizadora-amarilo","tag-urbanizadora-obycon"],"_links":{"self":[{"href":"https:\/\/contrastes.com.co\/digital\/wp-json\/wp\/v2\/posts\/6479","targetHints":{"allow":["GET"]}}],"collection":[{"href":"https:\/\/contrastes.com.co\/digital\/wp-json\/wp\/v2\/posts"}],"about":[{"href":"https:\/\/contrastes.com.co\/digital\/wp-json\/wp\/v2\/types\/post"}],"author":[{"embeddable":true,"href":"https:\/\/contrastes.com.co\/digital\/wp-json\/wp\/v2\/users\/1"}],"replies":[{"embeddable":true,"href":"https:\/\/contrastes.com.co\/digital\/wp-json\/wp\/v2\/comments?post=6479"}],"version-history":[{"count":1,"href":"https:\/\/contrastes.com.co\/digital\/wp-json\/wp\/v2\/posts\/6479\/revisions"}],"predecessor-version":[{"id":6486,"href":"https:\/\/contrastes.com.co\/digital\/wp-json\/wp\/v2\/posts\/6479\/revisions\/6486"}],"wp:featuredmedia":[{"embeddable":true,"href":"https:\/\/contrastes.com.co\/digital\/wp-json\/wp\/v2\/media\/6481"}],"wp:attachment":[{"href":"https:\/\/contrastes.com.co\/digital\/wp-json\/wp\/v2\/media?parent=6479"}],"wp:term":[{"taxonomy":"category","embeddable":true,"href":"https:\/\/contrastes.com.co\/digital\/wp-json\/wp\/v2\/categories?post=6479"},{"taxonomy":"post_tag","embeddable":true,"href":"https:\/\/contrastes.com.co\/digital\/wp-json\/wp\/v2\/tags?post=6479"}],"curies":[{"name":"wp","href":"https:\/\/api.w.org\/{rel}","templated":true}]}}