{"id":6519,"date":"2021-06-28T08:08:52","date_gmt":"2021-06-28T13:08:52","guid":{"rendered":"https:\/\/contrastes.com.co\/digital\/?p=6519"},"modified":"2021-06-28T11:22:02","modified_gmt":"2021-06-28T16:22:02","slug":"entre-artesanias-y-muestras-artisticas-gobernacion-conmemora-diversidad-en-el-atlantico","status":"publish","type":"post","link":"https:\/\/contrastes.com.co\/digital\/entre-artesanias-y-muestras-artisticas-gobernacion-conmemora-diversidad-en-el-atlantico\/","title":{"rendered":"Entre artesan\u00edas y muestras art\u00edsticas, Gobernaci\u00f3n conmemora diversidad en el Atl\u00e1ntico"},"content":{"rendered":"<p><strong>Entre artesan\u00edas y muestras art\u00edsticas, Gobernaci\u00f3n conmemora la diversidad en el Atl\u00e1ntico<\/strong><\/p>\n<blockquote><p><strong>\u2022 En el marco del D\u00eda Internacional del Orgullo LGBTIQ+, por primera vez artesanos del departamento intervienen una pieza artesanal para promover el respeto a la diversidad.<\/strong><\/p>\n<p><strong>\u2022 Este domingo y lunes, el edificio de la Aduana, sede del Archivo Hist\u00f3rico del Atl\u00e1ntico, se iluminar\u00e1 con los colores del arco\u00edris.<\/strong><\/p>\n<p><strong>\u2022 El pr\u00f3ximo domingo 4 de julio se realizar\u00e1 la segunda marcha virtual del Orgullo LGBTIQ+ de Barranquilla y el Atl\u00e1ntico, con transmisi\u00f3n por el Canal Regional Telecaribe.<\/strong><\/p><\/blockquote>\n<p><strong>Usiacur\u00ed.-<\/strong> En el marco del D\u00eda Internacional del Orgullo LGBTIQ+, artesanos del Atl\u00e1ntico presentan una edici\u00f3n conmemorativa de sus piezas, elaborada en palma de iraca y apliques de bordado con los siete colores del arco\u00edris. Esta intervenci\u00f3n artesanal, realizada por primera vez por maestros de Usiacur\u00ed y Barranquilla, tiene como prop\u00f3sito promover la inclusi\u00f3n y el respeto a la diversidad.<\/p>\n<p><iframe loading=\"lazy\" style=\"border: none; overflow: hidden;\" src=\"https:\/\/www.facebook.com\/plugins\/video.php?height=314&amp;href=https%3A%2F%2Fwww.facebook.com%2Fsoycontrastes%2Fvideos%2F285006533380835%2F&amp;show_text=false&amp;width=560&amp;t=0\" width=\"560\" height=\"314\" frameborder=\"0\" scrolling=\"no\" allowfullscreen=\"allowfullscreen\"><\/iframe><\/p>\n<p>\u201c<strong>En el D\u00eda del Orgullo LGBTIQ+<\/strong> reiteramos nuestro compromiso para seguir construyendo un Atl\u00e1ntico diverso, un departamento donde todos y todas podamos vivir en armon\u00eda, reconociendo y respetando las diferencias. Esta pieza artesanal es el reflejo de un departamento incluyente y que reconoce que la diversidad nos hace \u00fanicos y valiosos\u201d, expres\u00f3 la gobernadora del Atl\u00e1ntico, Elsa Noguera.<\/p>\n<p>La intervenci\u00f3n multicolor de los artesanos ser\u00e1 una edici\u00f3n limitada con un prop\u00f3sito social: las ventas originadas por la compra del abanico ser\u00e1n destinadas a una obra social que trabaja por abrir m\u00e1s oportunidades educativas y laborales para la poblaci\u00f3n LGBTIQ+ en el departamento. Los interesados podr\u00e1n conseguir la pieza en la p\u00e1gina web <a href=\"http:\/\/artesaniasdelatlantico.com\">artesaniasdelatlantico.com<\/a> y en el WhatsApp 3235673718, hasta agotar existencias.<\/p>\n<p>\u201cEste dise\u00f1o representa la artesan\u00eda del Atl\u00e1ntico en diferentes t\u00e9cnicas, porque as\u00ed somos: diversos, creativos e inclusivos. Un trabajo hecho a mano para transmitir un mensaje de amor y apoyo a las diferencias\u201d, asegur\u00f3 Beatriz Cudriz, artesana experta en el tejido en hilo y quien realiz\u00f3 el colorido aplique a la pieza.<\/p>\n<h3><img loading=\"lazy\" decoding=\"async\" class=\"size-full wp-image-6522 aligncenter\" src=\"https:\/\/contrastes.com.co\/digital\/wp-content\/uploads\/2021\/06\/diversidad-3.jpg\" alt=\"diversidad 2\" width=\"1200\" height=\"783\" srcset=\"https:\/\/contrastes.com.co\/digital\/wp-content\/uploads\/2021\/06\/diversidad-3.jpg 1200w, https:\/\/contrastes.com.co\/digital\/wp-content\/uploads\/2021\/06\/diversidad-3-300x196.jpg 300w, https:\/\/contrastes.com.co\/digital\/wp-content\/uploads\/2021\/06\/diversidad-3-1024x668.jpg 1024w, https:\/\/contrastes.com.co\/digital\/wp-content\/uploads\/2021\/06\/diversidad-3-768x501.jpg 768w\" sizes=\"auto, (max-width: 1200px) 100vw, 1200px\" \/><br \/>\n<strong>Intervenciones culturales y marcha virtual<\/strong><\/h3>\n<p><strong>El Museo del Atl\u00e1ntico, sede de la Secretar\u00eda de Cultura y Patrimonio Departamental<\/strong>, fue el escenario elegido por el Grupo con Amor y Ganas de Avanzar para realizar la sesi\u00f3n fotogr\u00e1fica titulada \u2018Una Noche Feliz\u2019. En la intervenci\u00f3n art\u00edstica, los participantes lucieron atuendos de \u00e9poca para promover la equidad de g\u00e9nero y respeto a las diferencias, teniendo como referente est\u00e9tico y visual la historia retratada por Marvel Moreno en \u2018La noche feliz de Madamme Ivonne\u2019.<\/p>\n<figure id=\"attachment_6521\" aria-describedby=\"caption-attachment-6521\" style=\"width: 1200px\" class=\"wp-caption aligncenter\"><img loading=\"lazy\" decoding=\"async\" class=\"wp-image-6521 size-full\" src=\"https:\/\/contrastes.com.co\/digital\/wp-content\/uploads\/2021\/06\/diversidad-2.jpg\" alt=\"diversidad 2\" width=\"1200\" height=\"783\" srcset=\"https:\/\/contrastes.com.co\/digital\/wp-content\/uploads\/2021\/06\/diversidad-2.jpg 1200w, https:\/\/contrastes.com.co\/digital\/wp-content\/uploads\/2021\/06\/diversidad-2-300x196.jpg 300w, https:\/\/contrastes.com.co\/digital\/wp-content\/uploads\/2021\/06\/diversidad-2-1024x668.jpg 1024w, https:\/\/contrastes.com.co\/digital\/wp-content\/uploads\/2021\/06\/diversidad-2-768x501.jpg 768w\" sizes=\"auto, (max-width: 1200px) 100vw, 1200px\" \/><figcaption id=\"caption-attachment-6521\" class=\"wp-caption-text\">La historia retratada por Marvel Moreno en \u2018La noche feliz de Madamme Ivonne\u2019, es el referente est\u00e9tico y visual para promover la equidad de g\u00e9nero y respeto a las diferencias.<\/figcaption><\/figure>\n<p>Por su parte, la Antigua Aduana de Barranquilla, sede del Archivo Hist\u00f3rico del Atl\u00e1ntico, se ilumin\u00f3 ayer domingo y hoy lunes con los colores del arco\u00edris para reiterar el mensaje de un Atl\u00e1ntico incluyente y diverso. La edificaci\u00f3n volver\u00e1 a iluminarse multicolor el pr\u00f3ximo domingo 4 de julio, en el marco de la segunda marcha virtual del Orgullo LGBTIQ+ en Barranquilla y el Atl\u00e1ntico convocada por la Mesa LGBTI, con transmisi\u00f3n por el Canal Regional Telecaribe y las redes sociales de la Gobernaci\u00f3n del Atl\u00e1ntico, desde las 5:00 de la tarde.<\/p>\n<p>\u201cCon estas acciones reconocemos el aporte de la poblaci\u00f3n LGBTIQ+ al departamento, especialmente en la cultura, donde siempre se han caracterizado por su talento y capacidad creativa. Si nos ponemos en los zapatos del otro, reconocemos que somos iguales en derechos y que la diversidad es el camino\u201d, concluy\u00f3 la secretaria de Cultura y Patrimonio del Atl\u00e1ntico, Diana Acosta.<\/p>\n<p><strong>Desde 2019, el departamento del Atl\u00e1ntico cuenta con la Pol\u00edtica P\u00fablica LGBTI para garantizar los derechos a la diversidad sexual, identidades y expresiones de g\u00e9nero<\/strong>, cuya implementaci\u00f3n registra avances con el trabajo articulado de las dependencias de la Gobernaci\u00f3n, bajo el liderazgo de la Secretar\u00eda del Interior y Gobierno. Entre los principales logros se encuentra la escogencia de los 22 enlaces municipales LGBTI, capacitaciones a 50 l\u00edderes en diplomados de participaci\u00f3n ciudadana, mil cupos para la realizaci\u00f3n de cursos Sena, convenio con la Universidad del Atl\u00e1ntico para pines diferenciales y m\u00e1s escenarios culturales para la participaci\u00f3n de sus hacedores.<\/p>\n","protected":false},"excerpt":{"rendered":"<p>En el marco del D\u00eda Internacional del Orgullo LGBTIQ+, artesanos del Atl\u00e1ntico presentan una edici\u00f3n conmemorativa de sus piezas, elaborada en palma de iraca y apliques de bordado con los siete colores del arco\u00edris. Esta intervenci\u00f3n artesanal, realizada por primera vez por maestros de Usiacur\u00ed y Barranquilla, tiene como prop\u00f3sito promover la inclusi\u00f3n y el respeto a la diversidad.<\/p>\n","protected":false},"author":1,"featured_media":6520,"comment_status":"open","ping_status":"open","sticky":false,"template":"","format":"standard","meta":{"footnotes":""},"categories":[756,3515,4,6],"tags":[3767,3765,139,3766,3764],"class_list":["post-6519","post","type-post","status-publish","format-standard","has-post-thumbnail","hentry","category-comunidad","category-derechos-humanos","category-pais","category-region","tag-dia-del-orgullo-lgbtiq","tag-diversidad-sexual","tag-gobernadora-del-atlantico","tag-politica-publica-lgbti","tag-secretaria-de-cultura-y-patrimonio-departamental"],"_links":{"self":[{"href":"https:\/\/contrastes.com.co\/digital\/wp-json\/wp\/v2\/posts\/6519","targetHints":{"allow":["GET"]}}],"collection":[{"href":"https:\/\/contrastes.com.co\/digital\/wp-json\/wp\/v2\/posts"}],"about":[{"href":"https:\/\/contrastes.com.co\/digital\/wp-json\/wp\/v2\/types\/post"}],"author":[{"embeddable":true,"href":"https:\/\/contrastes.com.co\/digital\/wp-json\/wp\/v2\/users\/1"}],"replies":[{"embeddable":true,"href":"https:\/\/contrastes.com.co\/digital\/wp-json\/wp\/v2\/comments?post=6519"}],"version-history":[{"count":2,"href":"https:\/\/contrastes.com.co\/digital\/wp-json\/wp\/v2\/posts\/6519\/revisions"}],"predecessor-version":[{"id":6530,"href":"https:\/\/contrastes.com.co\/digital\/wp-json\/wp\/v2\/posts\/6519\/revisions\/6530"}],"wp:featuredmedia":[{"embeddable":true,"href":"https:\/\/contrastes.com.co\/digital\/wp-json\/wp\/v2\/media\/6520"}],"wp:attachment":[{"href":"https:\/\/contrastes.com.co\/digital\/wp-json\/wp\/v2\/media?parent=6519"}],"wp:term":[{"taxonomy":"category","embeddable":true,"href":"https:\/\/contrastes.com.co\/digital\/wp-json\/wp\/v2\/categories?post=6519"},{"taxonomy":"post_tag","embeddable":true,"href":"https:\/\/contrastes.com.co\/digital\/wp-json\/wp\/v2\/tags?post=6519"}],"curies":[{"name":"wp","href":"https:\/\/api.w.org\/{rel}","templated":true}]}}