{"id":6578,"date":"2021-07-03T16:08:55","date_gmt":"2021-07-03T21:08:55","guid":{"rendered":"https:\/\/contrastes.com.co\/digital\/?p=6578"},"modified":"2021-07-03T16:10:30","modified_gmt":"2021-07-03T21:10:30","slug":"este-fin-de-semana-la-vacunaton-es-por-los-ninos-del-atlantico","status":"publish","type":"post","link":"https:\/\/contrastes.com.co\/digital\/este-fin-de-semana-la-vacunaton-es-por-los-ninos-del-atlantico\/","title":{"rendered":"Este fin de semana la vacunat\u00f3n es por los ni\u00f1os del Atl\u00e1ntico"},"content":{"rendered":"<p><strong>Este fin de semana la vacunat\u00f3n es por los ni\u00f1os del Atl\u00e1ntico<\/strong><\/p>\n<blockquote><p><strong>*La Secretar\u00eda de Salud departamental invita a participar en la jornada nacional de vacunaci\u00f3n contra el sarampi\u00f3n y la rub\u00e9ola, que se desarrollar\u00e1 casa a casa y en las ESE hospitales municipales.<\/strong><\/p>\n<p><strong>*Los ni\u00f1os de uno a 10 a\u00f1os deben recibir la dosis adicional de sarampi\u00f3n y rub\u00e9ola.<\/strong><\/p>\n<p><strong>* 113.191 ni\u00f1os y ni\u00f1as del Atl\u00e1ntico est\u00e1n pendientes por vacunarse con la dosis adicional de sarampi\u00f3n y rub\u00e9ola.<\/strong><\/p><\/blockquote>\n<p><strong>Barranquilla.-<\/strong> En el marco de la campa\u00f1a nacional, este 3 y 4 de julio se realizar\u00e1 \u2018la vacunat\u00f3n\u2019 contra el sarampi\u00f3n y rub\u00e9ola en los municipios del Atl\u00e1ntico, de 8:00 de la ma\u00f1ana a 4:00 de la tarde. De acuerdo con la <strong>secretaria de Salud departamental, Alma Solano<\/strong>, el prop\u00f3sito es aumentar las coberturas de vacunaci\u00f3n en los menores de uno a 10 a\u00f1os, quienes deben recibir su dosis adicional.<\/p>\n<p>La funcionaria destac\u00f3 que en el Atl\u00e1ntico est\u00e1n pendientes por vacunarse con la dosis adicional sarampi\u00f3n y rub\u00e9ola 113.191 ni\u00f1os y ni\u00f1as entre uno y 10 a\u00f1os. Por eso invita a padres de familia y cuidadores para que participen de la gran jornada.<\/p>\n<p>\u00abDebemos proteger a nuestros menores y qu\u00e9 mejor manera que cuidando su salud. Este fin de semana, estaremos en los hospitales municipales y casa a casa llevando la vacunat\u00f3n, para que nuestros ni\u00f1os y ni\u00f1as de uno a 10 a\u00f1os reciban su dosis adicional de sarampi\u00f3n y rub\u00e9ola. En el ambiente existe el riesgo de contagio y solo con la vacuna los protegemos. Importante tener en cuenta que, no importa si ya tienen las dos dosis, esta tercera dosis es necesaria para reforzar el esquema de vacunaci\u00f3n\u00bb, afirm\u00f3.<\/p>\n<p>En el contexto de la pandemia por el Covid-19, la Gobernaci\u00f3n del Atl\u00e1ntico contin\u00faa promoviendo el cumplimiento de los protocolos de bioseguridad y, en tal sentido, recomienda a los padres de familia y cuidadores que, si van a asistir al punto de vacunaci\u00f3n del municipio, hacerlo cumpliendo con las medidas de autocuidado, como el uso del tapabocas, el distanciamiento f\u00edsico y el lavado de manos constante. Esto con el fin de reducir el riesgo de contagio.<\/p>\n<p><strong>El sarampi\u00f3n es una enfermedad contagiosa, que se transmite al inhalar peque\u00f1as gotas de secreciones respiratorias, expulsadas por una persona contagiada, en el momento de hablar, toser o estornudar.<\/strong><\/p>\n<p>\u201cSi una persona presenta fiebre alta de m\u00e1s de cuatro d\u00edas, tos, secreci\u00f3n nasal, conjuntivitis, manchas blancas en la cara y brote en todo el cuerpo, debe acudir de inmediato al m\u00e9dico. En el caso de la rub\u00e9ola, debe estar muy alerta a la inflamaci\u00f3n de los ganglios que est\u00e1n detr\u00e1s de las orejas. Evitar automedicarse, es mejor que lo revise el m\u00e9dico para que le indique el tratamiento adecuado\u201d, explic\u00f3 la Secretaria de Salud departamental.<\/p>\n<p><strong>Doble jornada en Soledad<\/strong><\/p>\n<p>En el municipio de Soledad, entre las 8:00 a.m. y 4:00 p.m, la jornada se concentrar\u00e1 en los barrios: Los Robles, Los Cedros y Costa Hermosa, para vacunar el mayor n\u00famero de menores. En un segundo horario, entre las 4:00 p.m. y 8:00 p.m. tendr\u00e1 punto fijo de vacunaci\u00f3n en los parques del cementerio central, de Los Robles y El Cagu\u00e1n.<\/p>\n","protected":false},"excerpt":{"rendered":"<p>En el marco de la campa\u00f1a nacional, este 3 y 4 de julio se realizar\u00e1 \u2018la vacunat\u00f3n\u2019 contra el sarampi\u00f3n y rub\u00e9ola en los municipios del Atl\u00e1ntico, de 8:00 de la ma\u00f1ana a 4:00 de la tarde. De acuerdo con la secretaria de Salud departamental, Alma Solano, el prop\u00f3sito es aumentar las coberturas de vacunaci\u00f3n en los menores de uno a 10 a\u00f1os, quienes deben recibir su dosis adicional.<\/p>\n","protected":false},"author":1,"featured_media":6580,"comment_status":"open","ping_status":"open","sticky":false,"template":"","format":"standard","meta":{"footnotes":""},"categories":[6,268,2861],"tags":[977,30,38,976,3795],"class_list":["post-6578","post","type-post","status-publish","format-standard","has-post-thumbnail","hentry","category-region","category-salud","category-vacunacion","tag-alma-solano","tag-gobernacion-del-atlantico","tag-municipio-de-soledad","tag-secretaria-de-salud-departamental","tag-vacunacion-infantil"],"_links":{"self":[{"href":"https:\/\/contrastes.com.co\/digital\/wp-json\/wp\/v2\/posts\/6578","targetHints":{"allow":["GET"]}}],"collection":[{"href":"https:\/\/contrastes.com.co\/digital\/wp-json\/wp\/v2\/posts"}],"about":[{"href":"https:\/\/contrastes.com.co\/digital\/wp-json\/wp\/v2\/types\/post"}],"author":[{"embeddable":true,"href":"https:\/\/contrastes.com.co\/digital\/wp-json\/wp\/v2\/users\/1"}],"replies":[{"embeddable":true,"href":"https:\/\/contrastes.com.co\/digital\/wp-json\/wp\/v2\/comments?post=6578"}],"version-history":[{"count":1,"href":"https:\/\/contrastes.com.co\/digital\/wp-json\/wp\/v2\/posts\/6578\/revisions"}],"predecessor-version":[{"id":6579,"href":"https:\/\/contrastes.com.co\/digital\/wp-json\/wp\/v2\/posts\/6578\/revisions\/6579"}],"wp:featuredmedia":[{"embeddable":true,"href":"https:\/\/contrastes.com.co\/digital\/wp-json\/wp\/v2\/media\/6580"}],"wp:attachment":[{"href":"https:\/\/contrastes.com.co\/digital\/wp-json\/wp\/v2\/media?parent=6578"}],"wp:term":[{"taxonomy":"category","embeddable":true,"href":"https:\/\/contrastes.com.co\/digital\/wp-json\/wp\/v2\/categories?post=6578"},{"taxonomy":"post_tag","embeddable":true,"href":"https:\/\/contrastes.com.co\/digital\/wp-json\/wp\/v2\/tags?post=6578"}],"curies":[{"name":"wp","href":"https:\/\/api.w.org\/{rel}","templated":true}]}}