{"id":6621,"date":"2021-07-06T13:36:33","date_gmt":"2021-07-06T18:36:33","guid":{"rendered":"https:\/\/contrastes.com.co\/digital\/?p=6621"},"modified":"2021-07-06T13:36:33","modified_gmt":"2021-07-06T18:36:33","slug":"opinion-la-empresa-de-energia-electrica-air-e-cobra-con-el-ejercito","status":"publish","type":"post","link":"https:\/\/contrastes.com.co\/digital\/opinion-la-empresa-de-energia-electrica-air-e-cobra-con-el-ejercito\/","title":{"rendered":"Opini\u00f3n: La empresa de energ\u00eda el\u00e9ctrica Air-e cobra con el Ej\u00e9rcito"},"content":{"rendered":"<p><strong>Opini\u00f3n: La empresa de energ\u00eda el\u00e9ctrica Air-e cobra con el Ej\u00e9rcito<\/strong><\/p>\n<blockquote><p><strong>Ins\u00f3lito, un servicio p\u00fablico en manos de una empresa privada recauda el valor de las facturas a las buenas o a las malas.<\/strong><\/p><\/blockquote>\n<p><em><strong>En el portal La Chachara, el colega Rafael Sarmiento Coley hace un extenso an\u00e1lisis de la situaci\u00f3n del sector el\u00e9ctrico en la costa atl\u00e1ntica. Se trata de un trabajo period\u00edstico pormenorizado que no tiene desperdicio, por tanto, nos permitimos publicar el mismo integramente.\u00a0<\/strong><\/em><\/p>\n<h2><strong>Air-e cobra con el Ej\u00e9rcito<\/strong><\/h2>\n<p><strong>Por Rafael Sarmiento Coley<\/strong><\/p>\n<p><img loading=\"lazy\" decoding=\"async\" class=\"size-full wp-image-6623 aligncenter\" src=\"https:\/\/contrastes.com.co\/digital\/wp-content\/uploads\/2021\/07\/aire-ejercito-5.jpg\" alt=\"darcy queen\" width=\"1200\" height=\"783\" srcset=\"https:\/\/contrastes.com.co\/digital\/wp-content\/uploads\/2021\/07\/aire-ejercito-5.jpg 1200w, https:\/\/contrastes.com.co\/digital\/wp-content\/uploads\/2021\/07\/aire-ejercito-5-300x196.jpg 300w, https:\/\/contrastes.com.co\/digital\/wp-content\/uploads\/2021\/07\/aire-ejercito-5-1024x668.jpg 1024w, https:\/\/contrastes.com.co\/digital\/wp-content\/uploads\/2021\/07\/aire-ejercito-5-768x501.jpg 768w\" sizes=\"auto, (max-width: 1200px) 100vw, 1200px\" \/><\/p>\n<h5><em><strong><a href=\"https:\/\/lachachara.org\/air-e-cobra-con-el-ejercito\/\">lachachara.org<\/a><\/strong><\/em><\/h5>\n<p><img loading=\"lazy\" decoding=\"async\" class=\"alignleft wp-image-749\" src=\"https:\/\/contrastes.com.co\/digital\/wp-content\/uploads\/2020\/04\/d-capitular.png\" alt=\"d capitular\" width=\"73\" height=\"73\" srcset=\"https:\/\/contrastes.com.co\/digital\/wp-content\/uploads\/2020\/04\/d-capitular.png 100w, https:\/\/contrastes.com.co\/digital\/wp-content\/uploads\/2020\/04\/d-capitular-60x60.png 60w\" sizes=\"auto, (max-width: 73px) 100vw, 73px\" \/>\u2019Arcy Quinn, esposa de Alberto R\u00edos Velilla, es una connotada periodista colombo-estadounidense, hija de un reportero corresponsal en Bogot\u00e1 de un diario de Estados Unidos, que muri\u00f3 en un accidente de tr\u00e1nsito junto con su esposa colombiana Zulema Reyes el 21 de octubre de 1996 a las 2:30 de la madrugada en el puente de la calle 92 autopista norte con carrera 30. Por dicho percance el Consejo de Estado conden\u00f3 al Distrito de Bogot\u00e1, el IDU y Secretar\u00eda de Tr\u00e1nsito a indemnizar a D\u2019arcy y sus dos hermanos con $740 mil millones, luego de 134 accidentes en el mismo lugar.<\/p>\n<p>En varios videos enviados por Alberto Luna Barros y otros cibernautas se aprecian uniformados del Ej\u00e9rcito y\/o de la Polic\u00eda Nacional y hasta del propio Esmad, que llegan en los veh\u00edculos con los logotipos de Air-e, la empresa a la cual el Gobierno Nacional adjudic\u00f3 la concesi\u00f3n del servicio de energ\u00eda el\u00e9ctrica en Atl\u00e1ntico, La Guajira y Magdalena, con un mill\u00f3n doscientos mil usuarios.<\/p>\n<p>Es un suceso ins\u00f3lito: la Fuerza P\u00fablica, haciendo de cobradiario para el recaudo de las facturas de una empresa que ha empezado con el pie izquierdo a prestar este servicio en La Guajira. Magdalena y Atl\u00e1ntico. Un mill\u00f3n 200 mil usuarios. El asunto no fuera tan cuestionable si la empresa concesionaria \u2013cuyo principal accionista es el multimillonario antioque\u00f1o Alberto R\u00edos Velilla, esposo de la periodista D\u2019arcy Quinn\u2014, prestara un servicio eficiente.<\/p>\n<p>Lo grave es que los apagones se registran a diario sin previo aviso en todo el mapa poblacional de la concesi\u00f3n de Air-e. En algunas ocasiones repetidas la empresa anuncia \u2018apagones\u2019 prolongados en vastos sectores de Barranquilla o de las otras ciudades donde presta sus servicios, por \u2018mantenimiento\u2019, que ya los usuarios, que no son tan bobos como R\u00edos Velilla piensa, saben que son por \u201cracionamientos\u201d debido a que el ricach\u00f3n paisa no ha querido hacer las inversiones requeridas para poner en \u00f3ptimas condiciones las plantas generadoras, los transformadores y las l\u00edneas de conducci\u00f3n que, no hay que negarlo, han estado en p\u00e9simas condiciones luego de pasar de mano en mano de tr\u00e1nsfugas y corruptos concesionarios de todos los pelambres: colombianos, venezolanos, espa\u00f1oles que se llevaron hasta el cobre y dejaron el mort\u00edfero cable de aluminio.<\/p>\n<h3><strong>\u00bfY qui\u00e9n es el ricach\u00f3n marido de D\u2019arsy Quinn?<\/strong><\/h3>\n<p>Es el se\u00f1or Alberto R\u00edos Velilla, el mayor accionista de la empresa Air-e,\u00a0 gracias a la gabela que le facilit\u00f3 el gobierno de Iv\u00e1n Duque para comprarla por un precio irrisorio. A su vez D\u2019asy Quinn, su esposa es la reconocida periodista de la poderosa cadena Caracol tv, D\u2019arcy Quinn y amigo \u00edntimo y socio\u00a0 de Germ\u00e1n Vargas Lleras, a quien le financi\u00f3 su campa\u00f1a electoral a la presidencia. R\u00edos Velilla tambi\u00e9n es due\u00f1o de Enerpereira, adquiri\u00e9ndola en el 2009 despu\u00e9s de su privatizaci\u00f3n en sociedad con los Nule, lo mismo que de Enertolima. Tambi\u00e9n es due\u00f1o de Servigenerales y Aseo Capital con el que manej\u00f3 el negocio de las basuras en Bogot\u00e1. Servigenerales es socia de la empresa de Servicios P\u00fablicos de Armenia y de Aquaseo, que maneja los acueductos de Magangu\u00e9 y Tumaco. Con sus hermanos maneja la empresa Inversiones Alsacia, due\u00f1a de uno de los operadores de Transantiago, el transporte masivo de la capital chilena. Tambi\u00e9n Alsacia ha sido socia de Transmilenio y del Transporte Integrado Sipt de Bogot\u00e1.<\/p>\n<h3><strong>El mega contratista<\/strong><\/h3>\n<p><iframe loading=\"lazy\" style=\"border: none; overflow: hidden;\" src=\"https:\/\/www.facebook.com\/plugins\/video.php?height=476&amp;href=https%3A%2F%2Fwww.facebook.com%2Fguillo.pantoja.14%2Fvideos%2F4043568155739992%2F&amp;show_text=false&amp;width=256&amp;t=0\" width=\"256\" height=\"476\" frameborder=\"0\" scrolling=\"no\" allowfullscreen=\"allowfullscreen\"><\/iframe><\/p>\n<p>El medidor que est\u00e1 instalando Air-e es tan \u2018ladr\u00f3n\u2019, que a\u00fan sin estar funcionando la energ\u00eda en un hogar o sin estar siquiera conectado en \u2018genial\u2019 aparatico, sigue marcando.<\/p>\n<p>Pareciera un t\u00edtulo exagerado, pero lo sentimos as\u00ed cada vez que nos llega una factura de la empresa Air-e, pues quedamos sin respiraci\u00f3n y nos ahogamos en la impotencia de no poder hacer nada ante los abusos de esta firma que de manera oscura y poco transparente le compr\u00f3 al gobierno nacional el negocio de Electricaribe.<\/p>\n<p>Alberto R\u00edos Velilla, fue el cerebro de esta operaci\u00f3n. Es uno de los capitanes de ese sector industrial, cuyo arrollador \u00e9xito en los \u00faltimos 20 a\u00f1os se explica a partir de sus relaciones con los sucesivos gobiernos, incluida su amistad \u00edntima con Germ\u00e1n Vargas Lleras y la inclusi\u00f3n de su hermano Enrique como socio y directivo de sus empresas.<\/p>\n<p>Todo ello no estar\u00eda tan mal, si el megacontratista no hubiese llegado al extremo de aplicar m\u00e9todos siniestros de los prestamistas de pagadiario, o de los capos que recobran los dineros prestados quit\u00e1ndoles a la brava las propiedades de sus deudoras con los servicios de abogansters o mercenarios.<\/p>\n<p>El hecho de que Air-e ya est\u00e9 recurriendo, no a mercenarios, sino a la respetable Fuerza P\u00fablica del Estado Colombiano, es algo, adem\u00e1s de ins\u00f3lito, peligroso, por tratarse de una clara amenaza aprovech\u00e1ndose de una posici\u00f3n dominante.<\/p>\n<p>Con el agravante de que est\u00e1 haciendo lo que le viene en gana en materia de sustituci\u00f3n de los medidores o contadores del consumo de luz en su zona concesionada. Ingenieros y experto en el tema han comprobado hasta la saciedad que estos medidores son los llamados \u201ctramposos\u201d que vende una empresa corrupta que los f\u00e1brica para compradores de su misma condici\u00f3n. Dichos medidores tienen la gracia de que no \u2018descansan\u2019 jam\u00e1s. As\u00ed en el hogar no haya ning\u00fan artefacto prendido, ni siquiera una bombilla, ellos siguen marcando. Son tan b\u00e1rbaros, que en muchos horas los ingenieros particulares los han desprendido y desconectados de la corriente el\u00e9ctrica, y los muy sinverg\u00fcenzas sigue marcando a la velocidad de una mansi\u00f3n con aires acondiciones.<\/p>\n<h3><strong>Sus amiguetes c\u00f3mplices<\/strong><\/h3>\n<p><img loading=\"lazy\" decoding=\"async\" class=\"size-full wp-image-6624 aligncenter\" src=\"https:\/\/contrastes.com.co\/digital\/wp-content\/uploads\/2021\/07\/4-Cobras2-1024x576-1.jpg\" alt=\"aire cobra 3\" width=\"1024\" height=\"576\" srcset=\"https:\/\/contrastes.com.co\/digital\/wp-content\/uploads\/2021\/07\/4-Cobras2-1024x576-1.jpg 1024w, https:\/\/contrastes.com.co\/digital\/wp-content\/uploads\/2021\/07\/4-Cobras2-1024x576-1-300x169.jpg 300w, https:\/\/contrastes.com.co\/digital\/wp-content\/uploads\/2021\/07\/4-Cobras2-1024x576-1-768x432.jpg 768w\" sizes=\"auto, (max-width: 1024px) 100vw, 1024px\" \/><\/p>\n<p>Los usuarios no solo se quejan por los continuos apagones, sino porque las residencias llegan los cobradores de la luz acompa\u00f1ados de la Fuerza P\u00fablica.<\/p>\n<p>R\u00edos Velilla ha adquirido tanto poder gracias a sus buenas relaciones y audacia en los negocios, y, en especial, los \u2018generosos\u2019 aportes \u2013en efectivo y sin pasar por ning\u00fan control y sin car\u00e1cter reembolsable en dinero sino en \u2018favores\u2019\u2013, lo que le ha permitido acumular su cuantiosa fortuna. Al igual que otros personajes de similar talante, naci\u00f3 en Medell\u00edn. Y al igual que ellos su campo de acci\u00f3n fue el de los servicios p\u00fablicos concesionados, ya sea en el aseo, el agua, el transporte y sobre todo, el jugoso, por su descontrol y monopolizaci\u00f3n en Colombia, de la energ\u00eda el\u00e9ctrica.<\/p>\n<p>En un completo informe de un portal pereirano se indica que \u201ces tan, pero tan atractivo este mercado que la petrolera Ecopetrol acaba de plantear un cambio de rumbo en sus inversiones a futuro con la propuesta de compra \u2013aceptada al parecer por el gobierno- de la poderosa y apetecida empresa de interconexi\u00f3n el\u00e9ctrica ISA con presencia en diversos pa\u00edses.<\/p>\n<p>\u201cRetomemos las aguas de R\u00edos que salta a la palestra de empresario promisorio \u2013con los debidos reconocimientos en medios de comunicaci\u00f3n promovido por sus relacionistas p\u00fablicos- en sociedad con el c\u00e9lebre y tambi\u00e9n promisorio en esa \u00e9poca grupo Nule. Los movimientos se inician cuando el consorcio Empresa de Energ\u00eda del Combeima integrado por Aseo Capital, Enelar, \u201cServicios Integrales del Valle, empresas propiedad de Alberto R\u00edos Velilla y la EEP de Pereira hab\u00edan comprado las acciones de Enertolima pero despu\u00e9s, dice una nota de prensa de la oficina de comunicaciones del senador Jorge Robledo, \u201cen una movida sospechosa, la mitad de las acciones fueron compradas por el Grupo Nule, al cual el consorcio del Combeima (ya convertido en Empresa Capitalizadora del Tolima) hab\u00eda derrotado en la puja por Enertolima\u201d. Robledo calific\u00f3 de dudoso el m\u00e9todo por el cual la Empresa de Energ\u00eda de Pereira, sin estudios previos, conforma el consorcio del Combeima que despu\u00e9s pasar\u00eda a llamarse Capitalizadora del Tolima, para lo cual aport\u00f3 $3.700 millones de un cr\u00e9dito que le otorg\u00f3 Alberto R\u00edos Velilla.<\/p>\n<p>\u201cSobre los nexos del grupo Nule con Alberto R\u00edos Velilla, el 30 de octubre de 2019 la revista Semana puntualiza que \u201ccon un esquema similar al usado en la compra de Enertolima, nuevamente la dupla Nule\u2014R\u00edos le apunt\u00f3, en 2008, a otro de sus grandes negocios: la Empresa de Energ\u00eda de Pereira, una compra por $202.000 millones de pesos\u201d.<\/p>\n<p>\u201cOtra vez los Nule y R\u00edos en acci\u00f3n pujando por empresas de agua, aseo, gas y energ\u00eda. Sigamos con la revista Semana: \u201ccuando se hicieron al control de la compa\u00f1\u00eda, estos empresarios compraron de forma anticipada $107.000 millones de pesos en energ\u00eda a Enertolima. Tambi\u00e9n sacaron $38.000 millones de pesos de la caja de la empresa de Pereira y constituyeron un fondo de capital privado que prest\u00f3 la plata a diversas empresas de Nule y R\u00edos\u201d.<\/p>\n<p>\u201cUna maravilla como se ve. En algunas de estas operaciones no se movi\u00f3 un solo peso real. Solo acciones e intercambio temporal de ellas por motivos estrat\u00e9gicos. R\u00edos envi\u00f3 en consecuencia una extensa carta a esa revista desmintiendo cifras y algunas de las operaciones presentadas. En junio de 2009, ya la dupleta R\u00edos -Nule con el control total de las empresas de energ\u00eda del Tolima y Pereira se enfrentaban a todo tipo de suspicacias en Ibagu\u00e9 y Pereira con los nuevos propietarios del sector el\u00e9ctrico.<\/p>\n<p>\u201cLa m\u00e1quina de relaciones p\u00fablicas de los empresarios decidi\u00f3 incursionar con todos los hierros para amansar las elites molestas tolimenses y para ello acudi\u00f3 a la receta de rimbombantes francachelas en torno a eventos deportivos de alto nivel con la asistencia de personajes pol\u00edticos y de la far\u00e1ndula nacional con tanto empe\u00f1o al respecto que la revista Dinero, en su edici\u00f3n del 27 de marzo de 2011 dijo: \u201cEnertolima, la empresa de servicios p\u00fablicos de la cual eran due\u00f1os en m\u00e1s del 50%, junto con su socio, Alberto R\u00edos, conocido como uno de los zares de los servicios p\u00fablicos. En vuelos privados, los Nule transportaban hasta Ibagu\u00e9 a ilustres colombianos, a quienes atend\u00edan a cuerpo de rey en medio de estrafalarios gastos\u201d.<\/p>\n<p>\u201c Los invitados al rumb\u00f3n deportivo remataron la competici\u00f3n con una fiesta de clausura a todo timbal en el hotel Altamira que se prolong\u00f3 hasta las 5 de la ma\u00f1ana amenizada por 8 orquestas nacionales e internacionales. Impresionante demostraci\u00f3n de la bondad de los anfitriones y de la \u00edndole de sus buenas intenciones en el sector energ\u00e9tico.<\/p>\n<p>\u201cPero no todos se tragaron el cuento de cheveridad de R\u00edos y sus socios en Ibagu\u00e9. Seg\u00fan Hugo Neira, en el medio digital Ecos, (http:\/\/www.ecosdelcombeima.com\/ibague\/nota\u201434270\u2014de\u2014quien\u2014realmente\u2014enertolima) , la empresa de energ\u00eda de Pereira se compr\u00f3 fiada con un pr\u00e9stamo de la FEN (Financiera El\u00e9ctrica Nacional), destinado a infraestructura, pagado por Enertolima. Bajo esa perspectiva apareci\u00f3 el soporte a lo que era p\u00fablica murmuraci\u00f3n: esta entidad fue comprada presentando papeles sin nada a cambio.<\/p>\n<p>Seg\u00fan Neira en \u201cinforme financiero de 2011, el pago a la deuda a la FEN fue de $24.480 millones plata que se pierde para la infraestructura, pero s\u00ed la capitalizan los socios de EnerTolima, como se ve en el informe financiero de 2011, la inversi\u00f3n en infraestructura es una \u201cbicoca\u201d con lo que recaudan, pero cada vez que hacen una \u201cobra\u201d sacan \u201cpecho\u201d, realmente encontraron a los tolimenses prestos a o\u00edr mentiras. Los ingresos operacionales de EnerTolima en el a\u00f1o 2011 sumaron $463.017.459.320 y su inversi\u00f3n en infraestructura fue de $25.144 millones, casi igual a lo pagado a la FEN\u201d.<\/p>\n<p>\u201cVeamos entonces quienes estaban en ese momento (2011) en la Junta Directiva de Enertolima: Alfonso Vergel, principal; Jos\u00e9 Javier Castellanos, principal; Jos\u00e9 Hern\u00e1ndez, principal; Enrique Vargas Lleras, principal; Natalia R\u00edos, principal; Juan Fernando Munera, principal; Carlos Garc\u00eda, suplente; Hern\u00e1n Troncoso Lozano, suplente; Iv\u00e1n Vergel Hern\u00e1ndez, suplente; Carlos R\u00edos Velilla, suplente, y\u00a0 Luis Villegas, suplente. Aparecen all\u00ed socios y concesionarios de la criticada y fallida concesi\u00f3n autopista Bogot\u00e1 Girardot como Alfonso Vergel \u2013un ingeniero socio de la firma Vergel y Castellanos-, Castellanos su socio, Enrique Vargas Lleras y varios familiares de Alberto R\u00edos. La importancia de los nexos comerciales entre el grupo Nule y Vergel y Castellanos estriba en que ambos empresarios se encontraban involucrados en su portafolio de inversiones en el sector energ\u00e9tico a trav\u00e9s de Kapital Energy que a su vez ten\u00eda el control de Enertolima y Enepereira.<\/p>\n<p>\u201cSeg\u00fan indica Hugo Neira en su escrito \u201cDe qui\u00e9n es realmente Enertolima\u201d que \u201crumores y la vox populi han conocido que la participaci\u00f3n de Germ\u00e1n Vargas Lleras en este negocio fue fundamental, que es muy amigo de R\u00edos como \u00e9l reconoci\u00f3 y que se mont\u00f3 en un avi\u00f3n de los Nule en una de las francachelas que hac\u00eda EnerTolima para halagar pol\u00edticos, amigos, funcionarios p\u00fablicos que los vigilaba etc., en Ibagu\u00e9, con campeonatos de Golf y otras fiestas, adem\u00e1s reconoci\u00f3 que R\u00edos era un aportante importante a Cambio Radical\u201d.<\/p>\n<p>\u201cLo cierto es que con esta empresa R\u00edos acrecent\u00f3 su poder como empresario dispuesto a seguir apostando con el mismo m\u00e9todo en otras empresas de servicios tales como las compa\u00f1\u00edas de basuras Servigenerales y Aseo Capital (cuyas acciones vendi\u00f3 en 2012 pero recompr\u00f3 en 2014).\u00a0 Servigenerales es socio de Empresas P\u00fablicas de Armenia, EPA, y en la empresa Aquaseo, que es el operador del acueducto de Magangu\u00e9 y Tumaco. En Aseo Capital, de Bogot\u00e1, estuvo hasta el 2018, cuando la alcald\u00eda de Enrique Pe\u00f1alosa adjudic\u00f3 una nueva licitaci\u00f3n para la prestaci\u00f3n del servicio en la que la firma de R\u00edos no gan\u00f3. Esa empresa fue una de las propietarias del Cupic, la firma que hasta la alcald\u00eda de Gustavo Petro hizo la facturaci\u00f3n del aseo.<\/p>\n<p>\u201cV\u00ednculos absolutamente claros en diversas empresas del sector con cambios y salidas seg\u00fan las cambiantes circunstancias de la demanda y de los padrinazgos pol\u00edticos tanto, pero tanto que R\u00edos fue una de las voces disonantes en contra de la administraci\u00f3n en la alcald\u00eda de Bogot\u00e1 de Gustavo Petro cuando se neg\u00f3 a entregar los camiones recolectores de basura aduciendo que eran propiedad privada mientras su contraparte indicaba que ten\u00edan, en virtud de devolver la concesi\u00f3n, un car\u00e1cter p\u00fablico. Finalmente, un tribunal de arbitramento les dio la raz\u00f3n a los privados y el Consejo de Estado confirmar\u00eda la decisi\u00f3n.<\/p>\n<p>\u201cEl 2 de enero de 2014, Gustavo Petro se refiere en su cuenta de Facebook a Alberto R\u00edos, con quien tuvo una fuerte controversia cuando fue Alcalde a ra\u00edz del cambio de operadores del servicio de aseo en Bogot\u00e1: \u201cOtro miembro del oligopolio privado del aseo es Alberto R\u00edos, ligado a Cambio Radical y el uribismo, es el zar de las basuras. Alberto R\u00edos controla el negocio de las basuras en Magangu\u00e9, alcald\u00edas de \u201cLa Gata\u201d, C\u00f3rdoba, Sucre, tambi\u00e9n fue socio de los Nule, William V\u00e9lez fue socio de los Nule, en la 26\u201d.<\/p>\n<p>\u201cEn el portal web La Silla Vac\u00eda (17 agosto 2011), titula una informaci\u00f3n: \u201cLa misteriosa desaparici\u00f3n de los R\u00edos Velilla de Aseo Capital\u201d. Se\u00f1ala en su interior el periodista Juan Esteban Lewin que \u201cel Consorcio Aseo Capital perteneci\u00f3 hasta noviembre de 2010 a los hermanos Alberto y Javier R\u00edos Velilla. Estos dos empresarios no solo eran due\u00f1os de esta empresa sino tambi\u00e9n de empresas de transporte en Bogot\u00e1, Chile y Panam\u00e1, compa\u00f1\u00edas de aseo p\u00fablico en diferentes ciudades del pa\u00eds y empresas de generaci\u00f3n el\u00e9ctrica (\u2026) Los R\u00edos manejaban Aseo Capital a trav\u00e9s de dos empresas colombianas, Asear Serviequipos de Colombia y Equity Proyectos, que controlaban el 83 por ciento de las acciones de la compa\u00f1\u00eda. Otras tres empresas paname\u00f1as, Tiznow Finance Corp, Barnes Finance Trading Corp y Ramber Latinoam\u00e9rica, ten\u00edan el restante 17 por ciento\u201d.<\/p>\n<p>\u201cEl 6 de abril de 2016 el diario El Heraldo de Barranquilla titula \u201cCuatro nuevos colombianos figuran en los \u201cPapeles de Panam\u00e1\u201d.\u00a0 Entre los presentados como \u201cnuevos figurantes\u201d aparece el nombre de Alberto R\u00edos. Al interior de la noticia presenta una especie de escueto peque\u00f1o inventario (todav\u00eda R\u00edos no era muy conocido en la costa Caribe) de sus empresas Servigenerales, Aseo Capital, una empresa contratista de la Autoridad de Aseo Urbano y Domiciliario (AAUD) de Panam\u00e1 y la capacidad accionaria en Enerpereira y Enertolima.<\/p>\n<p>\u201cEl Heraldo cita al medio digital Connectas.org relacionado con las informaciones de los archivos del bufete Mossack-Fonseca a prop\u00f3sito de R\u00edos de \u201cser el cerebro de la negociaci\u00f3n cuando Enertolima qued\u00f3 en manos de un privado, se asoci\u00f3 con Kapital Energy, de la que hac\u00edan parte los primos Nule. Esta relaci\u00f3n hizo que la Supersociedades en alg\u00fan momento dijera que todo Enertolima era del cuestionado grupo. R\u00edos demostr\u00f3 que ni su empresa ni Enertolima eran del llamado grupo Nule\u201d. La empresa de R\u00edos es la Sociedad Canopy Consulting Limited fundada en enero de 1998 en las Islas V\u00edrgenes Brit\u00e1nicas y en julio de 2014 cambi\u00f3 de jurisdicci\u00f3n a B\u00e9lice.<\/p>\n<p>\u201cR\u00edos decidi\u00f3 vender la empresa EPSA, Electrificadora del Pacifico al grupo Celsia de Argos en el 2019 para efectos de entrar en el mercado de la costa en 2020 a trav\u00e9s de su empresa Enerpereira aliada con su fondo de inversi\u00f3n Latin American Capital, creando una empresa denominada Consorcio General de la Costa quedando con el mercado segmentado de los departamentos de Atl\u00e1ntico, Magdalena y Guajira en reemplazo de la liquidada Electricaribe.<\/p>\n<h3><strong>Los Nule quedan anulados<\/strong><\/h3>\n<p>El 11 de marzo de 2019 tras la compra de Enertolima por parte de Epsa surgieron reparos legales dados las condiciones inciertas de una parte importante de sus acciones (30%) que pertenec\u00edan al grupo Nule a cargo de la Sociedad de Activos Especiales, la famosa SAE.<\/p>\n<p>La \u201caclaraci\u00f3n\u201d de la operaci\u00f3n fue ingeniosa. Epsa (filial de Celsia) compra activos de Enertolima y esta venta se limita solo a las operaciones en el departamento en donde ejerce sus funciones sin afectar en lo m\u00e1s m\u00ednimo a la sociedad que sigue estando en control de la Empresa Capitalizadora del Tolima (de R\u00edos Velilla), la Sociedad de Activos Especiales y el Patrimonio aut\u00f3nomo Fideicomiso Fidubogot\u00e1 Enertolima.<\/p>\n<p>Al comprar Celsia activos y no acciones, dejan fuera de la negociaci\u00f3n a las acciones de los Nule que quedan como un respaldo simb\u00f3lico de un cascar\u00f3n que todo su interior pertenece a otra sociedad. Seg\u00fan el diario La Rep\u00fablica, tras consulta a Luis Guillermo V\u00e9lez, exsuperintendente de Industria y Comercio, \u201csi se hubieran vendido acciones, en la liquidaci\u00f3n deber\u00edan recibir 30% del valor obtenido por la venta. Cuando la liquidaci\u00f3n recibe ese dinero, se paga a los acreedores de los Nule\u201d. Ergo, si no hubo venta de acciones, nada se paga a los acreedores de ese grupo y lo peor, con la expectativa incierta que los activos operacionales de Enertolima se vendieron<\/p>\n<h3><strong>Desembarco en el Caribe<\/strong><\/h3>\n<p><img loading=\"lazy\" decoding=\"async\" class=\"size-full wp-image-6625 aligncenter\" src=\"https:\/\/contrastes.com.co\/digital\/wp-content\/uploads\/2021\/07\/5-Cobras1.jpg\" alt=\"aire cobra 4\" width=\"860\" height=\"484\" srcset=\"https:\/\/contrastes.com.co\/digital\/wp-content\/uploads\/2021\/07\/5-Cobras1.jpg 860w, https:\/\/contrastes.com.co\/digital\/wp-content\/uploads\/2021\/07\/5-Cobras1-300x169.jpg 300w, https:\/\/contrastes.com.co\/digital\/wp-content\/uploads\/2021\/07\/5-Cobras1-768x432.jpg 768w\" sizes=\"auto, (max-width: 860px) 100vw, 860px\" \/><\/p>\n<p>Las propuestas por las altas tarifas y los recibos de la luz por cifras astron\u00f3micas no se han hecho esperar, inclusive con protestas y quema de recibos en inmediaciones de la empresa en las ciudades donde presta el servicio.<\/p>\n<p>Los costos de la operaci\u00f3n de desembarco de Alberto R\u00edos Velilla y sus empresas en una parte de la regi\u00f3n Caribe son un verdadero misterio pues el gobierno, a trav\u00e9s de la Superintendencia de Servicios P\u00fablicos decidi\u00f3 resguardar con cl\u00e1usula de confidencialidad el negocio as\u00ed que no se conocen aspectos contractuales, obligaciones econ\u00f3micas y dem\u00e1s que debiera tener un proceso de estas caracter\u00edsticas con la debida transparencia administrativa pol\u00edtica.<\/p>\n<p>Al final a la antigua Electricaribe se le cambi\u00f3 el nombre por el et\u00e9reo y gaseoso de Air-e, los colores de los logos pasaron de un agresivo amarillo a un calmante azul y se echaron a andar las pautas publicitarias y la maquinar\u00eda de relaciones p\u00fablicas de la \u201cnueva\u201d empresa \u2013deber\u00eda, en aras de la exactitud, decirse del nuevo propietario-\u00a0 en las que prometen \u2013escoba nueva barre bien- un cambio sustancial en las relaciones de servicio con sus usuarios.<\/p>\n<p>L\u00e1stima que ese bello panorama colisione con la realidad de la historia empresarial de R\u00edos Velilla con sus jugadas audaces en torno a este tipo de negocios relacionados con los servicios p\u00fablicos del cual ya empiezan a conocerse sus intenciones en torno a control tarifario, mercado regulado desde salas de control \u2013tal como lo se\u00f1al\u00f3 un reciente art\u00edculo de Norman Alarc\u00f3n en Corrupci\u00f3n al D\u00eda\u2013 en donde se develan los planes reales de esta empresa en torno a un mercado deprimido econ\u00f3micamente al que se le cobra la energ\u00eda m\u00e1s cara del pa\u00eds. Un R\u00edos, pues, de aguas no muy transparentes.<\/p>\n","protected":false},"excerpt":{"rendered":"<p>En el portal La Chachara, el colega Rafael Sarmiento Coley hace un extenso an\u00e1lisis de la situaci\u00f3n del sector el\u00e9ctrico en la costa atl\u00e1ntica. Se trata de un trabajo period\u00edstico pormenorizado que no tiene desperdicio, por tanto, nos permitimos publicar el mismo integramente.\u00a0<\/p>\n","protected":false},"author":1,"featured_media":6622,"comment_status":"open","ping_status":"open","sticky":false,"template":"","format":"standard","meta":{"footnotes":""},"categories":[85,235,4,5,6],"tags":[1689,3820,2374,3821,3819,1947],"class_list":["post-6621","post","type-post","status-publish","format-standard","has-post-thumbnail","hentry","category-analisis","category-opinion","category-pais","category-politica","category-region","tag-air-e","tag-concesionarios","tag-energia-electrica","tag-lachachara-org","tag-rafael-sarmiento-coley","tag-servicios-publicos"],"_links":{"self":[{"href":"https:\/\/contrastes.com.co\/digital\/wp-json\/wp\/v2\/posts\/6621","targetHints":{"allow":["GET"]}}],"collection":[{"href":"https:\/\/contrastes.com.co\/digital\/wp-json\/wp\/v2\/posts"}],"about":[{"href":"https:\/\/contrastes.com.co\/digital\/wp-json\/wp\/v2\/types\/post"}],"author":[{"embeddable":true,"href":"https:\/\/contrastes.com.co\/digital\/wp-json\/wp\/v2\/users\/1"}],"replies":[{"embeddable":true,"href":"https:\/\/contrastes.com.co\/digital\/wp-json\/wp\/v2\/comments?post=6621"}],"version-history":[{"count":1,"href":"https:\/\/contrastes.com.co\/digital\/wp-json\/wp\/v2\/posts\/6621\/revisions"}],"predecessor-version":[{"id":6626,"href":"https:\/\/contrastes.com.co\/digital\/wp-json\/wp\/v2\/posts\/6621\/revisions\/6626"}],"wp:featuredmedia":[{"embeddable":true,"href":"https:\/\/contrastes.com.co\/digital\/wp-json\/wp\/v2\/media\/6622"}],"wp:attachment":[{"href":"https:\/\/contrastes.com.co\/digital\/wp-json\/wp\/v2\/media?parent=6621"}],"wp:term":[{"taxonomy":"category","embeddable":true,"href":"https:\/\/contrastes.com.co\/digital\/wp-json\/wp\/v2\/categories?post=6621"},{"taxonomy":"post_tag","embeddable":true,"href":"https:\/\/contrastes.com.co\/digital\/wp-json\/wp\/v2\/tags?post=6621"}],"curies":[{"name":"wp","href":"https:\/\/api.w.org\/{rel}","templated":true}]}}