{"id":6647,"date":"2021-07-18T12:27:11","date_gmt":"2021-07-18T17:27:11","guid":{"rendered":"https:\/\/contrastes.com.co\/digital\/?p=6647"},"modified":"2021-07-19T12:42:39","modified_gmt":"2021-07-19T17:42:39","slug":"transito-del-atlantico-inicia-proceso-de-seleccion-de-beneficiarios-a-los-cursos-de-conduccion-segura-2021","status":"publish","type":"post","link":"https:\/\/contrastes.com.co\/digital\/transito-del-atlantico-inicia-proceso-de-seleccion-de-beneficiarios-a-los-cursos-de-conduccion-segura-2021\/","title":{"rendered":"Tr\u00e1nsito del Atl\u00e1ntico inicia proceso de selecci\u00f3n de beneficiarios a los Cursos de Conducci\u00f3n Segura 2021"},"content":{"rendered":"<p><strong>Tras recibir 3.284 inscripciones, Tr\u00e1nsito del Atl\u00e1ntico inicia proceso de selecci\u00f3n de beneficiarios a los Cursos de Conducci\u00f3n Segura 2021<\/strong><\/p>\n<blockquote><p><strong>\u2022 1.000 ciudadanos podr\u00e1n formarse de manera gratuita y quedar\u00e1n habilitados para tramitar sus licencias de conducci\u00f3n de motocicleta.<\/strong><br \/>\n<strong>\u2022 La selecci\u00f3n de beneficiarios se har\u00e1 conforme a las bases estipuladas por el Tr\u00e1nsito del Atl\u00e1ntico, las cuales incluyen no tener comparendos de tr\u00e1nsito. <\/strong><br \/>\n<strong>\u2022 Los Cursos de Conducci\u00f3n Segura tienen el prop\u00f3sito de mejorar la seguridad vial del departamento y que m\u00e1s motociclistas conduzcan en legalidad.<\/strong><\/p><\/blockquote>\n<p><strong>Baranoa.-<\/strong> Luego de 7 d\u00edas de inscripciones, Tr\u00e1nsito del Atl\u00e1ntico cerr\u00f3 a la medianoche del domingo 4 de julio la convocatoria a ciudadanos para los Cursos de Conducci\u00f3n Segura 2021. La primera etapa de este programa dej\u00f3 como resultado un total de 3.284 solicitudes a los cursos, por parte de ciudadanos interesados en formarse y quedar habilitados para tramitar sus licencias de conducci\u00f3n.<\/p>\n<figure id=\"attachment_6649\" aria-describedby=\"caption-attachment-6649\" style=\"width: 1200px\" class=\"wp-caption aligncenter\"><img loading=\"lazy\" decoding=\"async\" class=\"wp-image-6649 size-full\" src=\"https:\/\/contrastes.com.co\/digital\/wp-content\/uploads\/2021\/07\/conduccion-segura-4.jpg\" alt=\"conduccion segura atlantico\" width=\"1200\" height=\"783\" srcset=\"https:\/\/contrastes.com.co\/digital\/wp-content\/uploads\/2021\/07\/conduccion-segura-4.jpg 1200w, https:\/\/contrastes.com.co\/digital\/wp-content\/uploads\/2021\/07\/conduccion-segura-4-300x196.jpg 300w, https:\/\/contrastes.com.co\/digital\/wp-content\/uploads\/2021\/07\/conduccion-segura-4-1024x668.jpg 1024w, https:\/\/contrastes.com.co\/digital\/wp-content\/uploads\/2021\/07\/conduccion-segura-4-768x501.jpg 768w\" sizes=\"auto, (max-width: 1200px) 100vw, 1200px\" \/><figcaption id=\"caption-attachment-6649\" class=\"wp-caption-text\">Para Javier Visbal Mart\u00ednez, subdirector Operativo del Tr\u00e1nsito del Atl\u00e1ntico, \u201cla convocatoria que lanzamos por la p\u00e1gina web del Tr\u00e1nsito no pudo dejar resultados m\u00e1s satisfactorios\u201d.<\/figcaption><\/figure>\n<p>Para <strong>Javier Visbal Mart\u00ednez, subdirector Operativo del Tr\u00e1nsito del Atl\u00e1ntico<\/strong>, \u201cla convocatoria que lanzamos por la p\u00e1gina web del Tr\u00e1nsito no pudo dejar resultados m\u00e1s satisfactorios\u201d. El funcionario expres\u00f3 que \u201cpara el Tr\u00e1nsito del Atl\u00e1ntico, como autoridad vial en el departamento, es muy grato ver que la ciudadan\u00eda no solo responde al llamado, sino que se interesa activamente en formarse para ser mejores actores viales y conducirse en la legalidad\u201d.<\/p>\n<p>Indic\u00f3 que la cifra de inscritos representa una buena muestra de los usuarios de motocicleta que a\u00fan no tienen licencia de conducci\u00f3n, por lo que se ratifica la importancia del <strong>programa de Cursos de Conducci\u00f3n Segura<\/strong>, el cual benefici\u00f3 a 1.000 motociclistas en 2020 y espera beneficiar al mismo n\u00famero en 2021, brind\u00e1ndoles el curso de conducci\u00f3n, el transporte a las academias de conducci\u00f3n y los ex\u00e1menes m\u00e9dicos, de manera gratuita.<\/p>\n<figure id=\"attachment_6651\" aria-describedby=\"caption-attachment-6651\" style=\"width: 1200px\" class=\"wp-caption aligncenter\"><img loading=\"lazy\" decoding=\"async\" class=\"wp-image-6651 size-full\" src=\"https:\/\/contrastes.com.co\/digital\/wp-content\/uploads\/2021\/07\/conduccion-segura-3.png\" alt=\"conduccion segura 3\" width=\"1200\" height=\"783\" srcset=\"https:\/\/contrastes.com.co\/digital\/wp-content\/uploads\/2021\/07\/conduccion-segura-3.png 1200w, https:\/\/contrastes.com.co\/digital\/wp-content\/uploads\/2021\/07\/conduccion-segura-3-300x196.png 300w, https:\/\/contrastes.com.co\/digital\/wp-content\/uploads\/2021\/07\/conduccion-segura-3-1024x668.png 1024w, https:\/\/contrastes.com.co\/digital\/wp-content\/uploads\/2021\/07\/conduccion-segura-3-768x501.png 768w\" sizes=\"auto, (max-width: 1200px) 100vw, 1200px\" \/><figcaption id=\"caption-attachment-6651\" class=\"wp-caption-text\">Los Cursos de Conducci\u00f3n Segura tienen el prop\u00f3sito de mejorar la seguridad vial del departamento y que m\u00e1s motociclistas conduzcan en legalidad.<\/figcaption><\/figure>\n<p>\u201cEl siguiente paso es la verificaci\u00f3n del cumplimiento de las condiciones establecidas para la realizaci\u00f3n de los cursos. Dentro de estas condiciones se encuentra el no tener comparendos, ser mayor de edad, saber leer y escribir, y tener la disposici\u00f3n de tiempo para poder asistir a las clases que corresponden a 43 horas, de las cuales son 28 te\u00f3ricas y 15 pr\u00e1cticas\u201d, explic\u00f3 Visbal Mart\u00ednez.<\/p>\n<p>As\u00ed mismo, el subdirector operativo del Tr\u00e1nsito del Atl\u00e1ntico destac\u00f3 que la selecci\u00f3n de los beneficiarios tambi\u00e9n se realizar\u00e1 teniendo en cuenta el n\u00famero de cupos asignados a cada uno de los 13 municipios que hacen parte de la segunda edici\u00f3n de este programa. Los municipios participantes son: Baranoa, Campo de la Cruz, Candelaria, Juan de Acosta, Luruaco, Manat\u00ed, Pioj\u00f3, Ponedera, Repel\u00f3n, Santa Luc\u00eda, Suan, Tubar\u00e1 y Usiacur\u00ed.<\/p>\n<p>\u201cA cada municipio se le asign\u00f3 un cupo que es proporcional a la poblaci\u00f3n habitante en cada uno de ellos. Teniendo esto en cuenta, antes de abrir la convocatoria le solicitamos a las alcald\u00edas la socializaci\u00f3n del programa en el municipio, y tambi\u00e9n que nos ayudaran a identificar personas cuyas condiciones requirieran que hicieran parte de los Cursos de Conducci\u00f3n Segura\u201d, agreg\u00f3.<\/p>\n<figure id=\"attachment_6650\" aria-describedby=\"caption-attachment-6650\" style=\"width: 1200px\" class=\"wp-caption aligncenter\"><img loading=\"lazy\" decoding=\"async\" class=\"wp-image-6650 size-full\" src=\"https:\/\/contrastes.com.co\/digital\/wp-content\/uploads\/2021\/07\/conduccion-segura-2.jpg\" alt=\"conduccion segura 2\" width=\"1200\" height=\"783\" srcset=\"https:\/\/contrastes.com.co\/digital\/wp-content\/uploads\/2021\/07\/conduccion-segura-2.jpg 1200w, https:\/\/contrastes.com.co\/digital\/wp-content\/uploads\/2021\/07\/conduccion-segura-2-300x196.jpg 300w, https:\/\/contrastes.com.co\/digital\/wp-content\/uploads\/2021\/07\/conduccion-segura-2-1024x668.jpg 1024w, https:\/\/contrastes.com.co\/digital\/wp-content\/uploads\/2021\/07\/conduccion-segura-2-768x501.jpg 768w\" sizes=\"auto, (max-width: 1200px) 100vw, 1200px\" \/><figcaption id=\"caption-attachment-6650\" class=\"wp-caption-text\">El siguiente paso es depurar las m\u00e1s de 3.000 solicitudes de inscripci\u00f3n para seleccionar a los beneficiarios que se espera que inicien sus cursos de conducci\u00f3n en agosto, en varios ciclos o grupos por municipios, hasta finalizar el a\u00f1o.<\/figcaption><\/figure>\n<p>Explic\u00f3 que el siguiente paso es depurar las m\u00e1s de 3.000 solicitudes de inscripci\u00f3n para seleccionar a los beneficiarios que se espera que inicien sus cursos de conducci\u00f3n en agosto, en varios ciclos o grupos por municipios, hasta finalizar el a\u00f1o.<\/p>\n<p>\u201cEs importante que los inscritos tengan presente que el \u00fanico medio de comunicaci\u00f3n oficial habilitado para los Cursos de Conducci\u00f3n Segura es el correo electr\u00f3nico registrado en el formulario de inscripci\u00f3n. Motivamos a las personas que est\u00e1n inscritas a estar muy pendientes a sus correos para futuras comunicaciones y la notificaci\u00f3n a los beneficiarios\u201d, a\u00f1adi\u00f3.<\/p>\n<p>Visbal Mart\u00ednez concluy\u00f3 invitando a los futuros beneficiarios a aprovechar estos cursos para actualizarse en materia de normativa para mejorar juntos la seguridad vial del departamento y, por supuesto, que puedan ahorrarse costos en el tr\u00e1mite de sus licencias y se conduzcan en la legalidad.<\/p>\n","protected":false},"excerpt":{"rendered":"<p>Luego de 7 d\u00edas de inscripciones, Tr\u00e1nsito del Atl\u00e1ntico cerr\u00f3 a la medianoche del domingo 4 de julio la convocatoria a ciudadanos para los Cursos de Conducci\u00f3n Segura 2021. La primera etapa de este programa dej\u00f3 como resultado un total de 3.284 solicitudes a los cursos, por parte de ciudadanos interesados en formarse y quedar habilitados para tramitar sus licencias de conducci\u00f3n.<\/p>\n","protected":false},"author":1,"featured_media":6648,"comment_status":"open","ping_status":"open","sticky":false,"template":"","format":"standard","meta":{"footnotes":""},"categories":[3834,6,1364],"tags":[3835,68,889,2020,624,3836],"class_list":["post-6647","post","type-post","status-publish","format-standard","has-post-thumbnail","hentry","category-cursos-y-capacitaciones","category-region","category-vias-y-movilidad","tag-cursos-de-conduccion-segura","tag-departamento-del-atlantico","tag-instituto-de-transito-del-atlantico","tag-javier-visbal-martinez","tag-motocicletas","tag-subdirector-operativo-del-transito-del-atlantico"],"_links":{"self":[{"href":"https:\/\/contrastes.com.co\/digital\/wp-json\/wp\/v2\/posts\/6647","targetHints":{"allow":["GET"]}}],"collection":[{"href":"https:\/\/contrastes.com.co\/digital\/wp-json\/wp\/v2\/posts"}],"about":[{"href":"https:\/\/contrastes.com.co\/digital\/wp-json\/wp\/v2\/types\/post"}],"author":[{"embeddable":true,"href":"https:\/\/contrastes.com.co\/digital\/wp-json\/wp\/v2\/users\/1"}],"replies":[{"embeddable":true,"href":"https:\/\/contrastes.com.co\/digital\/wp-json\/wp\/v2\/comments?post=6647"}],"version-history":[{"count":1,"href":"https:\/\/contrastes.com.co\/digital\/wp-json\/wp\/v2\/posts\/6647\/revisions"}],"predecessor-version":[{"id":6652,"href":"https:\/\/contrastes.com.co\/digital\/wp-json\/wp\/v2\/posts\/6647\/revisions\/6652"}],"wp:featuredmedia":[{"embeddable":true,"href":"https:\/\/contrastes.com.co\/digital\/wp-json\/wp\/v2\/media\/6648"}],"wp:attachment":[{"href":"https:\/\/contrastes.com.co\/digital\/wp-json\/wp\/v2\/media?parent=6647"}],"wp:term":[{"taxonomy":"category","embeddable":true,"href":"https:\/\/contrastes.com.co\/digital\/wp-json\/wp\/v2\/categories?post=6647"},{"taxonomy":"post_tag","embeddable":true,"href":"https:\/\/contrastes.com.co\/digital\/wp-json\/wp\/v2\/tags?post=6647"}],"curies":[{"name":"wp","href":"https:\/\/api.w.org\/{rel}","templated":true}]}}