{"id":6675,"date":"2021-07-21T23:01:14","date_gmt":"2021-07-22T04:01:14","guid":{"rendered":"https:\/\/contrastes.com.co\/digital\/?p=6675"},"modified":"2021-07-21T23:01:14","modified_gmt":"2021-07-22T04:01:14","slug":"en-el-atlantico-avanzamos-en-el-regreso-seguro-a-clases-elsa-noguera-desde-campo-de-la-cruz","status":"publish","type":"post","link":"https:\/\/contrastes.com.co\/digital\/en-el-atlantico-avanzamos-en-el-regreso-seguro-a-clases-elsa-noguera-desde-campo-de-la-cruz\/","title":{"rendered":"\u00abEn el Atl\u00e1ntico avanzamos en el regreso seguro a clases\u00bb: Elsa Noguera desde Campo de La Cruz"},"content":{"rendered":"<p><strong>\u00abEn el Atl\u00e1ntico avanzamos en el regreso seguro a clases\u00bb: Elsa Noguera<\/strong><\/p>\n<blockquote><p><strong>\u2022 La Gobernadora del Atl\u00e1ntico en compa\u00f1\u00eda de la ministra de Educaci\u00f3n, Mar\u00eda Victoria \u00c1ngulo, visitaron la IE P\u00e1nfilo Cantillo del municipio de Campo de la Cruz para verificar y acompa\u00f1ar el proceso de retorno a clases.<\/strong><\/p>\n<p><strong>\u2022 Durante su visita, compartieron con estudiantes, docentes y padres de familia de la instituci\u00f3n educativa, la cual retorn\u00f3 de manera segura y gradual a la presencialidad con un 50 por ciento del aforo y avanza progresivamente con las condiciones y garant\u00edas de bioseguridad.<\/strong><\/p>\n<p><strong>\u2022 La Ministra de Educaci\u00f3n felicit\u00f3 a la Gobernadora y al departamento del Atl\u00e1ntico por el trabajo organizado y articulado con la comunidad educativa para que el regreso a las aulas sea una realidad en el sector oficial.<\/strong><\/p><\/blockquote>\n<p><strong>Campo de la Cruz.-<\/strong> Para verificar y acompa\u00f1ar el proceso de regreso seguro a las clases en el departamento, <strong>la gobernadora, Elsa Noguera, y la ministra de Educaci\u00f3n, Mar\u00eda Victoria Angulo, visitaron la IE P\u00e1nfilo Cantillo Mendoza del municipio de Campo de la Cruz<\/strong> en el desarrollo de su jornada acad\u00e9mica.<\/p>\n<p>Durante la visita al establecimiento educativo, compartieron con estudiantes y docentes que regresaron de manera segura a la presencialidad, con un aforo del 50 por ciento y que avanza progresivamente a medida que se cumplan con las condiciones de bioseguridad. As\u00ed mismo, acompa\u00f1aron a los padres de familia en la formaci\u00f3n y sensibilizaci\u00f3n en la cultura del autocuidado, a trav\u00e9s de la Organizaci\u00f3n de Estados Iberoamericanos (OEI).<\/p>\n<p>\u201cEstamos en un recorrido por nuestras instituciones educativas oficiales para verificar que se est\u00e9n cumpliendo todos los protocolos de bioseguridad, porque tenemos que garantizar que el regreso a clases sea seguro. Hoy estamos contentos de escuchar a nuestros estudiantes, todos felices porque extra\u00f1aban a los amigos y profesores, pero sobre todo la interacci\u00f3n social, el compartir es parte de cualquier proceso de formaci\u00f3n. Por ello el retorno a clases de manera segura es para recuperar esa interacci\u00f3n social, pero tambi\u00e9n para mejorar la calidad educativa\u201d, destac\u00f3 la Gobernadora.<\/p>\n<p>La mandataria departamental agradeci\u00f3 el compromiso de toda la comunidad educativa para que el regreso a clases sea una realidad. \u201cClaramente la presencialidad nos da unas ventajas frente a la virtualidad y, en esta oportunidad, estamos muy agradecidos con los padres de familia, los profesores, con nuestros queridos rectores y los directivos docentes, porque gracias a ese gran trabajo en equipo hemos podido poco a poco regresar de manera segura a las instituciones educativas\u201d, puntualiz\u00f3 la mandataria.<\/p>\n<p>Por su parte, la Ministra de Educaci\u00f3n felicit\u00f3 al departamento del Atl\u00e1ntico por el trabajo organizado y articulado con la comunidad educativa, para que el retorno a las aulas sea una realidad en el sector oficial. \u201cEstamos en Campo de la Cruz demostrando que es posible retornar con todos los elementos del protocolo, pero adem\u00e1s con voluntad, con rigor, en una instituci\u00f3n muy comprometida, en la que rescato un trabajo muy detallado. Esperamos llegar esta semana al 62 por ciento y seguir avanzando la semana siguiente, con un proyecto adem\u00e1s que tiene la Gobernaci\u00f3n que mejora condiciones en temas de provisi\u00f3n de agua y adecuaciones, que se vuelve una oportunidad para el sector educativo\u201d, se\u00f1al\u00f3 la jefe de la cartera educativa del pa\u00eds.<\/p>\n<p>La funcionaria envi\u00f3 adem\u00e1s un mensaje de agradecimiento a los padres de familia. \u00abHoy la jornada no solo fue la visita con estudiantes y maestros, que tiene una respuesta muy positiva, sino tambi\u00e9n con los padres de familia, quienes ser\u00e1n los mejores representantes de este retorno en el territorio atlanticense, conociendo los protocolos, han hecho un trabajo de mucha entrega a los ni\u00f1os y a las ni\u00f1as y ahora son ellos vitales para este regreso. La confianza se basa en integrar todos los elementos y rescato un componente de este retorno, el acad\u00e9mico. En todos los territorios estamos dando inicio a la jornada, pero no olvidemos algo que ya Atl\u00e1ntico tiene muy claro y son los temas de innovaci\u00f3n de los maestros, de aceleraci\u00f3n del aprendizaje. Ah\u00ed logra combinar el Atl\u00e1ntico las dos prioridades de este a\u00f1o: retorno seguro y aceleraci\u00f3n del aprendizaje\u201d, concluy\u00f3 la Ministra.<\/p>\n<p>En el recorrido por la instituci\u00f3n educativa tambi\u00e9n fue presentada y socializada la estrategia \u2018Maestro Innovador del Siglo XXI\u2019, una iniciativa de la <strong>Secretar\u00eda de Educaci\u00f3n Departamental<\/strong> que busca apropiar a docentes y directivos docentes de una completa alfabetizaci\u00f3n digital, como solucionadores de retos pedag\u00f3gicos y l\u00edderes de innovaci\u00f3n en el contexto subregional.<\/p>\n<p>El Atl\u00e1ntico avanza en el proceso de regreso seguro a las aulas con 44 instituciones educativas oficiales que retornaron a la presencialidad, cumpliendo con las condiciones y los protocolos de bioseguridad.<\/p>\n<p>Con una inversi\u00f3n de 20 mil millones de pesos y 37 frentes de trabajo, la administraci\u00f3n departamental adelanta obras de mejoramiento de infraestructura sanitaria y complementarias en las sedes educativas del departamento.<\/p>\n","protected":false},"excerpt":{"rendered":"<p>Para verificar y acompa\u00f1ar el proceso de regreso seguro a las clases en el departamento, la gobernadora, Elsa Noguera, y la ministra de Educaci\u00f3n, Mar\u00eda Victoria Angulo, visitaron la IE P\u00e1nfilo Cantillo Mendoza del municipio de Campo de la Cruz en el desarrollo de su jornada acad\u00e9mica.<\/p>\n","protected":false},"author":1,"featured_media":6676,"comment_status":"open","ping_status":"open","sticky":false,"template":"","format":"standard","meta":{"footnotes":""},"categories":[70,163,6],"tags":[2088,31,30,3849,189,185,811,3848,1105],"class_list":["post-6675","post","type-post","status-publish","format-standard","has-post-thumbnail","hentry","category-coronavirus","category-educacion","category-region","tag-catalina-ucros-gomez","tag-elsa-noguera","tag-gobernacion-del-atlantico","tag-ie-panfilo-cantillo-mendoza","tag-maria-victoria-angulo","tag-ministra-de-educacion","tag-municipio-de-campo-de-la-cruz","tag-regreso-seguro-a-clases","tag-secretaria-de-educacion-departamental"],"_links":{"self":[{"href":"https:\/\/contrastes.com.co\/digital\/wp-json\/wp\/v2\/posts\/6675","targetHints":{"allow":["GET"]}}],"collection":[{"href":"https:\/\/contrastes.com.co\/digital\/wp-json\/wp\/v2\/posts"}],"about":[{"href":"https:\/\/contrastes.com.co\/digital\/wp-json\/wp\/v2\/types\/post"}],"author":[{"embeddable":true,"href":"https:\/\/contrastes.com.co\/digital\/wp-json\/wp\/v2\/users\/1"}],"replies":[{"embeddable":true,"href":"https:\/\/contrastes.com.co\/digital\/wp-json\/wp\/v2\/comments?post=6675"}],"version-history":[{"count":1,"href":"https:\/\/contrastes.com.co\/digital\/wp-json\/wp\/v2\/posts\/6675\/revisions"}],"predecessor-version":[{"id":6677,"href":"https:\/\/contrastes.com.co\/digital\/wp-json\/wp\/v2\/posts\/6675\/revisions\/6677"}],"wp:featuredmedia":[{"embeddable":true,"href":"https:\/\/contrastes.com.co\/digital\/wp-json\/wp\/v2\/media\/6676"}],"wp:attachment":[{"href":"https:\/\/contrastes.com.co\/digital\/wp-json\/wp\/v2\/media?parent=6675"}],"wp:term":[{"taxonomy":"category","embeddable":true,"href":"https:\/\/contrastes.com.co\/digital\/wp-json\/wp\/v2\/categories?post=6675"},{"taxonomy":"post_tag","embeddable":true,"href":"https:\/\/contrastes.com.co\/digital\/wp-json\/wp\/v2\/tags?post=6675"}],"curies":[{"name":"wp","href":"https:\/\/api.w.org\/{rel}","templated":true}]}}