{"id":6698,"date":"2021-07-22T18:32:30","date_gmt":"2021-07-22T23:32:30","guid":{"rendered":"https:\/\/contrastes.com.co\/digital\/?p=6698"},"modified":"2021-07-30T14:53:38","modified_gmt":"2021-07-30T19:53:38","slug":"6698-2","status":"publish","type":"post","link":"https:\/\/contrastes.com.co\/digital\/6698-2\/","title":{"rendered":"En Santa Luc\u00eda, m\u00e1s de 1.300 personas se vacunaron en el primer d\u00eda de unificaci\u00f3n de la vacunaci\u00f3n contra el Covid-19"},"content":{"rendered":"<p><strong>En Santa Luc\u00eda, m\u00e1s de 1.300 personas se vacunaron en el primer d\u00eda de unificaci\u00f3n de la vacunaci\u00f3n contra el Covid-19<\/strong><\/p>\n<blockquote><p><strong>* Hasta el momento, Pioj\u00f3, Suan, Usiacur\u00ed y Santa Luc\u00eda adelantan vacunaci\u00f3n masiva, en el marco del proceso de unificaci\u00f3n del plan de vacunaci\u00f3n contra el Coronavirus.<\/strong><\/p>\n<p><strong>* En Suan, el 72 por ciento de la poblaci\u00f3n ya est\u00e1 vacunada contra el Covid-19.<\/strong><\/p>\n<p><strong>* Atl\u00e1ntico se prepara para la &#8216;Vacunat\u00f3n&#8217; de mujeres embarazadas, jornada que se desarrollar\u00e1 los d\u00edas 23, 24 y 25 de julio.<\/strong><\/p><\/blockquote>\n<p><strong>Santa Luc\u00eda.-<\/strong> 1.391 personas se vacunaron en el primer d\u00eda de la unificaci\u00f3n de fases y etapas del plan de vacunaci\u00f3n contra el Covid-19 en Santa Luc\u00eda. La secretaria de Salud del Atl\u00e1ntico, Alma Solano, explic\u00f3 que para llevar a cabo este proceso de manera r\u00e1pida y con f\u00e1cil acceso a la poblaci\u00f3n, el municipio dispone de dos puntos masivos en la cabecera y uno en el corregimiento de Algodonal.<\/p>\n<p>\u00abNuestra meta es que antes de finalizar el mes est\u00e9 vacunado el 70 por ciento de la poblaci\u00f3n mayor de 12 a\u00f1os del municipio de Santa Luc\u00eda. Estamos optimistas de poder lograrlo, teniendo en cuenta que en el primer d\u00eda de la unificaci\u00f3n de la vacunaci\u00f3nm\u00e1s de 1.300 personas acudieron al llamado masivamente\u00bb, indic\u00f3 la Secretaria.<\/p>\n<p>Al corte del 21 de julio, en Santa Luc\u00eda se han aplicado 5.218 primeras dosis, lo que representa un avance del 41 por ciento; y 3.283 personas ya completaron sus dosis, logrando un avance del 26 por ciento.<\/p>\n<p>De otro lado, el municipio de Suan en la primera semana de haber iniciado el proceso de unificaci\u00f3n de fases y etapas del plan de vacunaci\u00f3n alcanz\u00f3 el 72 por ciento de su poblaci\u00f3n vacunada. Al corte del 21 de julio, 7.096 personas ya cuentan con su primera dosis contra el Coronavirus y 4.817 tienen su esquema completo.<\/p>\n<p>\u00abNos complace informar que en Suan m\u00e1s del 72 por ciento de su poblaci\u00f3n ya est\u00e1 vacunada. La respuesta de la gente ha sido positiva y han acudido a los puntos dispuestos en el municipio para aplicarse su vacuna, porque reconocen la importancia de estar inmunizados. La invitaci\u00f3n sigue abierta para esa poblaci\u00f3n que a\u00fan est\u00e1 pendiente de vacunarse. Recordemos que nuestros adultos mayores hacen parte de la poblaci\u00f3n con mayor riesgo de complicarse y necesitamos que est\u00e9n protegidos\u00bb, sostuvo la funcionaria.<\/p>\n<p>En el Atl\u00e1ntico se han aplicado 449.451 vacunas contra el Covid-19, de esta cifra 174.951 corresponden a segundas dosis.<\/p>\n<p>Asimismo, el departamento avanza en los preparativos para el desarrollo de la &#8216;Vacunat\u00f3n&#8217; nacional, este 23, 24 y 25 de julio, que estar\u00e1 dirigido a las mujeres embarazadas a partir de la semana 12 de gestaci\u00f3n y hasta el d\u00eda 40 del postparto.<\/p>\n","protected":false},"excerpt":{"rendered":"<p>1.391 personas se vacunaron en el primer d\u00eda de la unificaci\u00f3n de fases y etapas del plan de vacunaci\u00f3n contra el Covid-19 en Santa Luc\u00eda. La secretaria de Salud del Atl\u00e1ntico, Alma Solano, explic\u00f3 que para llevar a cabo este proceso de manera r\u00e1pida y con f\u00e1cil acceso a la poblaci\u00f3n, el municipio dispone de dos puntos masivos en la cabecera y uno en el corregimiento de Algodonal.<\/p>\n","protected":false},"author":1,"featured_media":6699,"comment_status":"open","ping_status":"open","sticky":false,"template":"","format":"standard","meta":{"footnotes":""},"categories":[70,6,268],"tags":[30,556,818,499,1817,3863,2583,3864],"class_list":["post-6698","post","type-post","status-publish","format-standard","has-post-thumbnail","hentry","category-coronavirus","category-region","category-salud","tag-gobernacion-del-atlantico","tag-municipio-de-piojo","tag-municipio-de-suan","tag-municipio-de-usiacuri","tag-santa-lucia","tag-unificacion-vacunacion","tag-vacunacion-covid-19","tag-vacunaton"],"_links":{"self":[{"href":"https:\/\/contrastes.com.co\/digital\/wp-json\/wp\/v2\/posts\/6698","targetHints":{"allow":["GET"]}}],"collection":[{"href":"https:\/\/contrastes.com.co\/digital\/wp-json\/wp\/v2\/posts"}],"about":[{"href":"https:\/\/contrastes.com.co\/digital\/wp-json\/wp\/v2\/types\/post"}],"author":[{"embeddable":true,"href":"https:\/\/contrastes.com.co\/digital\/wp-json\/wp\/v2\/users\/1"}],"replies":[{"embeddable":true,"href":"https:\/\/contrastes.com.co\/digital\/wp-json\/wp\/v2\/comments?post=6698"}],"version-history":[{"count":2,"href":"https:\/\/contrastes.com.co\/digital\/wp-json\/wp\/v2\/posts\/6698\/revisions"}],"predecessor-version":[{"id":6771,"href":"https:\/\/contrastes.com.co\/digital\/wp-json\/wp\/v2\/posts\/6698\/revisions\/6771"}],"wp:featuredmedia":[{"embeddable":true,"href":"https:\/\/contrastes.com.co\/digital\/wp-json\/wp\/v2\/media\/6699"}],"wp:attachment":[{"href":"https:\/\/contrastes.com.co\/digital\/wp-json\/wp\/v2\/media?parent=6698"}],"wp:term":[{"taxonomy":"category","embeddable":true,"href":"https:\/\/contrastes.com.co\/digital\/wp-json\/wp\/v2\/categories?post=6698"},{"taxonomy":"post_tag","embeddable":true,"href":"https:\/\/contrastes.com.co\/digital\/wp-json\/wp\/v2\/tags?post=6698"}],"curies":[{"name":"wp","href":"https:\/\/api.w.org\/{rel}","templated":true}]}}