{"id":6704,"date":"2021-07-23T12:40:36","date_gmt":"2021-07-23T17:40:36","guid":{"rendered":"https:\/\/contrastes.com.co\/digital\/?p=6704"},"modified":"2021-07-23T15:51:40","modified_gmt":"2021-07-23T20:51:40","slug":"en-el-parque-la-puntica-la-comunidad-ya-disfruta-de-la-oferta-de-indeportes-atlantico","status":"publish","type":"post","link":"https:\/\/contrastes.com.co\/digital\/en-el-parque-la-puntica-la-comunidad-ya-disfruta-de-la-oferta-de-indeportes-atlantico\/","title":{"rendered":"En el parque La Puntica, la comunidad ya disfruta de la oferta de Indeportes Atl\u00e1ntico"},"content":{"rendered":"<p><strong>En el parque La Puntica, la comunidad ya disfruta de la oferta de Indeportes Atl\u00e1ntico<\/strong><\/p>\n<blockquote><p><strong>* La primera actividad que se vivi\u00f3 este viernes fue una Rumbaterapia, desde las 7:00 a.m. con ni\u00f1os, j\u00f3venes y adultos.<\/strong><\/p>\n<p><strong>* Deporte social-comunitario y recreaci\u00f3n para los m\u00e1s peque\u00f1os completan la jornada programada para hoy.<\/strong><\/p><\/blockquote>\n<p><strong>Luruaco.-<\/strong>\u00a0Como estaba previsto, los habitantes de la vereda La Puntica, en Luruaco, comenzaron a disfrutar de la variada oferta en materia de recreaci\u00f3n, deportes y entretenimiento que Indeportes Atl\u00e1ntico lleva al parque inaugurado ayer por la gobernadora, Elsa Noguera.<\/p>\n<p>\u00abDesde temprano, nuestros monitores de Indeportes Atl\u00e1ntico se tomaron el parque La Puntica, que inauguramos ayer en Luruaco, integrando a la comunidad con rumbaterapia. Este es el inicio de muchas actividades que les llevaremos, porque con Parques para la Gente construimos infraestructura con prop\u00f3sito\u00bb, dijo la mandataria departamental.<\/p>\n<p>Los monitores del Instituto, Kaleth Rodr\u00edguez y Zully Su\u00e1rez, iniciaron desde las 7:00 a.m. junto a la comunidad la jornada de actividad f\u00edsica con mucha energ\u00eda, rumbaterapia y aer\u00f3bicos, en este nuevo escenario recreodeportivo.<\/p>\n<p>\u201cYa iniciamos esta ma\u00f1ana, como estaba dise\u00f1ado, los programas de Indeportes en el parque La Puntica. Esperamos que la comunidad de esta vereda los disfrute y aproveche toda la capacidad y el conocimiento de nuestros monitores y formadores\u00bb, se\u00f1al\u00f3 el director de Indeportes, Armando Segovia, quien agreg\u00f3 que este modelo se replicar\u00e1 en todos los parques que sean inaugurados en el departamento.<\/p>\n<h3><strong>La programaci\u00f3n semanal preparada por Indeportes en el parque La Puntica es la siguiente:<\/strong><\/h3>\n<p><strong>Actividad F\u00edsica: lunes, mi\u00e9rcoles y viernes de 7:00 a 8:00 a.m., en la zona multiprop\u00f3sito y biosaludable.<\/strong><\/p>\n<p><strong>Recreaci\u00f3n dirigida al grupo infancia: martes y jueves de 4:00 a 6:00 p.m. en la zona de juegos infantiles.<\/strong><\/p>\n<p><strong>Deportes social-comunitarios: martes y jueves de 4:00 a 5:00 p.m. en la zona multipr\u00f3sito del parque.<\/strong><\/p>\n","protected":false},"excerpt":{"rendered":"<p>Como estaba previsto, los habitantes de la vereda La Puntica, en Luruaco, comenzaron a disfrutar de la variada oferta en materia de recreaci\u00f3n, deportes y entretenimiento que Indeportes Atl\u00e1ntico lleva al parque inaugurado ayer por la gobernadora, Elsa Noguera.<\/p>\n","protected":false},"author":1,"featured_media":6705,"comment_status":"open","ping_status":"open","sticky":false,"template":"","format":"standard","meta":{"footnotes":""},"categories":[8,896,6],"tags":[1191,30,284,766,3867,3866],"class_list":["post-6704","post","type-post","status-publish","format-standard","has-post-thumbnail","hentry","category-deportes","category-infraestructura","category-region","tag-armando-segovia","tag-gobernacion-del-atlantico","tag-indeportes-atlantico","tag-municipio-de-luruaco","tag-rumbaterapia","tag-vereda-la-puntica"],"_links":{"self":[{"href":"https:\/\/contrastes.com.co\/digital\/wp-json\/wp\/v2\/posts\/6704","targetHints":{"allow":["GET"]}}],"collection":[{"href":"https:\/\/contrastes.com.co\/digital\/wp-json\/wp\/v2\/posts"}],"about":[{"href":"https:\/\/contrastes.com.co\/digital\/wp-json\/wp\/v2\/types\/post"}],"author":[{"embeddable":true,"href":"https:\/\/contrastes.com.co\/digital\/wp-json\/wp\/v2\/users\/1"}],"replies":[{"embeddable":true,"href":"https:\/\/contrastes.com.co\/digital\/wp-json\/wp\/v2\/comments?post=6704"}],"version-history":[{"count":1,"href":"https:\/\/contrastes.com.co\/digital\/wp-json\/wp\/v2\/posts\/6704\/revisions"}],"predecessor-version":[{"id":6706,"href":"https:\/\/contrastes.com.co\/digital\/wp-json\/wp\/v2\/posts\/6704\/revisions\/6706"}],"wp:featuredmedia":[{"embeddable":true,"href":"https:\/\/contrastes.com.co\/digital\/wp-json\/wp\/v2\/media\/6705"}],"wp:attachment":[{"href":"https:\/\/contrastes.com.co\/digital\/wp-json\/wp\/v2\/media?parent=6704"}],"wp:term":[{"taxonomy":"category","embeddable":true,"href":"https:\/\/contrastes.com.co\/digital\/wp-json\/wp\/v2\/categories?post=6704"},{"taxonomy":"post_tag","embeddable":true,"href":"https:\/\/contrastes.com.co\/digital\/wp-json\/wp\/v2\/tags?post=6704"}],"curies":[{"name":"wp","href":"https:\/\/api.w.org\/{rel}","templated":true}]}}