{"id":6824,"date":"2021-08-04T15:15:23","date_gmt":"2021-08-04T20:15:23","guid":{"rendered":"https:\/\/contrastes.com.co\/digital\/?p=6824"},"modified":"2021-08-04T15:15:23","modified_gmt":"2021-08-04T20:15:23","slug":"malambo-sera-la-proxima-parada-de-la-ruta-del-girasol-atlanticense","status":"publish","type":"post","link":"https:\/\/contrastes.com.co\/digital\/malambo-sera-la-proxima-parada-de-la-ruta-del-girasol-atlanticense\/","title":{"rendered":"Malambo ser\u00e1 la pr\u00f3xima parada de \u2018La Ruta del Girasol\u2019 atlanticense"},"content":{"rendered":"<p><strong>El municipio de Malambo ser\u00e1 la pr\u00f3xima parada de \u2018La Ruta del Girasol\u2019 atlanticense.<\/strong><\/p>\n<blockquote><p><strong>\u25cf Del 14 al 28 de agosto \u201cLa Ruta del Girasol\u201d se hace presente en Malambo con la siembra de cinco hect\u00e1reas para el florecimiento de aproximadamente 250 mil \u00a0girasoles.<\/strong><br \/>\n<strong>\u25cf El cultivo en Pital de Megua se acerca al cumplimiento de su ciclo natural y ha permitido que cerca de 9 mil visitantes se acerquen para vivir la experiencia de la Ruta y maravillarse con el campo de 15 mil girasoles.<\/strong><br \/>\n<strong>\u25cf Los cultivos tienen ciclos que permiten que entre el d\u00eda 45 y 60 se pueda apreciar en su m\u00e1ximo esplendor la flor y luego de ello viene el proceso productivo.<\/strong><\/p><\/blockquote>\n<p><strong>Barranquilla.-<\/strong> La Gobernaci\u00f3n del Atl\u00e1ntico sigue impulsando \u201cLa Ruta del Girasol\u201d cuya pr\u00f3xima parada ser\u00e1 Malambo del 14 al 28 de agosto. Ser\u00e1n cinco hect\u00e1reas cultivadas que permitir\u00e1n que cerca de 250 mil girasoles sean el atractivo para visitar y recorrer durante los 15 d\u00edas en los que el cultivo estar\u00e1 florecido.<\/p>\n<p>En Pendales y Pital de Megua se tuvieron cerca de 16 mil visitantes durante las semanas en las que los cultivos estuvieron habilitados, logrando ingresos superiores a los 75 millones de pesos y 200 empleos directos.<\/p>\n<p>Para el <strong>Gobernador (e) del departamento del Atl\u00e1ntico, Miguel Vergara<\/strong>, \u201ceste tipo de iniciativas no solo brindan una nueva posibilidad de ingreso a los campesinos, sino que fortalece la econom\u00eda de la zona, ya que atrae a turistas y locales a recorrer los cultivos de girasoles\u201d.<\/p>\n<p>Tambi\u00e9n resalt\u00f3 que el programa se apalanca del proyecto Semillas de Vida, que este a\u00f1o incluye dentro de los kits la siembra de semillas de girasol.<\/p>\n<p>En Malambo la Finca Buenos Aires ser\u00e1 el lugar que recibir\u00e1 a todos los atlanticenses y turistas que se quieran sumar a esta iniciativa de recorrer los campos amarillos que embellecen al departamento, los visitantes tambi\u00e9n podr\u00e1n disfrutar de experiencias gastron\u00f3micas, muestra artesanal, senderismo y recreaci\u00f3n infantil.<\/p>\n<p>En esta oportunidad a trav\u00e9s de la <strong>Fundaci\u00f3n Mosaico Urbano<\/strong> participar\u00e1n alrededor de 100 j\u00f3venes en situaci\u00f3n de riesgo de pobreza de sectores suburbanos del municipio que tendr\u00e1n en los cultivos una fuente de empleo.<\/p>\n<p>La producci\u00f3n de girasoles tiene dos finalidades: la producci\u00f3n de alimento y el ecoturismo, que inicia a los 45 d\u00edas de sembrado cuando aparecen los botones florales, hasta el d\u00eda 60 que empieza el proceso productivo del grano. Es por ello que para poder visitar y recorrer los cultivos, \u00a0los visitantes cuentan con el tiempo establecido en el calendario de la Ruta para poder apreciar la floraci\u00f3n activa.<\/p>\n<p>Luego de Malambo la ruta sigue en: del 1\u00b0 al 10 de octubre en Suan; del 16 al 23 de octubre en Juan de Acosta; del 30 de octubre al 7 de noviembre en Ponedera.; del 13 al 21 de noviembre en Candelaria y del 27 de noviembre al 5 de diciembre en Usiacur\u00ed.<\/p>\n","protected":false},"excerpt":{"rendered":"<p>La Gobernaci\u00f3n del Atl\u00e1ntico sigue impulsando \u201cLa Ruta del Girasol\u201d cuya pr\u00f3xima parada ser\u00e1 Malambo del 14 al 28 de agosto. Ser\u00e1n cinco hect\u00e1reas cultivadas que permitir\u00e1n que cerca de 250 mil girasoles sean el atractivo para visitar y recorrer durante los 15 d\u00edas en los que el cultivo estar\u00e1 florecido.<\/p>\n","protected":false},"author":1,"featured_media":6825,"comment_status":"open","ping_status":"open","sticky":false,"template":"","format":"standard","meta":{"footnotes":""},"categories":[1012,6,964],"tags":[3931,30,3932,939,613,3930],"class_list":["post-6824","post","type-post","status-publish","format-standard","has-post-thumbnail","hentry","category-agro","category-region","category-turismo","tag-fundacion-mosaico-urbano","tag-gobernacion-del-atlantico","tag-gobernador-e-del-departamento-del-atlantico","tag-miguel-vergara","tag-municipio-de-malambo","tag-ruta-del-girasol"],"_links":{"self":[{"href":"https:\/\/contrastes.com.co\/digital\/wp-json\/wp\/v2\/posts\/6824","targetHints":{"allow":["GET"]}}],"collection":[{"href":"https:\/\/contrastes.com.co\/digital\/wp-json\/wp\/v2\/posts"}],"about":[{"href":"https:\/\/contrastes.com.co\/digital\/wp-json\/wp\/v2\/types\/post"}],"author":[{"embeddable":true,"href":"https:\/\/contrastes.com.co\/digital\/wp-json\/wp\/v2\/users\/1"}],"replies":[{"embeddable":true,"href":"https:\/\/contrastes.com.co\/digital\/wp-json\/wp\/v2\/comments?post=6824"}],"version-history":[{"count":1,"href":"https:\/\/contrastes.com.co\/digital\/wp-json\/wp\/v2\/posts\/6824\/revisions"}],"predecessor-version":[{"id":6826,"href":"https:\/\/contrastes.com.co\/digital\/wp-json\/wp\/v2\/posts\/6824\/revisions\/6826"}],"wp:featuredmedia":[{"embeddable":true,"href":"https:\/\/contrastes.com.co\/digital\/wp-json\/wp\/v2\/media\/6825"}],"wp:attachment":[{"href":"https:\/\/contrastes.com.co\/digital\/wp-json\/wp\/v2\/media?parent=6824"}],"wp:term":[{"taxonomy":"category","embeddable":true,"href":"https:\/\/contrastes.com.co\/digital\/wp-json\/wp\/v2\/categories?post=6824"},{"taxonomy":"post_tag","embeddable":true,"href":"https:\/\/contrastes.com.co\/digital\/wp-json\/wp\/v2\/tags?post=6824"}],"curies":[{"name":"wp","href":"https:\/\/api.w.org\/{rel}","templated":true}]}}