{"id":6827,"date":"2021-08-04T15:34:06","date_gmt":"2021-08-04T20:34:06","guid":{"rendered":"https:\/\/contrastes.com.co\/digital\/?p=6827"},"modified":"2021-08-04T15:34:06","modified_gmt":"2021-08-04T20:34:06","slug":"se-prenden-los-fogones-de-la-arepa-de-huevo-en-la-ruta-gastronomica-de-sazon-atlantico","status":"publish","type":"post","link":"https:\/\/contrastes.com.co\/digital\/se-prenden-los-fogones-de-la-arepa-de-huevo-en-la-ruta-gastronomica-de-sazon-atlantico\/","title":{"rendered":"Se prenden los fogones de la arepa de huevo en la ruta gastron\u00f3mica de Saz\u00f3n Atl\u00e1ntico"},"content":{"rendered":"<p><strong>Se prenden los fogones de la arepa de huevo en la ruta gastron\u00f3mica de Saz\u00f3n Atl\u00e1ntico<\/strong><\/p>\n<blockquote><p><strong>\u2022 Del 6 al 8 de agosto, las deliciosas arepas de Luruaco llegar\u00e1n a Barranquilla y su \u00c1rea Metropolitana, a trav\u00e9s de plataformas digitales y punto de venta en Plaza de la Paz. <\/strong><br \/>\n<strong>\u2022 Desde hoy est\u00e1 habilitada la preventa del festival, que beneficiar\u00e1 a m\u00e1s de 60 familias hacedoras gracias a la estrategia liderada por la Gobernaci\u00f3n del Atl\u00e1ntico. <\/strong><br \/>\n<strong>\u2022 Durante el fin de semana, las matronas de Luruaco y festivales como guayaba, n\u00edspero y pastel, se tomar\u00e1n la plaza central del centro comercial VIVA para seguir reactivando su econom\u00eda.<\/strong><\/p><\/blockquote>\n<p><strong>Barranquilla.-<\/strong> Las crocantes arepas de Luruaco conquistar\u00e1n los paladares de los atlanticenses. Este fin de semana, la <strong>ruta gastron\u00f3mica de Saz\u00f3n Atl\u00e1ntico<\/strong> seguir\u00e1 con el <strong>Festival de la Arepa de Huevo<\/strong>, uno de los productos m\u00e1s aut\u00f3ctonos en la cocina tradicional del departamento.<\/p>\n<p>\u201cVamos a deleitarnos con las mejores arepas de huevo del mundo: hechas en Luruaco, por m\u00e1s de 60 matronas que llevar\u00e1n su sabor del fog\u00f3n a nuestro coraz\u00f3n. Para que podamos disfrutarlas calientes y crocantes, un grupo de cocineras tradicionales se radicar\u00e1 durante toda la semana en Barranquilla, para llevarlas hasta sus casas con todos los protocolos de bioseguridad\u201d, explic\u00f3 la secretaria de Cultura y Patrimonio, Diana Acosta.<\/p>\n<p>En la edici\u00f3n n\u00famero 32 del Festival de la Arepa de Huevo, las matronas le apuestan a la variedad para deleitar a sus comensales: el Combo Tradicional, que ofrecer\u00e1 tres arepas de huevo; el Combo Saz\u00f3n, con tres arepas de huevo rellenas con carne y chicharr\u00f3n; y el Combo Lo Quiero Todo, para disfrutar todos los sabores.<\/p>\n<p>Los precios de los combos de arepas oscilan entre 10 mil y 15 mil pesos, con preventa habilitada desde hoy a trav\u00e9s del <strong>WhatsApp 3242495794<\/strong> y el fin de semana por <strong>Rappi<\/strong>. Igualmente, este 7 y 8 de agosto, la Gobernaci\u00f3n instalar\u00e1 el <strong>punto drive thru en Plaza de la Paz<\/strong> para distribuir los productos desde las 7:00 de la ma\u00f1ana, en la calle 50 entre carreras 45 y 46.<\/p>\n<p>\u201cEstamos muy contentas de volver a Saz\u00f3n Atl\u00e1ntico. Esta iniciativa ha sido un \u00e9xito porque hemos podido vender m\u00e1s durante la pandemia y as\u00ed llevar un sustento para nuestras familias\u201d, dijo emocionada Mileidys Coronado, una de las matronas que viajar\u00e1 directamente desde Luruaco para amasar una tradici\u00f3n declarada patrimonio gastron\u00f3mico del Atl\u00e1ntico.<\/p>\n<p><img loading=\"lazy\" decoding=\"async\" class=\"size-full wp-image-6829 aligncenter\" src=\"https:\/\/contrastes.com.co\/digital\/wp-content\/uploads\/2021\/08\/arepa-de-huevo-2.jpg\" alt=\"arepa de huevo 2\" width=\"1200\" height=\"783\" srcset=\"https:\/\/contrastes.com.co\/digital\/wp-content\/uploads\/2021\/08\/arepa-de-huevo-2.jpg 1200w, https:\/\/contrastes.com.co\/digital\/wp-content\/uploads\/2021\/08\/arepa-de-huevo-2-300x196.jpg 300w, https:\/\/contrastes.com.co\/digital\/wp-content\/uploads\/2021\/08\/arepa-de-huevo-2-1024x668.jpg 1024w, https:\/\/contrastes.com.co\/digital\/wp-content\/uploads\/2021\/08\/arepa-de-huevo-2-768x501.jpg 768w\" sizes=\"auto, (max-width: 1200px) 100vw, 1200px\" \/><\/p>\n<p><strong>La tradici\u00f3n del Atl\u00e1ntico en el VIVA<\/strong><\/p>\n<p>Para seguir impulsando la reactivaci\u00f3n econ\u00f3mica de los hacedores culturales del departamento, <strong>la Gobernaci\u00f3n del Atl\u00e1ntico y el centro comercial VIVA<\/strong> sellaron una alianza para visibilizar el talento de artesanos y matronas en uno de los sitios m\u00e1s concurridos de la ciudad.<\/p>\n<p>Del 5 al 8 de agosto, los visitantes del centro comercial disfrutar\u00e1n una muestra gastron\u00f3mica con los festivales del n\u00edspero, pastel, butifarra y guayaba, junto a emprendimientos como Cosechas Verdes, hechas en Santo Tom\u00e1s; Rosquitas de Chorrera, de Juan de Acosta; y el picant\u00edsimo Usiacur\u00ed Hot.<\/p>\n<p>Tambi\u00e9n estar\u00e1n presentes las creaciones del programa Artesan\u00edas del Atl\u00e1ntico, con una exhibici\u00f3n de piezas elaboradas en t\u00e9cnicas como palma de iraca, fique, mostacilla, mimbre, barro y madera. En la muestra se beneficiar\u00e1n m\u00e1s de 50 artesanos, procedentes de municipios como Galapa, Soledad, Puerto Colombia, Usiacur\u00ed y Ponedera.<\/p>\n<p>\u201cNuestros hacedores y matronas son protagonistas en la reactivaci\u00f3n econ\u00f3mica, gracias a sus conocimientos del campo, tradiciones culinarias y artesanales. Los invito a apoyarlos en los diferentes escenarios que hemos dispuesto en Barranquilla, para que todos disfrutemos el talento que tenemos en el Atl\u00e1ntico\u201d, concluy\u00f3 el gobernador (e) y secretario de Desarrollo Econ\u00f3mico, Miguel Vergara.<\/p>\n<p><img loading=\"lazy\" decoding=\"async\" class=\"size-full wp-image-6830 aligncenter\" src=\"https:\/\/contrastes.com.co\/digital\/wp-content\/uploads\/2021\/08\/arepa-de-huevo-3.jpg\" alt=\"arepa huevo 3\" width=\"1200\" height=\"783\" srcset=\"https:\/\/contrastes.com.co\/digital\/wp-content\/uploads\/2021\/08\/arepa-de-huevo-3.jpg 1200w, https:\/\/contrastes.com.co\/digital\/wp-content\/uploads\/2021\/08\/arepa-de-huevo-3-300x196.jpg 300w, https:\/\/contrastes.com.co\/digital\/wp-content\/uploads\/2021\/08\/arepa-de-huevo-3-1024x668.jpg 1024w, https:\/\/contrastes.com.co\/digital\/wp-content\/uploads\/2021\/08\/arepa-de-huevo-3-768x501.jpg 768w\" sizes=\"auto, (max-width: 1200px) 100vw, 1200px\" \/><\/p>\n","protected":false},"excerpt":{"rendered":"<p>Las crocantes arepas de Luruaco conquistar\u00e1n los paladares de los atlanticenses. Este fin de semana, la ruta gastron\u00f3mica de Saz\u00f3n Atl\u00e1ntico seguir\u00e1 con el Festival de la Arepa de Huevo, uno de los productos m\u00e1s aut\u00f3ctonos en la cocina tradicional del departamento.<\/p>\n","protected":false},"author":1,"featured_media":6828,"comment_status":"open","ping_status":"open","sticky":false,"template":"","format":"standard","meta":{"footnotes":""},"categories":[64,764,6],"tags":[3934,30,939,3933,938],"class_list":["post-6827","post","type-post","status-publish","format-standard","has-post-thumbnail","hentry","category-cultura","category-gastronomia","category-region","tag-festival-de-la-arepa-de-huevo","tag-gobernacion-del-atlantico","tag-miguel-vergara","tag-ruta-gastronomica-de-sazon-atlantico","tag-secretario-de-desarrollo-economico"],"_links":{"self":[{"href":"https:\/\/contrastes.com.co\/digital\/wp-json\/wp\/v2\/posts\/6827","targetHints":{"allow":["GET"]}}],"collection":[{"href":"https:\/\/contrastes.com.co\/digital\/wp-json\/wp\/v2\/posts"}],"about":[{"href":"https:\/\/contrastes.com.co\/digital\/wp-json\/wp\/v2\/types\/post"}],"author":[{"embeddable":true,"href":"https:\/\/contrastes.com.co\/digital\/wp-json\/wp\/v2\/users\/1"}],"replies":[{"embeddable":true,"href":"https:\/\/contrastes.com.co\/digital\/wp-json\/wp\/v2\/comments?post=6827"}],"version-history":[{"count":1,"href":"https:\/\/contrastes.com.co\/digital\/wp-json\/wp\/v2\/posts\/6827\/revisions"}],"predecessor-version":[{"id":6831,"href":"https:\/\/contrastes.com.co\/digital\/wp-json\/wp\/v2\/posts\/6827\/revisions\/6831"}],"wp:featuredmedia":[{"embeddable":true,"href":"https:\/\/contrastes.com.co\/digital\/wp-json\/wp\/v2\/media\/6828"}],"wp:attachment":[{"href":"https:\/\/contrastes.com.co\/digital\/wp-json\/wp\/v2\/media?parent=6827"}],"wp:term":[{"taxonomy":"category","embeddable":true,"href":"https:\/\/contrastes.com.co\/digital\/wp-json\/wp\/v2\/categories?post=6827"},{"taxonomy":"post_tag","embeddable":true,"href":"https:\/\/contrastes.com.co\/digital\/wp-json\/wp\/v2\/tags?post=6827"}],"curies":[{"name":"wp","href":"https:\/\/api.w.org\/{rel}","templated":true}]}}