{"id":6883,"date":"2021-08-09T16:44:03","date_gmt":"2021-08-09T21:44:03","guid":{"rendered":"https:\/\/contrastes.com.co\/digital\/?p=6883"},"modified":"2021-08-10T16:59:09","modified_gmt":"2021-08-10T21:59:09","slug":"soledad-cuenta-ya-con-su-consejo-y-comites-para-atencion-de-riesgos-desastres-y-calamidades-publicas","status":"publish","type":"post","link":"https:\/\/contrastes.com.co\/digital\/soledad-cuenta-ya-con-su-consejo-y-comites-para-atencion-de-riesgos-desastres-y-calamidades-publicas\/","title":{"rendered":"Soledad cuenta ya con su Consejo y Comit\u00e9s para atenci\u00f3n de riesgos, desastres y calamidades p\u00fablicas"},"content":{"rendered":"<p><strong>Soledad conforma Consejo y Comit\u00e9s para fortalecer atenci\u00f3n de riesgos, desastres y calamidades p\u00fablicas<\/strong><\/p>\n<blockquote><p><strong>\u201cEstamos instalando el Consejo y Comit\u00e9s de Gesti\u00f3n del Riesgo en sus ejes de conocimiento, la reducci\u00f3n y el manejo en caso de desastres. Con este Decreto socializamos a los miembros del consejo la actualizaci\u00f3n, articulaci\u00f3n, planeaci\u00f3n y seguimiento en la reducci\u00f3n de riesgos y desastres, involucrando siempre a la comunidad de nuestro municipio\u201d: Rodolfo Ucr\u00f3s Rosales.<\/strong><\/p><\/blockquote>\n<p><strong>Soledad.-<\/strong>\u00a0La Alcald\u00eda de Soledad promovi\u00f3 la socializaci\u00f3n del Decreto 128 de junio 28 de 2021, que ordena la <strong>conformaci\u00f3n y organizaci\u00f3n del Consejo y Comit\u00e9s Municipales de Gesti\u00f3n del Riesgo de Desastres hasta el 2023<\/strong>, como instancia superior para la coordinaci\u00f3n, asesor\u00eda, planeaci\u00f3n y seguimiento que garantice la efectividad y articulaci\u00f3n en la reducci\u00f3n de riesgo, manejo de desastres y calamidades p\u00fablicas, cumpliendo con lo establecido en la ley 1523 de 2012, por medio de la cual se adopta la pol\u00edtica nacional de gesti\u00f3n del riesgo de desastres.<\/p>\n<p>\u201cEstamos instalando el Consejo y Comit\u00e9s de Gesti\u00f3n del Riesgo en sus ejes de conocimiento, la reducci\u00f3n y el manejo en caso de desastres. Con este Decreto socializamos a los miembros del consejo la actualizaci\u00f3n, articulaci\u00f3n, planeaci\u00f3n y seguimiento en la reducci\u00f3n de riesgos y desastres, involucrando siempre a la comunidad de nuestro municipio\u201d, precis\u00f3 Samir Serret Brango, secretario de Gobierno, quien reiter\u00f3 el compromiso del alcalde Rodolfo Ucr\u00f3s Rosales en lo temas relacionados con la atenci\u00f3n y prevenci\u00f3n de desastres.<\/p>\n<p><strong>El Mayor Luis Rodr\u00edguez, director de la Defensa Civil del Atl\u00e1ntico, y el Teniente Blas Araujo Camacho, subcomandante del Cuerpo de Bomberos Voluntarios de Soledad<\/strong>, coincidieron en la importancia de implementar mediante el Decreto la actualizaci\u00f3n, organizaci\u00f3n y conformaci\u00f3n del Consejo y los Comit\u00e9s de Gesti\u00f3n del Riesgo porque autom\u00e1ticamente trabajan articuladamente las entidades que por ley pertenecen al \u00f3rgano, planificando las dimensiones y responsabilidades en eventos de riesgos y desastres.<\/p>\n<p>El Consejo y Comit\u00e9s de Gesti\u00f3n del Riesgo de Desastres tienen, entre otras responsabilidades, orientar y aprobar las pol\u00edticas de gesti\u00f3n y su articulaci\u00f3n en procesos de desastres, emitir conceptos para declaratoria de calamidad p\u00fablica y retorno a la normalidad, elaboraci\u00f3n y coordinaci\u00f3n de un plan de acci\u00f3n espec\u00edfico para la reocupaci\u00f3n ante situaciones de calamidad p\u00fablica o desastres.<\/p>\n<p>En el evento, realizado en el museo Bolivariano, asistieron los miembros de consejo y comit\u00e9s municipales de Gesti\u00f3n del Riesgo, conformados por los secretarios de Gobierno, Samir Serret Brango; Gesti\u00f3n Social, Deiber Conrado; Planeaci\u00f3n, Leonardo Pereira Guerrero; delegados de la Secretar\u00eda de Salud, el subcomandante del Cuerpo de Bomberos Voluntarios de Soledad, Teniente Blas Araujo Camacho; el director de la Defensa Civil del Atl\u00e1ntico, Mayor Luis Rodr\u00edguez; el comandante de la Unidad de Operaciones Especiales en Emergencia y Desastres de la Polic\u00eda Nacional, Ponalsar, Mayor Javier Santana; delegados de la Polic\u00eda Nacional, Fuerza A\u00e9rea, Ej\u00e9rcito Nacional y Corporaci\u00f3n Aut\u00f3noma Regional R\u00edo Grande de la Magdalena, Cormagdalena. Tambi\u00e9n estuvo presente un delegado de la Personer\u00eda de Soledad.<\/p>\n","protected":false},"excerpt":{"rendered":"<p>La Alcald\u00eda de Soledad promovi\u00f3 la socializaci\u00f3n del Decreto 128 de junio 28 de 2021, que ordena la conformaci\u00f3n y organizaci\u00f3n del Consejo y Comit\u00e9s Municipales de Gesti\u00f3n del Riesgo de Desastres hasta el 2023, como instancia superior para la coordinaci\u00f3n, asesor\u00eda, planeaci\u00f3n y seguimiento que garantice la efectividad y articulaci\u00f3n en la reducci\u00f3n de riesgo, manejo de desastres y calamidades p\u00fablicas, cumpliendo con lo establecido en la ley 1523 de 2012, por medio de la cual se adopta la pol\u00edtica nacional de gesti\u00f3n del riesgo de desastres.<\/p>\n","protected":false},"author":1,"featured_media":6884,"comment_status":"open","ping_status":"open","sticky":false,"template":"","format":"standard","meta":{"footnotes":""},"categories":[1590,2],"tags":[35,3980,3981,3982,394,3984,3979,3985,38,3978,1848,3983],"class_list":["post-6883","post","type-post","status-publish","format-standard","has-post-thumbnail","hentry","category-emergencias-y-desastres","category-locales","tag-alcaldia-de-soledad","tag-calamidades-publicas","tag-comites","tag-consejo","tag-cuerpo-de-bomberos-voluntarios-de-soledad","tag-defensa-civil-del-atlantico","tag-desastres","tag-mayor-luis-rodriguez","tag-municipio-de-soledad","tag-riesgos","tag-rodolfo-ucros-rosales","tag-teniente-blas-araujo-camacho"],"_links":{"self":[{"href":"https:\/\/contrastes.com.co\/digital\/wp-json\/wp\/v2\/posts\/6883","targetHints":{"allow":["GET"]}}],"collection":[{"href":"https:\/\/contrastes.com.co\/digital\/wp-json\/wp\/v2\/posts"}],"about":[{"href":"https:\/\/contrastes.com.co\/digital\/wp-json\/wp\/v2\/types\/post"}],"author":[{"embeddable":true,"href":"https:\/\/contrastes.com.co\/digital\/wp-json\/wp\/v2\/users\/1"}],"replies":[{"embeddable":true,"href":"https:\/\/contrastes.com.co\/digital\/wp-json\/wp\/v2\/comments?post=6883"}],"version-history":[{"count":1,"href":"https:\/\/contrastes.com.co\/digital\/wp-json\/wp\/v2\/posts\/6883\/revisions"}],"predecessor-version":[{"id":6885,"href":"https:\/\/contrastes.com.co\/digital\/wp-json\/wp\/v2\/posts\/6883\/revisions\/6885"}],"wp:featuredmedia":[{"embeddable":true,"href":"https:\/\/contrastes.com.co\/digital\/wp-json\/wp\/v2\/media\/6884"}],"wp:attachment":[{"href":"https:\/\/contrastes.com.co\/digital\/wp-json\/wp\/v2\/media?parent=6883"}],"wp:term":[{"taxonomy":"category","embeddable":true,"href":"https:\/\/contrastes.com.co\/digital\/wp-json\/wp\/v2\/categories?post=6883"},{"taxonomy":"post_tag","embeddable":true,"href":"https:\/\/contrastes.com.co\/digital\/wp-json\/wp\/v2\/tags?post=6883"}],"curies":[{"name":"wp","href":"https:\/\/api.w.org\/{rel}","templated":true}]}}