{"id":6913,"date":"2021-08-11T11:38:58","date_gmt":"2021-08-11T16:38:58","guid":{"rendered":"https:\/\/contrastes.com.co\/digital\/?p=6913"},"modified":"2021-08-11T22:50:48","modified_gmt":"2021-08-12T03:50:48","slug":"gobernacion-amplio-plazo-de-inscripcion-al-programa-de-transformacion-digital-pymes","status":"publish","type":"post","link":"https:\/\/contrastes.com.co\/digital\/gobernacion-amplio-plazo-de-inscripcion-al-programa-de-transformacion-digital-pymes\/","title":{"rendered":"Gobernaci\u00f3n ampli\u00f3 plazo de inscripci\u00f3n al programa de Transformaci\u00f3n Digital Pymes"},"content":{"rendered":"<p><strong>Gobernaci\u00f3n del Atl\u00e1ntico ampli\u00f3 el plazo de inscripci\u00f3n al programa de Transformaci\u00f3n Digital de las Pymes<\/strong><\/p>\n<p><strong>* Las empresas que est\u00e9n interesadas en participar podr\u00e1n inscribirse hasta el 16 de agosto de 2021 en la p\u00e1gina web de la Gobernaci\u00f3n<a href=\"http:\/\/www.atlantico.gov.co\"> www.atlantico.gov.co<\/a>.<\/strong><\/p>\n<p><strong>* El objetivo del programa es brindar un acompa\u00f1amiento personalizado, a trav\u00e9s de consultor\u00edas especializadas a las empresas que participen, para que logren una verdadera transformaci\u00f3n digital.<\/strong><\/p>\n<p><strong>Barranquilla.-<\/strong> La Gobernaci\u00f3n del Atl\u00e1ntico <strong>ampli\u00f3 el plazo de inscripci\u00f3n para la convocatoria del programa Transformaci\u00f3n Digital<\/strong>, para que 30 Pymes del departamento participen y logren dar un salto en la digitalizaci\u00f3n de sus modelos de negocio.<\/p>\n<p>Las empresas que est\u00e9n interesadas podr\u00e1n inscribirse hasta el 16 de agosto de 2021 en <a href=\"http:\/\/www.atlantico.gov.co\">www.atlantico.gov.co<\/a> Los requisitos son: estar registradas ante la C\u00e1mara de Comercio, estar clasificadas como Pyme, tener entre 10 y 200 trabajadores activos, tener al menos una persona encargada de implementar proyectos TIC dentro de la empresa, estar ubicada en alg\u00fan municipio del Atl\u00e1ntico, contar con conexi\u00f3n a internet y tener un computador, tablet o celular para recibir las sesiones de consultor\u00eda y transferencia de conocimiento de forma virtual.<\/p>\n<p>Este programa tendr\u00e1 una duraci\u00f3n de tres meses por empresa y brindar\u00e1 un acompa\u00f1amiento personalizado, a trav\u00e9s de consultor\u00edas especializadas a las empresas que participen, para que logren una verdadera transformaci\u00f3n digital.<\/p>\n","protected":false},"excerpt":{"rendered":"<p>La Gobernaci\u00f3n del Atl\u00e1ntico ampli\u00f3 el plazo de inscripci\u00f3n para la convocatoria del programa Transformaci\u00f3n Digital, para que 30 Pymes del departamento participen y logren dar un salto en la digitalizaci\u00f3n de sus modelos de negocio.<\/p>\n","protected":false},"author":1,"featured_media":6914,"comment_status":"open","ping_status":"open","sticky":false,"template":"","format":"standard","meta":{"footnotes":""},"categories":[2823,3834,6,9],"tags":[31,30,4003,4004,3760],"class_list":["post-6913","post","type-post","status-publish","format-standard","has-post-thumbnail","hentry","category-convocatorias","category-cursos-y-capacitaciones","category-region","category-tecnologia","tag-elsa-noguera","tag-gobernacion-del-atlantico","tag-programa-de-transformacion-digital","tag-pymes","tag-secretario-tic-del-atlantico"],"_links":{"self":[{"href":"https:\/\/contrastes.com.co\/digital\/wp-json\/wp\/v2\/posts\/6913","targetHints":{"allow":["GET"]}}],"collection":[{"href":"https:\/\/contrastes.com.co\/digital\/wp-json\/wp\/v2\/posts"}],"about":[{"href":"https:\/\/contrastes.com.co\/digital\/wp-json\/wp\/v2\/types\/post"}],"author":[{"embeddable":true,"href":"https:\/\/contrastes.com.co\/digital\/wp-json\/wp\/v2\/users\/1"}],"replies":[{"embeddable":true,"href":"https:\/\/contrastes.com.co\/digital\/wp-json\/wp\/v2\/comments?post=6913"}],"version-history":[{"count":1,"href":"https:\/\/contrastes.com.co\/digital\/wp-json\/wp\/v2\/posts\/6913\/revisions"}],"predecessor-version":[{"id":6915,"href":"https:\/\/contrastes.com.co\/digital\/wp-json\/wp\/v2\/posts\/6913\/revisions\/6915"}],"wp:featuredmedia":[{"embeddable":true,"href":"https:\/\/contrastes.com.co\/digital\/wp-json\/wp\/v2\/media\/6914"}],"wp:attachment":[{"href":"https:\/\/contrastes.com.co\/digital\/wp-json\/wp\/v2\/media?parent=6913"}],"wp:term":[{"taxonomy":"category","embeddable":true,"href":"https:\/\/contrastes.com.co\/digital\/wp-json\/wp\/v2\/categories?post=6913"},{"taxonomy":"post_tag","embeddable":true,"href":"https:\/\/contrastes.com.co\/digital\/wp-json\/wp\/v2\/tags?post=6913"}],"curies":[{"name":"wp","href":"https:\/\/api.w.org\/{rel}","templated":true}]}}