{"id":6948,"date":"2021-08-14T11:01:10","date_gmt":"2021-08-14T16:01:10","guid":{"rendered":"https:\/\/contrastes.com.co\/digital\/?p=6948"},"modified":"2021-08-16T17:07:19","modified_gmt":"2021-08-16T22:07:19","slug":"con-el-proyecto-usiacuri-es-mas-vamos-a-realizar-una-transformacion-social-con-color-en-el-municipio-elsa-noguera","status":"publish","type":"post","link":"https:\/\/contrastes.com.co\/digital\/con-el-proyecto-usiacuri-es-mas-vamos-a-realizar-una-transformacion-social-con-color-en-el-municipio-elsa-noguera\/","title":{"rendered":"\u00abCon el proyecto \u2018Usiacur\u00ed Es M\u00e1s\u2019, vamos a realizar una transformaci\u00f3n social con color en el municipio\u00bb: Elsa Noguera  \u00a0"},"content":{"rendered":"<p><strong>\u00abCon el proyecto \u2018Usiacur\u00ed Es M\u00e1s\u2019, vamos a realizar una transformaci\u00f3n social con color en el municipio\u00bb: Elsa Noguera<\/strong><\/p>\n<p><strong>* La Gobernadora del Atl\u00e1ntico visit\u00f3 Usiacur\u00ed para conocer los avances del proyecto que se lleva a cabo con la Fundaci\u00f3n Pintuco.<\/strong><\/p>\n<p><strong>* El primer mural del proyecto, creado por la artista pl\u00e1stica Daniella Char, est\u00e1 ubicado en la plaza Julio Fl\u00f3rez y ya es un atractivo tur\u00edstico para propios y visitantes.<\/strong><\/p>\n<p><strong>* Las votaciones de la comunidad para la escogencia del color que se aplicar\u00e1 en la intervenci\u00f3n se realizaron los d\u00edas 12 y 13 de agosto, con la participaci\u00f3n de aproximadamente 600 personas. <\/strong><\/p>\n<p><strong>Usiacur\u00ed.- <\/strong>Durante una visita a la plaza Julio Fl\u00f3rez para conocer el primer mural del proyecto <strong>\u2018Usiacur\u00ed Es M\u00e1s\u2019<\/strong>, la gobernadora del Atl\u00e1ntico, Elsa Noguera, se reuni\u00f3 con l\u00edderes comunitarios con el fin de conocer los avances del proyecto que estar\u00e1 transformando con color m\u00e1s de 57 mil metros del municipio y as\u00ed generar m\u00e1s oportunidades para el turismo.<\/p>\n<p>Durante el encuentro, la Gobernadora pudo conocer la actividad en que se han medido 400 predios para poder definir las \u00e1reas a intervenir por cada una de las casas participantes.<\/p>\n<p>\u201cEste es un proyecto que se construye con la participaci\u00f3n activa de la comunidad y que permitir\u00e1 potenciar las cualidades de Usiacur\u00ed, a trav\u00e9s de acciones que promuevan y fortalezcan la activaci\u00f3n y apropiaci\u00f3n ciudadana para el aprovechamiento del valor tur\u00edstico, mediante el embellecimiento f\u00edsico del municipio\u201d, manifest\u00f3 la mandataria.<\/p>\n<p>Luz Barros, una de las l\u00edderes comunitarias que acompa\u00f1\u00f3 la jornada, expres\u00f3 la gran expectativa que tiene el municipio frente a este proyecto. \u201cEstamos seguros de que esto va a potenciar m\u00e1s el turismo en el municipio y brindar\u00e1 no solo color sino sentido de pertenencia entre todos nosotros\u201d, afirm\u00f3.<\/p>\n<p><strong>Daniel Montoya, coordinador de Proyectos de la Fundaci\u00f3n Pintuco<\/strong>, aliado de la Gobernaci\u00f3n en este proceso, comparti\u00f3 con los asistentes los avances respecto a la ejecuci\u00f3n del proyecto y confirm\u00f3 que ya son cinco los talleres de arte relacional realizados, con muy buena acogida por parte de la comunidad. \u201cLlevamos 950 socializaciones realizadas puerta a puerta, casa a casa, del proyecto en general; la meta es llegar a las mil. Estamos muy contentos de la receptividad y acompa\u00f1amiento que ha tenido la comunidad durante las socializaciones realizadas\u201d, indic\u00f3.<\/p>\n<p>La <strong>alcaldesa de Usiacur\u00ed, Katherine Pasos<\/strong>, reiter\u00f3 a la Gobernadora su agradecimiento por haber sido el municipio de Usiacur\u00ed el primero en ser escogido para este proyecto, que tiene un \u00e9xito asegurado por la participaci\u00f3n comunitaria. \u201cEn Usiacur\u00ed siempre decimos s\u00ed a todo lo que la Gobernadora nos trae, no solo porque conocemos su compromiso con el municipio sino porque tenemos un gran potencial y vocaci\u00f3n tur\u00edstica en el territorio y, con este tipo de proyectos, lo impulsamos m\u00e1s\u201d, dijo.<\/p>\n<p>Despu\u00e9s de varias jornadas con la comunidad, donde se realizaron diferentes actividades de integraci\u00f3n en el marco de las socializaciones de las propuestas arquitect\u00f3nicas para la intervenci\u00f3n con color del municipio, se llevaron a cabo jornadas de concertaci\u00f3n comunitaria, un proceso participativo y democr\u00e1tico en el que los Usiacure\u00f1os decidieron el color que se tendr\u00e1 en el marco del proyecto \u2018Usiacur\u00ed Es M\u00e1s\u2019.<\/p>\n<p>Los puntos de votaci\u00f3n habilitados permitieron que cerca de 600 personas pudieran asistir y depositar su voto, para decidir cu\u00e1l de las propuestas presentadas ser\u00e1 la que definir\u00e1 la intervenci\u00f3n que tendr\u00e1 el municipio.<\/p>\n","protected":false},"excerpt":{"rendered":"<p>Durante una visita a la plaza Julio Fl\u00f3rez para conocer el primer mural del proyecto \u2018Usiacur\u00ed Es M\u00e1s\u2019, la gobernadora del Atl\u00e1ntico, Elsa Noguera, se reuni\u00f3 con l\u00edderes comunitarios con el fin de conocer los avances del proyecto que estar\u00e1 transformando con color m\u00e1s de 57 mil metros del municipio y as\u00ed generar m\u00e1s oportunidades para el turismo.<\/p>\n","protected":false},"author":1,"featured_media":6961,"comment_status":"open","ping_status":"open","sticky":false,"template":"","format":"standard","meta":{"footnotes":""},"categories":[756,64,6],"tags":[4030,3910,4029,4028,31,3523],"class_list":["post-6948","post","type-post","status-publish","format-standard","has-post-thumbnail","hentry","category-comunidad","category-cultura","category-region","tag-usiacuri-es-mas","tag-alcaldesa-de-usiacuri","tag-coordinador-de-proyectos-de-la-fundacion-pintuco","tag-daniel-montoya","tag-elsa-noguera","tag-katherine-pasos"],"_links":{"self":[{"href":"https:\/\/contrastes.com.co\/digital\/wp-json\/wp\/v2\/posts\/6948","targetHints":{"allow":["GET"]}}],"collection":[{"href":"https:\/\/contrastes.com.co\/digital\/wp-json\/wp\/v2\/posts"}],"about":[{"href":"https:\/\/contrastes.com.co\/digital\/wp-json\/wp\/v2\/types\/post"}],"author":[{"embeddable":true,"href":"https:\/\/contrastes.com.co\/digital\/wp-json\/wp\/v2\/users\/1"}],"replies":[{"embeddable":true,"href":"https:\/\/contrastes.com.co\/digital\/wp-json\/wp\/v2\/comments?post=6948"}],"version-history":[{"count":2,"href":"https:\/\/contrastes.com.co\/digital\/wp-json\/wp\/v2\/posts\/6948\/revisions"}],"predecessor-version":[{"id":6962,"href":"https:\/\/contrastes.com.co\/digital\/wp-json\/wp\/v2\/posts\/6948\/revisions\/6962"}],"wp:featuredmedia":[{"embeddable":true,"href":"https:\/\/contrastes.com.co\/digital\/wp-json\/wp\/v2\/media\/6961"}],"wp:attachment":[{"href":"https:\/\/contrastes.com.co\/digital\/wp-json\/wp\/v2\/media?parent=6948"}],"wp:term":[{"taxonomy":"category","embeddable":true,"href":"https:\/\/contrastes.com.co\/digital\/wp-json\/wp\/v2\/categories?post=6948"},{"taxonomy":"post_tag","embeddable":true,"href":"https:\/\/contrastes.com.co\/digital\/wp-json\/wp\/v2\/tags?post=6948"}],"curies":[{"name":"wp","href":"https:\/\/api.w.org\/{rel}","templated":true}]}}