{"id":7058,"date":"2021-08-23T15:08:34","date_gmt":"2021-08-23T20:08:34","guid":{"rendered":"https:\/\/contrastes.com.co\/digital\/?p=7058"},"modified":"2021-08-23T15:08:34","modified_gmt":"2021-08-23T20:08:34","slug":"con-energia-para-la-gente-llevamos-electrificacion-a-zona-rural-y-generamos-empleo-elsa-noguera","status":"publish","type":"post","link":"https:\/\/contrastes.com.co\/digital\/con-energia-para-la-gente-llevamos-electrificacion-a-zona-rural-y-generamos-empleo-elsa-noguera\/","title":{"rendered":"\u201cCon \u2018Energ\u00eda para la Gente\u2019 llevamos electrificaci\u00f3n a zona rural y generamos empleo\u201d: Elsa Noguera"},"content":{"rendered":"<p><strong>\u201cCon \u2018Energ\u00eda para la Gente\u2019 estamos llevando electrificaci\u00f3n a la zona rural y generando empleo\u201d: Elsa Noguera<\/strong><\/p>\n<blockquote><p><strong>*La Gobernadora del Atl\u00e1ntico visit\u00f3 la vereda Palotal, en el municipio de Campo de la Cruz, para inspeccionar el avance de las obras del programa de electrificaci\u00f3n rural, que actualmente se ejecuta en 38 veredas de ocho municipios.<\/strong><\/p>\n<p><strong>*En Campo de la Cruz, se est\u00e1n ejecutando obras en ocho veredas, a trav\u00e9s de dos proyectos de 19 kil\u00f3metros de redes de media tensi\u00f3n, con una inversi\u00f3n es de 3.746 millones de pesos para conectar 99 viviendas al servicio de energ\u00eda.<\/strong><\/p>\n<p><strong>*El programa &#8216;Energ\u00eda para la Gente&#8217; tambi\u00e9n se ha convertido en un gran dinamizador de oportunidades de trabajo en nuestros municipios, ya que genera m\u00e1s de 1.000 empleos directos y 1.400 indirectos, en su etapa de ejecuci\u00f3n.<\/strong><\/p><\/blockquote>\n<p><strong>Campo de la Cruz.-<\/strong>\u00a0La gobernadora del Atl\u00e1ntico, Elsa Noguera, visit\u00f3 la vereda Palotal, en el municipio de Campo de la Cruz, para inspeccionar el avance de las obras del programa de electrificaci\u00f3n rural \u2018Energ\u00eda para la Gente\u2019.<\/p>\n<p>\u201cEs impresionante ver la felicidad de todas estas familias de la zona rural de Campo de la Cruz, que comienzan a beneficiarse con nuestro programa \u2018Energ\u00eda para la Gente\u2019, que busca llevar el servicio de energ\u00eda el\u00e9ctrica a 1.900 viviendas, en 250 veredas del Atl\u00e1ntico, para mejorarles sus condiciones de vida y reducir brecha social. Pero adem\u00e1s, este proyecto se ha convertido en un gran dinamizador de oportunidades de trabajo en nuestros municipios, ya que genera m\u00e1s de 1.000 empleos directos y 1.400 indirectos, en su etapa de ejecuci\u00f3n\u201d, indic\u00f3 la mandataria departamental.<\/p>\n<p>Para Luis Riquett, beneficiario del proyecto en Palotal, contar con el servicio de energ\u00eda les traer\u00e1 muchos beneficios a \u00e9l y a otros vecinos del sector que se dedican a la ganader\u00eda y que viven actualmente en Campo de la Cruz, debido a que no tener luz les genera inseguridad en horas de la noche. \u00abEst\u00e1bamos esperando hace a\u00f1os que nos instalaran el servicio y, gracias a la Gobernadora, ya hoy tenemos el kit en la casa y pronto pondr\u00e1n la luz a funcionar. Ahora s\u00ed nos vamos a sentir m\u00e1s seguros y tendremos m\u00e1s oportunidades para nuevos proyectos productivos\u00bb, asegur\u00f3.<\/p>\n<p>Por su parte, la secretaria de Infraestructura, Nury Logreira, explic\u00f3 que en Campo de la Cruz, se est\u00e1n ejecutando obras en ocho veredas, a trav\u00e9s de dos proyectos de 19 km de redes de media tensi\u00f3n, con una inversi\u00f3n es de 3.746 millones de pesos para conectar 99 viviendas al servicio de energ\u00eda.<\/p>\n<p>\u201cEn las veredas Palotal, P\u00e1rate Bien y Escobal se beneficiar\u00e1n 68 familias con el servicio de energ\u00eda, gracias a la instalaci\u00f3n de 13 km de red de media tensi\u00f3n, 211 postes de media tensi\u00f3n y 37 transformadores, obras que cuentan con un presupuesto de 2.439 millones de pesos\u201d, agreg\u00f3.<\/p>\n<p>\u2018Energ\u00eda para la Gente\u2019 est\u00e1 financiado con recursos de la estampilla Pro Electrificaci\u00f3n Rural por valor de 50 mil millones de pesos, que incluye obra e interventor\u00eda, para la instalaci\u00f3n de 200 km de redes de media tensi\u00f3n en poblaciones rurales del departamento.<\/p>\n<p>En la fase previa a la ejecuci\u00f3n, el equipo de la Secretar\u00eda de Infraestructura del Atl\u00e1ntico encontr\u00f3 29 proyectos viables en el departamento, de los cuales ya se dise\u00f1aron 20, que tienen factibilidad ante el operador de red. De estos proyectos, 13 est\u00e1n en ejecuci\u00f3n y beneficiar\u00e1n a 558 usuarios de 38 veredas de los municipios de Manat\u00ed, Campo de la Cruz, Sabanalarga, Santa Luc\u00eda, Luruaco, Polonuevo, Usiacur\u00ed, Repel\u00f3n y su zona productiva del distrito de riego.<\/p>\n<p>En estas poblaciones se avanza en la instalaci\u00f3n de postes, estructuras, redes de baja y media tensi\u00f3n y cableado, para posteriormente proceder a colocar transformadores y medidores.<\/p>\n<p>Asimismo, en cada vivienda se instala un kit que incluye: tres salidas de iluminaci\u00f3n con su bombillo e interruptor, tres tomas corrientes dobles, un tablero con dos protecciones y el medidor.<\/p>\n<p>La meta de la administraci\u00f3n departamental en este cuatrienio es aumentar la cobertura del departamento del Atl\u00e1ntico de un 98.99 por ciento a 99.31 por ciento al a\u00f1o 2023.<\/p>\n","protected":false},"excerpt":{"rendered":"<p>La gobernadora del Atl\u00e1ntico, Elsa Noguera, visit\u00f3 la vereda Palotal, en el municipio de Campo de la Cruz, para inspeccionar el avance de las obras del programa de electrificaci\u00f3n rural \u2018Energ\u00eda para la Gente\u2019.<\/p>\n","protected":false},"author":1,"featured_media":7059,"comment_status":"open","ping_status":"open","sticky":false,"template":"","format":"standard","meta":{"footnotes":""},"categories":[6,2065],"tags":[31,4093,139,811],"class_list":["post-7058","post","type-post","status-publish","format-standard","has-post-thumbnail","hentry","category-region","category-servicios-publicos","tag-elsa-noguera","tag-energia-para-la-gente","tag-gobernadora-del-atlantico","tag-municipio-de-campo-de-la-cruz"],"_links":{"self":[{"href":"https:\/\/contrastes.com.co\/digital\/wp-json\/wp\/v2\/posts\/7058","targetHints":{"allow":["GET"]}}],"collection":[{"href":"https:\/\/contrastes.com.co\/digital\/wp-json\/wp\/v2\/posts"}],"about":[{"href":"https:\/\/contrastes.com.co\/digital\/wp-json\/wp\/v2\/types\/post"}],"author":[{"embeddable":true,"href":"https:\/\/contrastes.com.co\/digital\/wp-json\/wp\/v2\/users\/1"}],"replies":[{"embeddable":true,"href":"https:\/\/contrastes.com.co\/digital\/wp-json\/wp\/v2\/comments?post=7058"}],"version-history":[{"count":1,"href":"https:\/\/contrastes.com.co\/digital\/wp-json\/wp\/v2\/posts\/7058\/revisions"}],"predecessor-version":[{"id":7060,"href":"https:\/\/contrastes.com.co\/digital\/wp-json\/wp\/v2\/posts\/7058\/revisions\/7060"}],"wp:featuredmedia":[{"embeddable":true,"href":"https:\/\/contrastes.com.co\/digital\/wp-json\/wp\/v2\/media\/7059"}],"wp:attachment":[{"href":"https:\/\/contrastes.com.co\/digital\/wp-json\/wp\/v2\/media?parent=7058"}],"wp:term":[{"taxonomy":"category","embeddable":true,"href":"https:\/\/contrastes.com.co\/digital\/wp-json\/wp\/v2\/categories?post=7058"},{"taxonomy":"post_tag","embeddable":true,"href":"https:\/\/contrastes.com.co\/digital\/wp-json\/wp\/v2\/tags?post=7058"}],"curies":[{"name":"wp","href":"https:\/\/api.w.org\/{rel}","templated":true}]}}