{"id":7067,"date":"2021-08-23T13:32:14","date_gmt":"2021-08-23T18:32:14","guid":{"rendered":"https:\/\/contrastes.com.co\/digital\/?p=7067"},"modified":"2021-08-24T18:39:15","modified_gmt":"2021-08-24T23:39:15","slug":"300-nuevas-familias-se-convertiran-en-propietarias-de-su-vivienda-en-titulaton-de-soledad","status":"publish","type":"post","link":"https:\/\/contrastes.com.co\/digital\/300-nuevas-familias-se-convertiran-en-propietarias-de-su-vivienda-en-titulaton-de-soledad\/","title":{"rendered":"300 nuevas familias se convertir\u00e1n en propietarias de su vivienda en \u2018Titulat\u00f3n\u2019 de Soledad"},"content":{"rendered":"<p><strong>300 nuevas familias se convertir\u00e1n en propietarias de su vivienda en la \u2018Titulat\u00f3n\u2019 de Soledad<\/strong><\/p>\n<blockquote><p><strong>El evento, que inicia a las 4:00 de la tarde, se llevar\u00e1 a cabo en la cancha de s\u00f3ftbol del barrio Hip\u00f3dromo y contar\u00e1 con la participaci\u00f3n de la superintendente de Notariado y Registro, Goethny Fernanda Garc\u00eda.<\/strong><\/p><\/blockquote>\n<p><strong>Soledad.-<\/strong>\u00a0Este mi\u00e9rcoles, 25 de agosto, 300 familias residentes en Soledad se convertir\u00e1n en propietarias de sus casas, gracias a la Titulat\u00f3n de Viviendas, que lidera el alcalde Rodolfo Ucr\u00f3s Rosales a trav\u00e9s de la Secretar\u00eda de Planeaci\u00f3n Municipal.<\/p>\n<p>El evento, que inicia a las 4:00 de la tarde, se llevar\u00e1 a cabo en la cancha de s\u00f3ftbol del barrio Hip\u00f3dromo y contar\u00e1 con la participaci\u00f3n de la superintendente de Notariado y Registro, Goethny Fernanda Garc\u00eda.<\/p>\n<p>Esta actividad hace parte del programa bandera del Gran Pacto Social por Soledad \u2018Familias Propietarias\u2019. \u201cNuestra meta es hacer de Soledad una ciudad de propietarias. En cuatro a\u00f1os entregaremos 20 mil t\u00edtulos de propiedad\u201d, manifest\u00f3 el alcalde Rodolfo Ucr\u00f3s Rosales.<\/p>\n<p><img loading=\"lazy\" decoding=\"async\" class=\"size-full wp-image-7069 aligncenter\" src=\"https:\/\/contrastes.com.co\/digital\/wp-content\/uploads\/2021\/08\/titulaton-2.jpg\" alt=\"titulaton 2\" width=\"1200\" height=\"783\" srcset=\"https:\/\/contrastes.com.co\/digital\/wp-content\/uploads\/2021\/08\/titulaton-2.jpg 1200w, https:\/\/contrastes.com.co\/digital\/wp-content\/uploads\/2021\/08\/titulaton-2-300x196.jpg 300w, https:\/\/contrastes.com.co\/digital\/wp-content\/uploads\/2021\/08\/titulaton-2-1024x668.jpg 1024w, https:\/\/contrastes.com.co\/digital\/wp-content\/uploads\/2021\/08\/titulaton-2-768x501.jpg 768w\" sizes=\"auto, (max-width: 1200px) 100vw, 1200px\" \/><\/p>\n<p>\u201cMe complace enormemente ver las sonrisas que se dibujan en los rostros de quienes van cumpliendo el sue\u00f1o de ser due\u00f1os de sus viviendas\u201d, agreg\u00f3 el mandatario.<\/p>\n<p>El secretario de Planeaci\u00f3n, Leonardo Pereira, explic\u00f3 que \u00abdurante la jornada, que realizaremos bajo estrictos protocolos de seguridad, familias de diferentes barrios de Soledad recibir\u00e1n el documento que los acredita como propietarios de su vivienda\u00bb.<\/p>\n","protected":false},"excerpt":{"rendered":"<p>Este mi\u00e9rcoles, 25 de agosto, 300 familias residentes en Soledad se convertir\u00e1n en propietarias de sus casas, gracias a la Titulat\u00f3n de Viviendas, que lidera el alcalde Rodolfo Ucr\u00f3s Rosales a trav\u00e9s de la Secretar\u00eda de Planeaci\u00f3n Municipal.<\/p>\n","protected":false},"author":1,"featured_media":7068,"comment_status":"open","ping_status":"open","sticky":false,"template":"","format":"standard","meta":{"footnotes":""},"categories":[2,474],"tags":[35,4101,1848,1561,4100],"class_list":["post-7067","post","type-post","status-publish","format-standard","has-post-thumbnail","hentry","category-locales","category-vivienda","tag-alcaldia-de-soledad","tag-nuevos-propietarios","tag-rodolfo-ucros-rosales","tag-titulacion-de-predios-en-soledad","tag-titulaton-de-soledad"],"_links":{"self":[{"href":"https:\/\/contrastes.com.co\/digital\/wp-json\/wp\/v2\/posts\/7067","targetHints":{"allow":["GET"]}}],"collection":[{"href":"https:\/\/contrastes.com.co\/digital\/wp-json\/wp\/v2\/posts"}],"about":[{"href":"https:\/\/contrastes.com.co\/digital\/wp-json\/wp\/v2\/types\/post"}],"author":[{"embeddable":true,"href":"https:\/\/contrastes.com.co\/digital\/wp-json\/wp\/v2\/users\/1"}],"replies":[{"embeddable":true,"href":"https:\/\/contrastes.com.co\/digital\/wp-json\/wp\/v2\/comments?post=7067"}],"version-history":[{"count":1,"href":"https:\/\/contrastes.com.co\/digital\/wp-json\/wp\/v2\/posts\/7067\/revisions"}],"predecessor-version":[{"id":7070,"href":"https:\/\/contrastes.com.co\/digital\/wp-json\/wp\/v2\/posts\/7067\/revisions\/7070"}],"wp:featuredmedia":[{"embeddable":true,"href":"https:\/\/contrastes.com.co\/digital\/wp-json\/wp\/v2\/media\/7068"}],"wp:attachment":[{"href":"https:\/\/contrastes.com.co\/digital\/wp-json\/wp\/v2\/media?parent=7067"}],"wp:term":[{"taxonomy":"category","embeddable":true,"href":"https:\/\/contrastes.com.co\/digital\/wp-json\/wp\/v2\/categories?post=7067"},{"taxonomy":"post_tag","embeddable":true,"href":"https:\/\/contrastes.com.co\/digital\/wp-json\/wp\/v2\/tags?post=7067"}],"curies":[{"name":"wp","href":"https:\/\/api.w.org\/{rel}","templated":true}]}}