{"id":7096,"date":"2021-08-26T18:31:31","date_gmt":"2021-08-26T23:31:31","guid":{"rendered":"https:\/\/contrastes.com.co\/digital\/?p=7096"},"modified":"2021-08-26T23:37:15","modified_gmt":"2021-08-27T04:37:15","slug":"no-hay-2das-dosis-de-moderna-en-los-municipios-del-departamento-sec-de-salud-del-atlantico","status":"publish","type":"post","link":"https:\/\/contrastes.com.co\/digital\/no-hay-2das-dosis-de-moderna-en-los-municipios-del-departamento-sec-de-salud-del-atlantico\/","title":{"rendered":"\u201cNo hay 2das dosis de Moderna en los municipios del departamento\u201d: Sec. de Salud del Atl\u00e1ntico"},"content":{"rendered":"<p><strong>\u201cNo hay segundas dosis de Moderna en los municipios del departamento\u201d: Secretar\u00eda de Salud del Atl\u00e1ntico<\/strong><\/p>\n<blockquote><p><strong>*La secretaria de Salud, Alma Solano, inform\u00f3 que el departamento est\u00e1 a la espera de la llegada de las vacunas de Moderna, por parte del Ministerio de Salud, para aplicaci\u00f3n de segundas dosis en los municipios.<\/strong><\/p>\n<p><strong>*Los municipios del Atl\u00e1ntico cuentan con segundas dosis de otras farmac\u00e9uticas, para que la poblaci\u00f3n complete esquemas de vacunaci\u00f3n.<\/strong><\/p>\n<p><strong>*Gestantes y poblaci\u00f3n de 15 a 17 a\u00f1os tienen garantizadas sus dosis en los puestos de vacunaci\u00f3n de todos los municipios.<\/strong><\/p><\/blockquote>\n<p><strong>*Este s\u00e1bado 28 de agosto se abre la vacunaci\u00f3n contra el Covid-19 para poblaci\u00f3n de 12 a 14 a\u00f1os.<\/strong><\/p>\n<p><strong>Barranquilla.-<\/strong>\u00a0La <strong>secretaria de Salud del Atl\u00e1ntico, Alma Solano<\/strong>, inform\u00f3 esta tarde que los municipios del departamento no cuentan con las segundas dosis de la farmac\u00e9utica Moderna, debido a que el <strong>Ministerio de Salud y Protecci\u00f3n Social<\/strong> no ha enviado los biol\u00f3gicos, para continuar el <strong>plan de vacunaci\u00f3n contra el Covid-19<\/strong>.<\/p>\n<p>\u201cEstamos atentos a la llegada de las vacunas de Moderna, para que nuestros habitantes cumplan con su segunda cita y as\u00ed completen su esquema de vacunaci\u00f3n contra el Covid-19. Para tranquilidad de la ciudadan\u00eda, aclaramos que no hay ning\u00fan riesgo en alargar la segunda dosis de la vacuna de Moderna, de acuerdo con la evidencia m\u00e9dica existente. A\u00fan no tenemos fecha de env\u00edo de las vacunas por parte del Ministerio de Salud y Protecci\u00f3n Social; pero, una vez nos lleguen, informaremos a trav\u00e9s de los distintos canales de comunicaci\u00f3n\u201d, expres\u00f3 la Secretaria de Salud.<\/p>\n<p>Cabe resaltar que los municipios s\u00ed cuentan con vacunas para aplicar segundas dosis de otras farmac\u00e9uticas. La poblaci\u00f3n de 15 a 17 a\u00f1os, as\u00ed como las mujeres gestantes de 12 semanas y hasta los 40 d\u00edas postparto, tambi\u00e9n tienen garantizados sus biol\u00f3gicos para iniciar, continuar y completar sus esquemas de vacunaci\u00f3n.<\/p>\n<p>La Secretaria reiter\u00f3 el mensaje sobre los beneficios de vacunarse contra el Covid-19, dado el riesgo que existe ante la variante Delta, confirmada en d\u00edas pasados en el pa\u00eds.<\/p>\n<p>\u201cLas vacunas contra el Covid-19 salvan vidas, evitan la muerte, previenen de enfermar gravemente y llegar a UCI. Por eso es importante vacunarse, seguir aplicando las medidas de autocuidado, como el uso permanente del tapabocas, el distanciamiento f\u00edsico y el lavado o higienizaci\u00f3n de manos. Tambi\u00e9n hay que recordar que las aglomeraciones y las fiestas representan un riesgo alto de contagio\u201d, agreg\u00f3 la Secretaria.<\/p>\n<p><strong>De acuerdo con las cifras, en el Atl\u00e1ntico, al corte del 25 de agosto, se han aplicado 681.517 vacunas contra el Covid-19, 410.845 de primeras dosis y 270.672 corresponden a esquemas completos.<\/strong><\/p>\n<p>Hasta el momento, el Ministerio de Salud ha enviado al departamento 727.861 dosis. Asimismo, el Gobierno Nacional anunci\u00f3 que este s\u00e1bado 28 de agosto, se abre la vacunaci\u00f3n para poblaci\u00f3n de 12 a 14 a\u00f1os.<\/p>\n","protected":false},"excerpt":{"rendered":"<p>La secretaria de Salud del Atl\u00e1ntico, Alma Solano, inform\u00f3 esta tarde que los municipios del departamento no cuentan con las segundas dosis de la farmac\u00e9utica Moderna, debido a que el Ministerio de Salud y Protecci\u00f3n Social no ha enviado los biol\u00f3gicos, para continuar el plan de vacunaci\u00f3n contra el Covid-19.<\/p>\n","protected":false},"author":1,"featured_media":7097,"comment_status":"open","ping_status":"open","sticky":false,"template":"","format":"standard","meta":{"footnotes":""},"categories":[70,4,6,268,2861],"tags":[977,1863,4127,1026],"class_list":["post-7096","post","type-post","status-publish","format-standard","has-post-thumbnail","hentry","category-coronavirus","category-pais","category-region","category-salud","category-vacunacion","tag-alma-solano","tag-ministerio-de-salud-y-proteccion-social","tag-plan-de-vacunacion-contra-el-covid-19","tag-secretaria-de-salud-del-atlantico"],"_links":{"self":[{"href":"https:\/\/contrastes.com.co\/digital\/wp-json\/wp\/v2\/posts\/7096","targetHints":{"allow":["GET"]}}],"collection":[{"href":"https:\/\/contrastes.com.co\/digital\/wp-json\/wp\/v2\/posts"}],"about":[{"href":"https:\/\/contrastes.com.co\/digital\/wp-json\/wp\/v2\/types\/post"}],"author":[{"embeddable":true,"href":"https:\/\/contrastes.com.co\/digital\/wp-json\/wp\/v2\/users\/1"}],"replies":[{"embeddable":true,"href":"https:\/\/contrastes.com.co\/digital\/wp-json\/wp\/v2\/comments?post=7096"}],"version-history":[{"count":1,"href":"https:\/\/contrastes.com.co\/digital\/wp-json\/wp\/v2\/posts\/7096\/revisions"}],"predecessor-version":[{"id":7098,"href":"https:\/\/contrastes.com.co\/digital\/wp-json\/wp\/v2\/posts\/7096\/revisions\/7098"}],"wp:featuredmedia":[{"embeddable":true,"href":"https:\/\/contrastes.com.co\/digital\/wp-json\/wp\/v2\/media\/7097"}],"wp:attachment":[{"href":"https:\/\/contrastes.com.co\/digital\/wp-json\/wp\/v2\/media?parent=7096"}],"wp:term":[{"taxonomy":"category","embeddable":true,"href":"https:\/\/contrastes.com.co\/digital\/wp-json\/wp\/v2\/categories?post=7096"},{"taxonomy":"post_tag","embeddable":true,"href":"https:\/\/contrastes.com.co\/digital\/wp-json\/wp\/v2\/tags?post=7096"}],"curies":[{"name":"wp","href":"https:\/\/api.w.org\/{rel}","templated":true}]}}