{"id":7158,"date":"2021-08-31T12:48:38","date_gmt":"2021-08-31T17:48:38","guid":{"rendered":"https:\/\/contrastes.com.co\/digital\/?p=7158"},"modified":"2021-08-31T15:47:20","modified_gmt":"2021-08-31T20:47:20","slug":"alcaldia-de-soledad-continua-focalizando-estudiantes-de-once-grado-en-encuesta-de-actualizacion-sisben-iv","status":"publish","type":"post","link":"https:\/\/contrastes.com.co\/digital\/alcaldia-de-soledad-continua-focalizando-estudiantes-de-once-grado-en-encuesta-de-actualizacion-sisben-iv\/","title":{"rendered":"Alcald\u00eda de Soledad\u00a0contin\u00faa focalizando estudiantes de once grado en\u00a0encuesta de actualizaci\u00f3n Sisb\u00e9n\u00a0IV"},"content":{"rendered":"<p>&nbsp;<\/p>\n<p>Soledad, 31 de agosto de 2021. Un total de 1.000 j\u00f3venes fueron vinculados al\u00a0Sistema de Identificaci\u00f3n de Potenciales Beneficiarios de Programas Sociales, durante \u00a0las Jornadas de Atenci\u00f3n Especial del Sisb\u00e9n, JAES, cuyo prop\u00f3sito es la b\u00fasqueda activa de estudiantes de once grado de las instituciones educativas p\u00fablicas y privadas del municipio de Soledad.<\/p>\n<p>Dreynner Barraza Rosales, administradora de la Oficina del Sisb\u00e9n, expres\u00f3: \u201cDurante agosto, Mes de la Juventud, habilitamos\u00a0 las JAES en las instituciones educativas Blas Torres de la Torre, Juan Manuel Santos, Jos\u00e9 Castillo Bol\u00edvar de La Central, Comunitario de Las Moras, John F. Kennedy, Tajamar, entre otros, y barrios del municipio,\u00a0logrando vincular al Sisb\u00e9n IV a j\u00f3venes que cursan once grado, quienes requieren\u00a0 estar en la plataforma, permitiendo que accedan a la oferta social, municipal, departamental y nacional.<\/p>\n<p>La funcionaria indic\u00f3 que los estudiantes que obtengan buenos resultados en las Pruebas Saber\u00a0y tengan la oportunidad de acceder a una beca universitaria o ayudas educativas, no tendr\u00e1n inconveniente al momento de hacer\u00a0los tr\u00e1mites del beneficio, porque ya estar\u00edan focalizados.<\/p>\n<p>Las JAES continuar\u00e1n\u00a0 en los planteles educativos, donde se espera que los padres de familia acudan con\u00a0sus hijos, estudiantes de once grado, para vincularlos \u00a0al instrumento focalizador de poblaciones vulnerables.<\/p>\n<p>De otra parte, en 15 d\u00edas comenzar\u00e1 la intervenci\u00f3n de \u00e1reas operativas especiales en 20 zonas del municipio, previamente identificadas, en las que se requiere la actualizaci\u00f3n y ampliaci\u00f3n de cobertura del Sisb\u00e9n IV. Esta quinta fase iniciar\u00e1 en Cabica.<\/p>\n","protected":false},"excerpt":{"rendered":"<p>&nbsp; Soledad, 31 de agosto de 2021. Un total de 1.000 j\u00f3venes fueron vinculados al\u00a0Sistema de Identificaci\u00f3n de Potenciales Beneficiarios de Programas Sociales, durante \u00a0las Jornadas de Atenci\u00f3n Especial del Sisb\u00e9n, JAES, cuyo prop\u00f3sito es la b\u00fasqueda activa de estudiantes de once grado de las instituciones educativas p\u00fablicas y privadas del municipio de Soledad. Dreynner [&hellip;]<\/p>\n","protected":false},"author":1,"featured_media":7180,"comment_status":"open","ping_status":"open","sticky":false,"template":"","format":"standard","meta":{"footnotes":""},"categories":[163,533,2],"tags":[35,40,4160,24],"class_list":["post-7158","post","type-post","status-publish","format-standard","has-post-thumbnail","hentry","category-educacion","category-gestion-social","category-locales","tag-alcaldia-de-soledad","tag-rodolfo-ucros","tag-sisben","tag-soledad"],"_links":{"self":[{"href":"https:\/\/contrastes.com.co\/digital\/wp-json\/wp\/v2\/posts\/7158","targetHints":{"allow":["GET"]}}],"collection":[{"href":"https:\/\/contrastes.com.co\/digital\/wp-json\/wp\/v2\/posts"}],"about":[{"href":"https:\/\/contrastes.com.co\/digital\/wp-json\/wp\/v2\/types\/post"}],"author":[{"embeddable":true,"href":"https:\/\/contrastes.com.co\/digital\/wp-json\/wp\/v2\/users\/1"}],"replies":[{"embeddable":true,"href":"https:\/\/contrastes.com.co\/digital\/wp-json\/wp\/v2\/comments?post=7158"}],"version-history":[{"count":1,"href":"https:\/\/contrastes.com.co\/digital\/wp-json\/wp\/v2\/posts\/7158\/revisions"}],"predecessor-version":[{"id":7160,"href":"https:\/\/contrastes.com.co\/digital\/wp-json\/wp\/v2\/posts\/7158\/revisions\/7160"}],"wp:featuredmedia":[{"embeddable":true,"href":"https:\/\/contrastes.com.co\/digital\/wp-json\/wp\/v2\/media\/7180"}],"wp:attachment":[{"href":"https:\/\/contrastes.com.co\/digital\/wp-json\/wp\/v2\/media?parent=7158"}],"wp:term":[{"taxonomy":"category","embeddable":true,"href":"https:\/\/contrastes.com.co\/digital\/wp-json\/wp\/v2\/categories?post=7158"},{"taxonomy":"post_tag","embeddable":true,"href":"https:\/\/contrastes.com.co\/digital\/wp-json\/wp\/v2\/tags?post=7158"}],"curies":[{"name":"wp","href":"https:\/\/api.w.org\/{rel}","templated":true}]}}