{"id":7238,"date":"2021-09-05T16:00:30","date_gmt":"2021-09-05T21:00:30","guid":{"rendered":"https:\/\/contrastes.com.co\/digital\/?p=7238"},"modified":"2021-09-05T20:37:10","modified_gmt":"2021-09-06T01:37:10","slug":"mas-100-jovenes-asistieron-a-la-feria-de-vivienda-en-sabanalarga","status":"publish","type":"post","link":"https:\/\/contrastes.com.co\/digital\/mas-100-jovenes-asistieron-a-la-feria-de-vivienda-en-sabanalarga\/","title":{"rendered":"M\u00e1s 100 j\u00f3venes asistieron a la Feria de Vivienda en Sabanalarga"},"content":{"rendered":"<p><strong>M\u00e1s 100 j\u00f3venes asistieron a la Feria de Vivienda en Sabanalarga<\/strong><\/p>\n<p><strong>Sabanalarga.-<\/strong> Con \u00e9xito se llev\u00f3 a cabo este s\u00e1bado, en la plaza principal de Sabanalarga, la Feria de Vivienda liderada por el<strong> Fondo Nacional del Ahorro<\/strong>, con el apoyo de la <strong>Subsecretar\u00eda de Vivienda de la Gobernaci\u00f3n del Atl\u00e1ntico<\/strong> y la Alcald\u00eda. Durante la jornada, m\u00e1s de 100 personas, en su mayor\u00eda entre 18 y 28 a\u00f1os, se acercaron a conocer detalles sobre el programa J\u00f3venes Propietarios y el subsidio complementario del departamento Vivienda para la Gente.<\/p>\n<p>Asimismo, las constructoras participantes dieron a conocer su oferta inmobiliaria disponible en varios municipios del Atl\u00e1ntico. <strong>La pr\u00f3xima jornada se realizar\u00e1 el s\u00e1bado 11 de septiembre en Puerto Colombia<\/strong>.<\/p>\n","protected":false},"excerpt":{"rendered":"<p>Con \u00e9xito se llev\u00f3 a cabo este s\u00e1bado, en la plaza principal de Sabanalarga, la Feria de Vivienda liderada por el Fondo Nacional del Ahorro, con el apoyo de la Subsecretar\u00eda de Vivienda de la Gobernaci\u00f3n del Atl\u00e1ntico y la Alcald\u00eda. Durante la jornada, m\u00e1s de 100 personas, en su mayor\u00eda entre 18 y 28 a\u00f1os, se acercaron a conocer detalles sobre el programa J\u00f3venes Propietarios y el subsidio complementario del departamento Vivienda para la Gente.<\/p>\n","protected":false},"author":1,"featured_media":7239,"comment_status":"open","ping_status":"open","sticky":false,"template":"","format":"standard","meta":{"footnotes":""},"categories":[2148,6,474],"tags":[1123,4204,4205,754,4206],"class_list":["post-7238","post","type-post","status-publish","format-standard","has-post-thumbnail","hentry","category-eventos","category-region","category-vivienda","tag-alcaldia-de-sabanalarga","tag-feria-de-vivienda","tag-fondo-nacional-del-ahorro","tag-municipio-de-sabanalarga","tag-subsecretaria-de-vivienda-de-la-gobernacion-del-atlantico"],"_links":{"self":[{"href":"https:\/\/contrastes.com.co\/digital\/wp-json\/wp\/v2\/posts\/7238","targetHints":{"allow":["GET"]}}],"collection":[{"href":"https:\/\/contrastes.com.co\/digital\/wp-json\/wp\/v2\/posts"}],"about":[{"href":"https:\/\/contrastes.com.co\/digital\/wp-json\/wp\/v2\/types\/post"}],"author":[{"embeddable":true,"href":"https:\/\/contrastes.com.co\/digital\/wp-json\/wp\/v2\/users\/1"}],"replies":[{"embeddable":true,"href":"https:\/\/contrastes.com.co\/digital\/wp-json\/wp\/v2\/comments?post=7238"}],"version-history":[{"count":1,"href":"https:\/\/contrastes.com.co\/digital\/wp-json\/wp\/v2\/posts\/7238\/revisions"}],"predecessor-version":[{"id":7240,"href":"https:\/\/contrastes.com.co\/digital\/wp-json\/wp\/v2\/posts\/7238\/revisions\/7240"}],"wp:featuredmedia":[{"embeddable":true,"href":"https:\/\/contrastes.com.co\/digital\/wp-json\/wp\/v2\/media\/7239"}],"wp:attachment":[{"href":"https:\/\/contrastes.com.co\/digital\/wp-json\/wp\/v2\/media?parent=7238"}],"wp:term":[{"taxonomy":"category","embeddable":true,"href":"https:\/\/contrastes.com.co\/digital\/wp-json\/wp\/v2\/categories?post=7238"},{"taxonomy":"post_tag","embeddable":true,"href":"https:\/\/contrastes.com.co\/digital\/wp-json\/wp\/v2\/tags?post=7238"}],"curies":[{"name":"wp","href":"https:\/\/api.w.org\/{rel}","templated":true}]}}