{"id":7438,"date":"2021-09-17T15:22:42","date_gmt":"2021-09-17T20:22:42","guid":{"rendered":"https:\/\/contrastes.com.co\/digital\/?p=7438"},"modified":"2021-09-19T22:04:38","modified_gmt":"2021-09-20T03:04:38","slug":"con-el-apoyo-de-la-gobernacion-del-atlantico-poblacion-victima-participa-en-feria-de-emprendimiento","status":"publish","type":"post","link":"https:\/\/contrastes.com.co\/digital\/con-el-apoyo-de-la-gobernacion-del-atlantico-poblacion-victima-participa-en-feria-de-emprendimiento\/","title":{"rendered":"Con el apoyo de la Gobernaci\u00f3n del Atl\u00e1ntico, poblaci\u00f3n v\u00edctima participa en Feria de Emprendimiento"},"content":{"rendered":"<p><strong>Con el apoyo de la Gobernaci\u00f3n del Atl\u00e1ntico, poblaci\u00f3n v\u00edctima participa en Feria de Emprendimiento<\/strong><\/p>\n<p><strong>*La feria para emprendedores v\u00edctimas del conflicto armado (poblaci\u00f3n desplazada) es un evento que se realiza articuladamente entre la Secretar\u00eda del Interior departamental, la Unidad para las V\u00edctimas y el Sena regional Atl\u00e1ntico. <\/strong><\/p>\n<p><strong>* La feria contar\u00e1 con alrededor de 45 emprendimientos de poblaci\u00f3n v\u00edctima del conflicto armado, quienes mostrar\u00e1n su talento en los centros comerciales.<\/strong><\/p>\n<p><strong>Barranquilla.- <\/strong>Artesan\u00edas, bisuter\u00eda, confecci\u00f3n, producci\u00f3n de qu\u00edmicos, mieles, jabones artesanales, desinfectantes, entre otros, hacen parte de los productos que la poblaci\u00f3n v\u00edctima ha elaborado y que hoy exponen en la feria de productos en tres centros comerciales de Barranquilla.<\/p>\n<p>La feria para emprendedores v\u00edctimas del conflicto armado (poblaci\u00f3n desplazada) es un evento que se realiza articuladamente entre la Secretar\u00eda del Interior departamental, la Unidad para las V\u00edctimas y el Sena regional Atl\u00e1ntico, para dar a conocer el talento de la poblaci\u00f3n v\u00edctima del departamento.<\/p>\n<p>\u00abEstamos haciendo un fortalecimiento a 45 emprendedores v\u00edctimas del conflicto armado de\u00a0 todos los municipios del Atl\u00e1ntico. Nos encontramos de manera simult\u00e1nea en tres centros comerciales, estamos en Mall Plaza, en el centro comercial Metropolitano y en el Country Plaza, mostrando todos los emprendimientos que tenemos\u201d, dijo la coordinadora del programa de Gesti\u00f3n de Paz Territorial de la Secretar\u00eda de Interior del departamento, Karen Osorio.<\/p>\n<p>Osorio destac\u00f3 que, gracias al apoyo de la Gobernaci\u00f3n del Atl\u00e1ntico y en alianza con el Sena, estos emprendedores est\u00e1n llevando sus productos a la ciudad de Barranquilla y esperan que, una vez termine esta feria, llevarlos tambi\u00e9n a los municipios, apoy\u00e1ndolos en la construcci\u00f3n, reconciliaci\u00f3n y en esa apuesta que hacen las v\u00edctimas del conflicto armado por superar esa condici\u00f3n de vulnerabilidad de la que en alg\u00fan momento fueron v\u00edctimas y hoy est\u00e1n mostr\u00e1ndole al departamento del Atl\u00e1ntico que son unos emprendedores 100 por ciento.<\/p>\n<p>\u201cDesde el departamento del Atl\u00e1ntico, seguimos brindando atenci\u00f3n, oportunidad y asistencia nuestra poblaci\u00f3n\u201d, agreg\u00f3 Karen Osorio.<\/p>\n<p>La Secretar\u00eda de la Mujer participa en este evento, pues con la Ruta del Girasol y el programa casa refugio tambi\u00e9n exponen sus emprendimientos.<\/p>\n<p>Con esta feria se cumple con el componente de asistencia en temas de generaci\u00f3n de ingreso estipulado en la ley 1448 de 2011 pol\u00edtica p\u00fablica de v\u00edctimas y con las metas del Plan de Desarrollo de generar espacios de promoci\u00f3n de emprendimiento para la generaci\u00f3n de ingresos.<\/p>\n<p>La feria cuenta con alrededor de 45 emprendimientos de poblaci\u00f3n v\u00edctima del conflicto armado, quienes mostrar\u00e1n su talento en tres centros comerciales.<\/p>\n","protected":false},"excerpt":{"rendered":"<p>Artesan\u00edas, bisuter\u00eda, confecci\u00f3n, producci\u00f3n de qu\u00edmicos, mieles, jabones artesanales, desinfectantes, entre otros, hacen parte de los productos que la poblaci\u00f3n v\u00edctima ha elaborado y que hoy exponen en la feria de productos en tres centros comerciales de Barranquilla.<\/p>\n","protected":false},"author":1,"featured_media":7439,"comment_status":"open","ping_status":"open","sticky":false,"template":"","format":"standard","meta":{"footnotes":""},"categories":[6],"tags":[4344,30,4343],"class_list":["post-7438","post","type-post","status-publish","format-standard","has-post-thumbnail","hentry","category-region","tag-feria-de-emprendimiento","tag-gobernacion-del-atlantico","tag-poblacion-victima"],"_links":{"self":[{"href":"https:\/\/contrastes.com.co\/digital\/wp-json\/wp\/v2\/posts\/7438","targetHints":{"allow":["GET"]}}],"collection":[{"href":"https:\/\/contrastes.com.co\/digital\/wp-json\/wp\/v2\/posts"}],"about":[{"href":"https:\/\/contrastes.com.co\/digital\/wp-json\/wp\/v2\/types\/post"}],"author":[{"embeddable":true,"href":"https:\/\/contrastes.com.co\/digital\/wp-json\/wp\/v2\/users\/1"}],"replies":[{"embeddable":true,"href":"https:\/\/contrastes.com.co\/digital\/wp-json\/wp\/v2\/comments?post=7438"}],"version-history":[{"count":1,"href":"https:\/\/contrastes.com.co\/digital\/wp-json\/wp\/v2\/posts\/7438\/revisions"}],"predecessor-version":[{"id":7440,"href":"https:\/\/contrastes.com.co\/digital\/wp-json\/wp\/v2\/posts\/7438\/revisions\/7440"}],"wp:featuredmedia":[{"embeddable":true,"href":"https:\/\/contrastes.com.co\/digital\/wp-json\/wp\/v2\/media\/7439"}],"wp:attachment":[{"href":"https:\/\/contrastes.com.co\/digital\/wp-json\/wp\/v2\/media?parent=7438"}],"wp:term":[{"taxonomy":"category","embeddable":true,"href":"https:\/\/contrastes.com.co\/digital\/wp-json\/wp\/v2\/categories?post=7438"},{"taxonomy":"post_tag","embeddable":true,"href":"https:\/\/contrastes.com.co\/digital\/wp-json\/wp\/v2\/tags?post=7438"}],"curies":[{"name":"wp","href":"https:\/\/api.w.org\/{rel}","templated":true}]}}