{"id":7450,"date":"2021-09-17T13:21:56","date_gmt":"2021-09-17T18:21:56","guid":{"rendered":"https:\/\/contrastes.com.co\/digital\/?p=7450"},"modified":"2021-09-19T22:26:55","modified_gmt":"2021-09-20T03:26:55","slug":"en-manuela-beltran-de-soledad-revive-la-esperanza-para-la-titulacion-de-viviendas","status":"publish","type":"post","link":"https:\/\/contrastes.com.co\/digital\/en-manuela-beltran-de-soledad-revive-la-esperanza-para-la-titulacion-de-viviendas\/","title":{"rendered":"En Manuela Beltr\u00e1n de Soledad revive la esperanza para la titulaci\u00f3n de viviendas"},"content":{"rendered":"<p><strong>En Manuela Beltr\u00e1n de Soledad revive la esperanza para la titulaci\u00f3n de viviendas<\/strong><\/p>\n<blockquote><p><strong>\u201cEl lunes comienzan los caracterizadores a hacer las visitas y a facilitarles el trabajo, pidi\u00e9ndoles los documentos que se requieren. La idea es entregar los t\u00edtulos este mismo a\u00f1o y para que esto sea posible, necesitamos que entreguen r\u00e1pido la informaci\u00f3n, porque no podemos mandarla paulatinamente, sino el bloque completo a Instrumentos P\u00fablicos\u201d, indic\u00f3 el gobernante solede\u00f1o.<\/strong><\/p><\/blockquote>\n<p><strong>Soledad.- <\/strong>Para los habitantes del barrio Manuela Beltr\u00e1n de Soledad,\u00a0 renaci\u00f3 la esperanza de convertirse en due\u00f1os de sus casas, gracias al programa Familias Propietarias del Gran Pacto Social. El alcalde Rodolfo Ucr\u00f3s Rosales fue el portador de las buenas noticias para estos hogares que han esperado por m\u00e1s de 47 a\u00f1os para obtener su t\u00edtulo de propiedad.<\/p>\n<p>\u201cInicialmente, vamos a entregar en este barrio 300 t\u00edtulos de propiedad debidamente registrados en la Oficina de Instrumentos P\u00fablicos y a nombre de cada uno de ustedes. Ya no van a tener ning\u00fan riesgo en el futuro con respecto a cualquier situaci\u00f3n que se pueda presentar que le quieran quitar la casa, eso no va a pasar porque va a estar a nombre de ustedes\u201d, afirm\u00f3 el mandatario en el evento de socializaci\u00f3n del proceso de caracterizaci\u00f3n con la comunidad del sector, el cual comenzar\u00e1 el pr\u00f3ximo 20 de septiembre.<\/p>\n<p>El alcalde precis\u00f3 que en el 2020 Soledad fue el municipio que entreg\u00f3 m\u00e1s t\u00edtulos, incluso, por encima de Bogot\u00e1. \u201cSomos el municipio Uno A en esta materia en Colombia, titulamos 5 mil viviendas el a\u00f1o pasado; en esta anualidad vamos a entregar 5 mil t\u00edtulos adicionales. En el 2022 y 2023, 10 mil m\u00e1s, para un total de 20 mil durante los cuatro a\u00f1os de gobierno. En nuestro Plan de Desarrollo tenemos incorporado \u00e9ste como uno de nuestros principales proyectos.<\/p>\n<p>\u201cEl lunes comienzan los caracterizadores a hacer las visitas y a facilitarles el trabajo, pidi\u00e9ndoles los documentos que se requieren. La idea es entregar los t\u00edtulos este mismo a\u00f1o y para que esto sea posible, necesitamos que entreguen r\u00e1pido la informaci\u00f3n, porque no podemos mandarla paulatinamente, sino el bloque completo a Instrumentos P\u00fablicos\u201d, indic\u00f3 el gobernante solede\u00f1o.<\/p>\n<p>\u201cFamilias Propietarias es un referente, reconocido por el presidente de la Rep\u00fablica y la superintendente de Notariado y Registro. Este programa permite ir mostrando la cara amable de lo que representa Soledad, es el resultado de un alcalde que se la ha jugado toda con el tema de la titulaci\u00f3n gratuita y la legalizaci\u00f3n masiva de barrios, que tiene claro el sentido de lo que representa un techo para un hogar\u201d, expres\u00f3 el secretario de Planeaci\u00f3n, Leonardo Pereira.<\/p>\n<p>Finalmente, Freddy Castiblanco, delegado comunal de Manuela Beltr\u00e1n, se\u00f1al\u00f3 que \u201ces una satisfacci\u00f3n ver a personas de anta\u00f1o, que han habitado en este barrio con ganas de ser due\u00f1os del espacio donde viven. Muchos adultos mayores van a recibir con alegr\u00eda esta maravillosa noticia\u201d.<\/p>\n","protected":false},"excerpt":{"rendered":"<p>Para los habitantes del barrio Manuela Beltr\u00e1n de Soledad,\u00a0 renaci\u00f3 la esperanza de convertirse en due\u00f1os de sus casas, gracias al programa Familias Propietarias del Gran Pacto Social. El alcalde Rodolfo Ucr\u00f3s Rosales fue el portador de las buenas noticias para estos hogares que han esperado por m\u00e1s de 47 a\u00f1os para obtener su t\u00edtulo de propiedad.<\/p>\n","protected":false},"author":1,"featured_media":7451,"comment_status":"open","ping_status":"open","sticky":false,"template":"","format":"standard","meta":{"footnotes":""},"categories":[2,474],"tags":[35,476,4310,38,1848,4353],"class_list":["post-7450","post","type-post","status-publish","format-standard","has-post-thumbnail","hentry","category-locales","category-vivienda","tag-alcaldia-de-soledad","tag-barrio-manuela-beltran","tag-entrega-de-titulos-de-propiedad-del-programa-familias-propietarias","tag-municipio-de-soledad","tag-rodolfo-ucros-rosales","tag-titulacion-de-viviendas"],"_links":{"self":[{"href":"https:\/\/contrastes.com.co\/digital\/wp-json\/wp\/v2\/posts\/7450","targetHints":{"allow":["GET"]}}],"collection":[{"href":"https:\/\/contrastes.com.co\/digital\/wp-json\/wp\/v2\/posts"}],"about":[{"href":"https:\/\/contrastes.com.co\/digital\/wp-json\/wp\/v2\/types\/post"}],"author":[{"embeddable":true,"href":"https:\/\/contrastes.com.co\/digital\/wp-json\/wp\/v2\/users\/1"}],"replies":[{"embeddable":true,"href":"https:\/\/contrastes.com.co\/digital\/wp-json\/wp\/v2\/comments?post=7450"}],"version-history":[{"count":1,"href":"https:\/\/contrastes.com.co\/digital\/wp-json\/wp\/v2\/posts\/7450\/revisions"}],"predecessor-version":[{"id":7452,"href":"https:\/\/contrastes.com.co\/digital\/wp-json\/wp\/v2\/posts\/7450\/revisions\/7452"}],"wp:featuredmedia":[{"embeddable":true,"href":"https:\/\/contrastes.com.co\/digital\/wp-json\/wp\/v2\/media\/7451"}],"wp:attachment":[{"href":"https:\/\/contrastes.com.co\/digital\/wp-json\/wp\/v2\/media?parent=7450"}],"wp:term":[{"taxonomy":"category","embeddable":true,"href":"https:\/\/contrastes.com.co\/digital\/wp-json\/wp\/v2\/categories?post=7450"},{"taxonomy":"post_tag","embeddable":true,"href":"https:\/\/contrastes.com.co\/digital\/wp-json\/wp\/v2\/tags?post=7450"}],"curies":[{"name":"wp","href":"https:\/\/api.w.org\/{rel}","templated":true}]}}