{"id":7483,"date":"2021-09-21T17:20:30","date_gmt":"2021-09-21T22:20:30","guid":{"rendered":"https:\/\/contrastes.com.co\/digital\/?p=7483"},"modified":"2021-09-21T17:20:30","modified_gmt":"2021-09-21T22:20:30","slug":"transito-del-atlantico-inauguro-en-juan-de-acosta-su-primera-oficina-informativa","status":"publish","type":"post","link":"https:\/\/contrastes.com.co\/digital\/transito-del-atlantico-inauguro-en-juan-de-acosta-su-primera-oficina-informativa\/","title":{"rendered":"Tr\u00e1nsito del Atl\u00e1ntico inaugur\u00f3 en Juan de Acosta su primera oficina informativa"},"content":{"rendered":"<p><strong>Tr\u00e1nsito del Atl\u00e1ntico inaugur\u00f3 en Juan de Acosta su primera oficina informativa<\/strong><\/p>\n<blockquote><p><strong>\u2022 Esta sede proveer\u00e1 a los municipios de la zona costera atenci\u00f3n informativa en tr\u00e1mites de la entidad.<\/strong><\/p>\n<p><strong>\u2022 Con esta oficina, Tr\u00e1nsito del Atl\u00e1ntico busca estar m\u00e1s cerca de la gente y ayudarlos a estar al d\u00eda con sus tr\u00e1mites.<\/strong><\/p>\n<p><strong>\u2022 La nueva oficina funcionar\u00e1 de lunes a viernes, entre las 8:00 a.m. y 4:00 p.m., desde la Alcald\u00eda de Juan de Acosta.<\/strong><\/p><\/blockquote>\n<p><strong>Juan de Acosta.-<\/strong>\u00a0Tr\u00e1nsito del Atl\u00e1ntico inaugur\u00f3 su primera oficina informativa remota, en el municipio de Juan de Acosta. La directora, Susana Cadavid Barrosp\u00e1ez, realiz\u00f3 el desanude de la cinta inaugural junto al subdirector Operativo del Tr\u00e1nsito del Atl\u00e1ntico, Javier Visbal Mart\u00ednez, y el alcalde del municipio, Carlos Higgins Villanueva; rodeados de funcionarios de la administraci\u00f3n municipal y costeros que celebraron el poder tener m\u00e1s cerca los servicios que ofrece la entidad.<\/p>\n<p>\u00abGracias al esfuerzo operativo del Tr\u00e1nsito del Atl\u00e1ntico, y en convenio con la Alcald\u00eda de Juan de Acosta, logramos dar apertura a esta oficina informativa, donde los habitantes de este municipio y los municipios vecinos podr\u00e1n acceder a toda la informaci\u00f3n del portafolio de servicios y tr\u00e1mites que ofrecemos en nuestra sede operativa de Sabanagrande\u00bb, expres\u00f3 Susana Cadavid.<\/p>\n<p>La Directora de la entidad inform\u00f3 que la oficina funcionar\u00e1 desde la sede de la Alcald\u00eda de Juan de Acosta, a partir de este lunes 20 de septiembre, de lunes a viernes en horario de 8:00 a.m. a 4:00 p.m.<\/p>\n<p>As\u00ed mismo, detall\u00f3 que en la nueva oficina remota del Tr\u00e1nsito del Atl\u00e1ntico, los ciudadanos podr\u00e1n realizar liquidaci\u00f3n de comparendos y recibir informaci\u00f3n precisa y confiable acerca de los impuestos de tasa vehicular o derechos de tr\u00e1nsito, as\u00ed como de los distintos tr\u00e1mites de la entidad.<\/p>\n<p>El alcalde del Juan de Acosta, Carlos Higgins Villanueva, asegur\u00f3 que la inauguraci\u00f3n de esta oficina es algo \u00abtrascendental\u00bb para el municipio y toda la zona costera del Atl\u00e1ntico.<\/p>\n<p>\u00abEsto es algo nunca antes visto y nos alegra mucho que el Tr\u00e1nsito del Atl\u00e1ntico pueda fijar una oficina aqu\u00ed en Juan de Acosta. De esta forma nuestra comunidad podr\u00e1 venir a adelantar y consultar sus tr\u00e1mites de Tr\u00e1nsito, con la ayuda de profesionales j\u00f3venes de nuestro municipio que no s\u00f3lo pondr\u00e1n la cara por el Tr\u00e1nsito, sino por Juan de Acosta\u00bb, manifest\u00f3 el mandatario municipal, agradeciendo al Tr\u00e1nsito del Atl\u00e1ntico por haberlos escogido para esta importante operaci\u00f3n.<\/p>\n<p>\u00abDe verdad que nos sentimos muy complacidos y agradecidos; y as\u00ed como dice el eslogan del Tr\u00e1nsito del Atl\u00e1ntico, hay muchos caminos por recorrer y elegimos no parar, sino avanzar y hacer cosas importantes para nuestro municipio y departamento\u00bb, concluy\u00f3 el Alcalde.<\/p>\n<p>El Subdirector Operativo del Tr\u00e1nsito del Atl\u00e1ntico asegur\u00f3 que la activaci\u00f3n de esta oficina se logr\u00f3 gracias a un esfuefzo conjunto para estar m\u00e1s cerca de la gente, por lo que invit\u00f3 a todos los habitantes de la zona costera del departamento se acerquen a la oficina informativa en Juan de Acosta, para aprovechar y disfrutar de las facilidades en tr\u00e1mites y servicios que, a partir de ahora, ofrece la autoridad de Tr\u00e1nsito departamental.<\/p>\n<p>La iniciativa tambi\u00e9n fue aplaudida por el concejal de Juan de Acosta Edinson Rocha Molina, quien agradeci\u00f3 a la Alcald\u00eda y a la direcci\u00f3n del Tr\u00e1nsito del Atl\u00e1ntico por su gesti\u00f3n y voluntad, \u00abque lograron comprometer al municipio de Juan de Acosta para abrir esta oficina aqu\u00ed y poder brindar a los ciudadanos la facilidad para realizar sus tr\u00e1mites\u00bb.<\/p>\n<p>\u00abEstamos seguros de que la nueva oficina informativa traer\u00e1 beneficios para el amplio parque automotor que tiene el municipio, por eso invitamos a todos los costeros a contar con esta como su oficina amiga en temas de tr\u00e1nsito y mantenerse al d\u00eda con sus tr\u00e1mites\u00bb, a\u00f1adi\u00f3 el concejal.<\/p>\n<p>Finalmente, Susana Cadavid asegur\u00f3 que esta oficina informativa en Juan de Acosta est\u00e1 ubicada de manera estrat\u00e9gica para cumplir el objetivo de la entidad de avanzar cercanos a la gente.<\/p>\n","protected":false},"excerpt":{"rendered":"<p>Tr\u00e1nsito del Atl\u00e1ntico inaugur\u00f3 su primera oficina informativa remota, en el municipio de Juan de Acosta. La directora, Susana Cadavid Barrosp\u00e1ez, realiz\u00f3 el desanude de la cinta inaugural junto al subdirector Operativo del Tr\u00e1nsito del Atl\u00e1ntico, Javier Visbal Mart\u00ednez, y el alcalde del municipio, Carlos Higgins Villanueva; rodeados de funcionarios de la administraci\u00f3n municipal y costeros que celebraron el poder tener m\u00e1s cerca los servicios que ofrece la entidad.<\/p>\n","protected":false},"author":1,"featured_media":7484,"comment_status":"open","ping_status":"open","sticky":false,"template":"","format":"standard","meta":{"footnotes":""},"categories":[6,622,1364],"tags":[30,4374,889,968,4375,890,2865],"class_list":["post-7483","post","type-post","status-publish","format-standard","has-post-thumbnail","hentry","category-region","category-transporte","category-vias-y-movilidad","tag-gobernacion-del-atlantico","tag-inauguracion","tag-instituto-de-transito-del-atlantico","tag-municipio-de-juan-de-acosta","tag-oficina-informativa","tag-susana-cadavid","tag-transito-del-atlantico"],"_links":{"self":[{"href":"https:\/\/contrastes.com.co\/digital\/wp-json\/wp\/v2\/posts\/7483","targetHints":{"allow":["GET"]}}],"collection":[{"href":"https:\/\/contrastes.com.co\/digital\/wp-json\/wp\/v2\/posts"}],"about":[{"href":"https:\/\/contrastes.com.co\/digital\/wp-json\/wp\/v2\/types\/post"}],"author":[{"embeddable":true,"href":"https:\/\/contrastes.com.co\/digital\/wp-json\/wp\/v2\/users\/1"}],"replies":[{"embeddable":true,"href":"https:\/\/contrastes.com.co\/digital\/wp-json\/wp\/v2\/comments?post=7483"}],"version-history":[{"count":1,"href":"https:\/\/contrastes.com.co\/digital\/wp-json\/wp\/v2\/posts\/7483\/revisions"}],"predecessor-version":[{"id":7485,"href":"https:\/\/contrastes.com.co\/digital\/wp-json\/wp\/v2\/posts\/7483\/revisions\/7485"}],"wp:featuredmedia":[{"embeddable":true,"href":"https:\/\/contrastes.com.co\/digital\/wp-json\/wp\/v2\/media\/7484"}],"wp:attachment":[{"href":"https:\/\/contrastes.com.co\/digital\/wp-json\/wp\/v2\/media?parent=7483"}],"wp:term":[{"taxonomy":"category","embeddable":true,"href":"https:\/\/contrastes.com.co\/digital\/wp-json\/wp\/v2\/categories?post=7483"},{"taxonomy":"post_tag","embeddable":true,"href":"https:\/\/contrastes.com.co\/digital\/wp-json\/wp\/v2\/tags?post=7483"}],"curies":[{"name":"wp","href":"https:\/\/api.w.org\/{rel}","templated":true}]}}