{"id":7513,"date":"2021-09-24T07:31:02","date_gmt":"2021-09-24T12:31:02","guid":{"rendered":"https:\/\/contrastes.com.co\/digital\/?p=7513"},"modified":"2021-09-24T07:31:02","modified_gmt":"2021-09-24T12:31:02","slug":"listado-de-concursantes-para-el-54-festival-de-la-leyenda-vallenata-en-homenaje-al-compositor-rosendo-romero","status":"publish","type":"post","link":"https:\/\/contrastes.com.co\/digital\/listado-de-concursantes-para-el-54-festival-de-la-leyenda-vallenata-en-homenaje-al-compositor-rosendo-romero\/","title":{"rendered":"Listado de concursantes para el 54\u00b0 Festival de la Leyenda Vallenata en homenaje al compositor Rosendo Romero"},"content":{"rendered":"<p><strong>Prensa Festival Vallenato<\/strong><\/p>\n<p style=\"font-weight: 400;\">La Fundaci\u00f3n Festival de la Leyenda Vallenata da a conocer el listado de los concursantes que buscar\u00e1n las coronas de las distintas categor\u00edas del 54\u00b0 Festival de la Leyenda Vallenata en homenaje al compositor Rosendo Romero Ospino, \u2018El poeta de Villanueva\u2019.<\/p>\n<p style=\"font-weight: 400;\">La selecci\u00f3n de los 30 acordeoneros pertenecientes a las categor\u00edas de acorde\u00f3n profesional y aficionado, les correspondi\u00f3 al Rey de Reyes Gonzalo Arturo \u2018El Cocha\u2019 Molina Mej\u00eda, y a los Reyes Vallenatos Nav\u00edn Jos\u00e9 L\u00f3pez Ara\u00fajo, Juan Jos\u00e9 Granados C\u00f3rdoba, Harold Jos\u00e9 Rivera Febles y Jos\u00e9 Mar\u00eda \u2018Chemita\u2019 Ramos Navarro.<\/p>\n<p style=\"font-weight: 400;\">Luego de observar detenidamente los videos con dos aires vallenatos enviados por los concursantes de las anotadas categor\u00edas, entregaron el listado de seleccionados anotando que eran excelentes exponentes del vallenato tradicional.<\/p>\n<p style=\"font-weight: 400;\">De otra parte, del Festival de la Leyenda Vallenata har\u00e1n parte 8 acordeoneras mayores, 6 acordeoneras menores, 20 acordeoneros juveniles y 16 infantiles. En lo referente a la piquer\u00eda participar\u00e1n 41 verseadores mayores y 8 menores.<\/p>\n<p style=\"font-weight: 400;\">Finalmente se anota que el listado de las canciones seleccionadas, se estar\u00e1n entregando m\u00e1s adelante. Para este concurso se inscribieron 88 paseos, 30 merengues, 20 sones y 10 puyas, para un total de 148 canciones.<\/p>\n<p style=\"font-weight: 400;\">La Fundaci\u00f3n Festival de la Leyenda Vallenata les agradece a los concursantes haber aceptado la convocatoria con la finalidad de continuar exaltando el vallenato tradicional y mostrar su talento es el mejor escenario como es el Festival de la Leyenda Vallenata.<\/p>\n<p><span style=\"font-weight: 400;\">Se adjunta el listado de concursantes en las distintas categor\u00edas.<\/span><\/p>\n<p><a href=\"https:\/\/contrastes.com.co\/digital\/wp-content\/uploads\/2021\/09\/LISTADO-SELECCIONADOS-ACORDEONEROS-PROFESIONAL-2021.pdf\">LISTADO SELECCIONADOS ACORDEONEROS PROFESIONAL 2021<\/a><\/p>\n<p><a href=\"https:\/\/contrastes.com.co\/digital\/wp-content\/uploads\/2021\/09\/LISTADO-SELECCIONADOS-ACORDEONEROS-AFICIONADO-2021.pdf\">LISTADO SELECCIONADOS ACORDEONEROS AFICIONADO 2021<\/a><\/p>\n<p><a href=\"https:\/\/contrastes.com.co\/digital\/wp-content\/uploads\/2021\/09\/LISTADO-INSCRITOS-ACORDEONERA-MAYOR-2021.pdf\">LISTADO INSCRITOS ACORDEONERA MAYOR 2021<\/a><\/p>\n<p><a href=\"https:\/\/contrastes.com.co\/digital\/wp-content\/uploads\/2021\/09\/LISTADO-INSCRITOS-ACORDEONERA-MENOR-2021.pdf\">LISTADO INSCRITOS ACORDEONERA MENOR 2021<\/a><\/p>\n<p><a href=\"https:\/\/contrastes.com.co\/digital\/wp-content\/uploads\/2021\/09\/LISTADO-INSCRITOS-JUVENIL-2021.pdf\">LISTADO INSCRITOS JUVENIL 2021<\/a><\/p>\n<p><a href=\"https:\/\/contrastes.com.co\/digital\/wp-content\/uploads\/2021\/09\/LISTADO-INSCRITOS-INFANTIL-2021.pdf\">LISTADO INSCRITOS INFANTIL 2021<\/a><\/p>\n<p><a href=\"https:\/\/contrastes.com.co\/digital\/wp-content\/uploads\/2021\/09\/LISTADO-PIQUERIA-MAYOR-2021.pdf\">LISTADO PIQUERIA MAYOR 2021<\/a><\/p>\n<p><a href=\"https:\/\/contrastes.com.co\/digital\/wp-content\/uploads\/2021\/09\/LISTADO-PIQUERIA-MENOR-2021.pdf\">LISTADO PIQUERIA MENOR 2021<\/a><\/p>\n","protected":false},"excerpt":{"rendered":"<p>Prensa Festival Vallenato La Fundaci\u00f3n Festival de la Leyenda Vallenata da a conocer el listado de los concursantes que buscar\u00e1n las coronas de las distintas categor\u00edas del 54\u00b0 Festival de la Leyenda Vallenata en homenaje al compositor Rosendo Romero Ospino, \u2018El poeta de Villanueva\u2019. La selecci\u00f3n de los 30 acordeoneros pertenecientes a las categor\u00edas de [&hellip;]<\/p>\n","protected":false},"author":1,"featured_media":7514,"comment_status":"open","ping_status":"open","sticky":false,"template":"","format":"standard","meta":{"footnotes":""},"categories":[2],"tags":[4247,1979],"class_list":["post-7513","post","type-post","status-publish","format-standard","has-post-thumbnail","hentry","category-locales","tag-festival-vallenato","tag-valledupar"],"_links":{"self":[{"href":"https:\/\/contrastes.com.co\/digital\/wp-json\/wp\/v2\/posts\/7513","targetHints":{"allow":["GET"]}}],"collection":[{"href":"https:\/\/contrastes.com.co\/digital\/wp-json\/wp\/v2\/posts"}],"about":[{"href":"https:\/\/contrastes.com.co\/digital\/wp-json\/wp\/v2\/types\/post"}],"author":[{"embeddable":true,"href":"https:\/\/contrastes.com.co\/digital\/wp-json\/wp\/v2\/users\/1"}],"replies":[{"embeddable":true,"href":"https:\/\/contrastes.com.co\/digital\/wp-json\/wp\/v2\/comments?post=7513"}],"version-history":[{"count":1,"href":"https:\/\/contrastes.com.co\/digital\/wp-json\/wp\/v2\/posts\/7513\/revisions"}],"predecessor-version":[{"id":7523,"href":"https:\/\/contrastes.com.co\/digital\/wp-json\/wp\/v2\/posts\/7513\/revisions\/7523"}],"wp:featuredmedia":[{"embeddable":true,"href":"https:\/\/contrastes.com.co\/digital\/wp-json\/wp\/v2\/media\/7514"}],"wp:attachment":[{"href":"https:\/\/contrastes.com.co\/digital\/wp-json\/wp\/v2\/media?parent=7513"}],"wp:term":[{"taxonomy":"category","embeddable":true,"href":"https:\/\/contrastes.com.co\/digital\/wp-json\/wp\/v2\/categories?post=7513"},{"taxonomy":"post_tag","embeddable":true,"href":"https:\/\/contrastes.com.co\/digital\/wp-json\/wp\/v2\/tags?post=7513"}],"curies":[{"name":"wp","href":"https:\/\/api.w.org\/{rel}","templated":true}]}}