{"id":7564,"date":"2021-09-26T13:23:01","date_gmt":"2021-09-26T18:23:01","guid":{"rendered":"https:\/\/contrastes.com.co\/digital\/?p=7564"},"modified":"2021-09-28T20:31:06","modified_gmt":"2021-09-29T01:31:06","slug":"atlantico-se-mueve-con-las-caminatas-5k-de-indeportes","status":"publish","type":"post","link":"https:\/\/contrastes.com.co\/digital\/atlantico-se-mueve-con-las-caminatas-5k-de-indeportes\/","title":{"rendered":"Atl\u00e1ntico se mueve con las Caminatas 5K de Indeportes"},"content":{"rendered":"<p><strong>Atl\u00e1ntico se mueve con las Caminatas 5K de Indeportes<\/strong><\/p>\n<blockquote><p><strong>* Las jornadas se realizar\u00e1n de forma presencial en todos los municipios del departamento, desde este lunes 27 hasta el jueves 30 de septiembre.<\/strong><\/p>\n<p><strong>*Se busca crear conciencia de lo importante que es realizar actividad f\u00edsica en beneficio de la salud, el bienestar y mejor calidad de vida.<\/strong><\/p>\n<p><strong>* Como un pre\u00e1mbulo a esta jornada, Indeportes, a trav\u00e9s de su Facebook, comparti\u00f3 con todos los internautas de Colombia una caminata virtual desde los senderos de Luriza (Usiacur\u00ed), en el Atl\u00e1ntico.<\/strong><\/p><\/blockquote>\n<p><strong>Barranquilla.-<\/strong>\u00a0En el marco de la <strong>semana de h\u00e1bitos y estilos de vida saludable<\/strong>, Indeportes Atl\u00e1ntico tiene todo listo para la realizaci\u00f3n de las Caminatas 5K presencial en los 22 municipios del departamento, con el objetivo de seguir creando conciencia sobre la importancia de realizar actividad f\u00edsica.<\/p>\n<p>Como actividad previa a esta gran semana de caminatas 5K, el Instituto de Deportes del departamento, desde su cuenta en Facebook, comparti\u00f3 con todos los internautas de Colombia una caminata virtual desde Luriza, en Usiacur\u00ed, un m\u00e1gico lugar del Atl\u00e1ntico considerada reserva natural.<\/p>\n<p>La caminata virtual tuvo un \u00e9xito total en las primeras 24 horas de estar colgado al aire, con 2.757 personas alcanzadas, 1.459 interacciones, 419 comentarios, 388 reacciones y fue compartido m\u00e1s de 87 veces.<\/p>\n<p>\u201cDesde Fomento y Desarrollo invitamos a todos los atlanticense a que se sumen a estas caminatas 5K completamente gratis, que tendr\u00e1n todas como punto de partida las plazas centrales de los municipios desde las 5:30 am en horario unificado\u00bb, manifest\u00f3 el director de Fomento y Desarrollo de Indeportes, Alexander Gonz\u00e1lez.<\/p>\n<p>Desde este lunes y hasta el jueves, todos los d\u00edas agrupados por subregiones, los municipios tendr\u00e1n sus caminatas 5K presencial, guardando los protocolos de bioseguridad y con el acompa\u00f1amiento de las autoridades de cada municipio.<\/p>\n<figure id=\"attachment_7566\" aria-describedby=\"caption-attachment-7566\" style=\"width: 1200px\" class=\"wp-caption aligncenter\"><img loading=\"lazy\" decoding=\"async\" class=\"wp-image-7566 size-full\" src=\"https:\/\/contrastes.com.co\/digital\/wp-content\/uploads\/2021\/09\/caminatas-5k-2.jpg\" alt=\"caminatas 5k 2\" width=\"1200\" height=\"783\" srcset=\"https:\/\/contrastes.com.co\/digital\/wp-content\/uploads\/2021\/09\/caminatas-5k-2.jpg 1200w, https:\/\/contrastes.com.co\/digital\/wp-content\/uploads\/2021\/09\/caminatas-5k-2-300x196.jpg 300w, https:\/\/contrastes.com.co\/digital\/wp-content\/uploads\/2021\/09\/caminatas-5k-2-1024x668.jpg 1024w, https:\/\/contrastes.com.co\/digital\/wp-content\/uploads\/2021\/09\/caminatas-5k-2-768x501.jpg 768w\" sizes=\"auto, (max-width: 1200px) 100vw, 1200px\" \/><figcaption id=\"caption-attachment-7566\" class=\"wp-caption-text\">Desde este lunes y hasta el jueves, todos los d\u00edas agrupados por subregiones, los municipios tendr\u00e1n sus caminatas 5K presencial, guardando los protocolos de bioseguridad y con el acompa\u00f1amiento de las autoridades de cada municipio.<\/figcaption><\/figure>\n<h3><strong>PROGRAMACI\u00d3N:<\/strong><\/h3>\n<blockquote><p><strong>Lunes 27 de septiembre:<\/strong> Soledad, Malambo, Sabanagrande, Santo Tom\u00e1s, Palmar de Varela y Ponedera.<\/p>\n<p><strong>Martes 28 de septiembre:<\/strong> Candelaria, Campo de la Cruz, Suan, Santa Luc\u00eda, Manat\u00ed y Repel\u00f3n.<\/p>\n<p><strong>Mi\u00e9rcoles 29 de septiembre:<\/strong> Luruaco, Sabanalarga, Baranoa, Polonuevo y Galapa.<\/p>\n<p><strong>Jueves 30 de septiembre:<\/strong> Puerto Colombia, Tubar\u00e1, Pioj\u00f3, Juan de Acosta y Usiacur\u00ed.<\/p><\/blockquote>\n<p>De esta manera, Indeportes contin\u00faa promoviendo distintas alternativas de actividad f\u00edsica, recreaci\u00f3n y entretenimiento en todo el curso de la vida, motivando al colectivo a un estilo de vida saludable.<\/p>\n","protected":false},"excerpt":{"rendered":"<p>En el marco de la semana de h\u00e1bitos y estilos de vida saludable, Indeportes Atl\u00e1ntico tiene todo listo para la realizaci\u00f3n de las Caminatas 5K presencial en los 22 municipios del departamento, con el objetivo de seguir creando conciencia sobre la importancia de realizar actividad f\u00edsica.<\/p>\n","protected":false},"author":1,"featured_media":7565,"comment_status":"open","ping_status":"open","sticky":false,"template":"","format":"standard","meta":{"footnotes":""},"categories":[8,6,268],"tags":[4423,30,284,892,4424],"class_list":["post-7564","post","type-post","status-publish","format-standard","has-post-thumbnail","hentry","category-deportes","category-region","category-salud","tag-caminatas-5k","tag-gobernacion-del-atlantico","tag-indeportes-atlantico","tag-municipios-del-atlantico","tag-semana-de-habitos-y-estilos-de-vida-saludable"],"_links":{"self":[{"href":"https:\/\/contrastes.com.co\/digital\/wp-json\/wp\/v2\/posts\/7564","targetHints":{"allow":["GET"]}}],"collection":[{"href":"https:\/\/contrastes.com.co\/digital\/wp-json\/wp\/v2\/posts"}],"about":[{"href":"https:\/\/contrastes.com.co\/digital\/wp-json\/wp\/v2\/types\/post"}],"author":[{"embeddable":true,"href":"https:\/\/contrastes.com.co\/digital\/wp-json\/wp\/v2\/users\/1"}],"replies":[{"embeddable":true,"href":"https:\/\/contrastes.com.co\/digital\/wp-json\/wp\/v2\/comments?post=7564"}],"version-history":[{"count":1,"href":"https:\/\/contrastes.com.co\/digital\/wp-json\/wp\/v2\/posts\/7564\/revisions"}],"predecessor-version":[{"id":7567,"href":"https:\/\/contrastes.com.co\/digital\/wp-json\/wp\/v2\/posts\/7564\/revisions\/7567"}],"wp:featuredmedia":[{"embeddable":true,"href":"https:\/\/contrastes.com.co\/digital\/wp-json\/wp\/v2\/media\/7565"}],"wp:attachment":[{"href":"https:\/\/contrastes.com.co\/digital\/wp-json\/wp\/v2\/media?parent=7564"}],"wp:term":[{"taxonomy":"category","embeddable":true,"href":"https:\/\/contrastes.com.co\/digital\/wp-json\/wp\/v2\/categories?post=7564"},{"taxonomy":"post_tag","embeddable":true,"href":"https:\/\/contrastes.com.co\/digital\/wp-json\/wp\/v2\/tags?post=7564"}],"curies":[{"name":"wp","href":"https:\/\/api.w.org\/{rel}","templated":true}]}}