{"id":7602,"date":"2021-09-29T19:49:48","date_gmt":"2021-09-30T00:49:48","guid":{"rendered":"https:\/\/contrastes.com.co\/digital\/?p=7602"},"modified":"2021-09-29T19:49:48","modified_gmt":"2021-09-30T00:49:48","slug":"con-campana-al-virus-lo-frenamos-juntos-el-transito-de-soledad-busca-que-actores-viales-sigan-cuidandose-del-covid-19","status":"publish","type":"post","link":"https:\/\/contrastes.com.co\/digital\/con-campana-al-virus-lo-frenamos-juntos-el-transito-de-soledad-busca-que-actores-viales-sigan-cuidandose-del-covid-19\/","title":{"rendered":"Con campa\u00f1a \u201cAl virus lo frenamos juntos\u201d, el Tr\u00e1nsito de Soledad busca que actores viales sigan cuid\u00e1ndose del Covid-19"},"content":{"rendered":"<p>Soledad. Con la atenci\u00f3n en salud a m\u00e1s de 180 personas, que incluy\u00f3 charlas preventivas sobre el Covid-19, el Instituto de Tr\u00e1nsito y Transportes de Soledad realiz\u00f3 desde el barrio La Central, el lanzamiento de la campa\u00f1a \u201cAl virus lo frenamos juntos\u201d.<\/p>\n<p>Conductores y peatones hicieron parte de esta actividad en la que se entregaron kits de bioseguridad para disminuir los contagios, al tiempo en que avanzan las jornadas de vacunaci\u00f3n y tomas de muestras en el municipio.<\/p>\n<p>\u201cEstuvimos compartiendo con los habitantes de La Central y Nueva Esperanza, llevando este tipo de pedagog\u00eda y entregando una serie de kits, los cuales las personas deben utilizar e implementar para frenar el contagio del Covid-19. Queremos que al salir a la calle y desplazarse por nuestras v\u00edas, sigamos tomando conciencia sobre el cuidado\u201d, manifest\u00f3 Jes\u00fas Montenegro, director del Instituto de Tr\u00e1nsito de Soledad.<\/p>\n<p><img loading=\"lazy\" decoding=\"async\" class=\"size-full wp-image-7604 aligncenter\" src=\"https:\/\/contrastes.com.co\/digital\/wp-content\/uploads\/2021\/09\/WhatsApp-Image-2021-09-29-at-7.13.56-PM.jpeg\" alt=\"\" width=\"1078\" height=\"603\" srcset=\"https:\/\/contrastes.com.co\/digital\/wp-content\/uploads\/2021\/09\/WhatsApp-Image-2021-09-29-at-7.13.56-PM.jpeg 1078w, https:\/\/contrastes.com.co\/digital\/wp-content\/uploads\/2021\/09\/WhatsApp-Image-2021-09-29-at-7.13.56-PM-300x168.jpeg 300w, https:\/\/contrastes.com.co\/digital\/wp-content\/uploads\/2021\/09\/WhatsApp-Image-2021-09-29-at-7.13.56-PM-1024x573.jpeg 1024w, https:\/\/contrastes.com.co\/digital\/wp-content\/uploads\/2021\/09\/WhatsApp-Image-2021-09-29-at-7.13.56-PM-768x430.jpeg 768w\" sizes=\"auto, (max-width: 1078px) 100vw, 1078px\" \/><\/p>\n<p>A su turno, Alfredo Amador, quien labora como conductor de motocarro hace cinco a\u00f1os, agradeci\u00f3 la informaci\u00f3n y los servicios brindados por parte los profesionales m\u00e9dicos. \u201cEs una campa\u00f1a que ayuda a capacitar, a la salud de la persona, a no confiarse del Covid, que todav\u00eda est\u00e1. Tenemos que cuidarnos todos\u201d, enfatiz\u00f3.<\/p>\n<p>Expertos en temas de seguridad vial tambi\u00e9n hicieron parte de esta campa\u00f1a, que busca prevenir y reducir el n\u00famero de lesionados y fallecidos por accidentes de tr\u00e1nsito.<\/p>\n","protected":false},"excerpt":{"rendered":"<p>Soledad. Con la atenci\u00f3n en salud a m\u00e1s de 180 personas, que incluy\u00f3 charlas preventivas sobre el Covid-19, el Instituto de Tr\u00e1nsito y Transportes de Soledad realiz\u00f3 desde el barrio La Central, el lanzamiento de la campa\u00f1a \u201cAl virus lo frenamos juntos\u201d. Conductores y peatones hicieron parte de esta actividad en la que se entregaron [&hellip;]<\/p>\n","protected":false},"author":1,"featured_media":7603,"comment_status":"open","ping_status":"open","sticky":false,"template":"","format":"standard","meta":{"footnotes":""},"categories":[2],"tags":[35,4435],"class_list":["post-7602","post","type-post","status-publish","format-standard","has-post-thumbnail","hentry","category-locales","tag-alcaldia-de-soledad","tag-soleadad"],"_links":{"self":[{"href":"https:\/\/contrastes.com.co\/digital\/wp-json\/wp\/v2\/posts\/7602","targetHints":{"allow":["GET"]}}],"collection":[{"href":"https:\/\/contrastes.com.co\/digital\/wp-json\/wp\/v2\/posts"}],"about":[{"href":"https:\/\/contrastes.com.co\/digital\/wp-json\/wp\/v2\/types\/post"}],"author":[{"embeddable":true,"href":"https:\/\/contrastes.com.co\/digital\/wp-json\/wp\/v2\/users\/1"}],"replies":[{"embeddable":true,"href":"https:\/\/contrastes.com.co\/digital\/wp-json\/wp\/v2\/comments?post=7602"}],"version-history":[{"count":1,"href":"https:\/\/contrastes.com.co\/digital\/wp-json\/wp\/v2\/posts\/7602\/revisions"}],"predecessor-version":[{"id":7605,"href":"https:\/\/contrastes.com.co\/digital\/wp-json\/wp\/v2\/posts\/7602\/revisions\/7605"}],"wp:featuredmedia":[{"embeddable":true,"href":"https:\/\/contrastes.com.co\/digital\/wp-json\/wp\/v2\/media\/7603"}],"wp:attachment":[{"href":"https:\/\/contrastes.com.co\/digital\/wp-json\/wp\/v2\/media?parent=7602"}],"wp:term":[{"taxonomy":"category","embeddable":true,"href":"https:\/\/contrastes.com.co\/digital\/wp-json\/wp\/v2\/categories?post=7602"},{"taxonomy":"post_tag","embeddable":true,"href":"https:\/\/contrastes.com.co\/digital\/wp-json\/wp\/v2\/tags?post=7602"}],"curies":[{"name":"wp","href":"https:\/\/api.w.org\/{rel}","templated":true}]}}