{"id":7672,"date":"2021-10-09T11:24:17","date_gmt":"2021-10-09T16:24:17","guid":{"rendered":"https:\/\/contrastes.com.co\/digital\/?p=7672"},"modified":"2021-10-10T21:42:19","modified_gmt":"2021-10-11T02:42:19","slug":"con-un-concierto-en-la-plaza-de-la-paz-gobernacion-del-atlantico-clausuro-la-semana-de-la-convivencia-en-el-departamento","status":"publish","type":"post","link":"https:\/\/contrastes.com.co\/digital\/con-un-concierto-en-la-plaza-de-la-paz-gobernacion-del-atlantico-clausuro-la-semana-de-la-convivencia-en-el-departamento\/","title":{"rendered":"Con un concierto en la Plaza de la Paz, Gobernaci\u00f3n del Atl\u00e1ntico clausur\u00f3 la Semana de la Convivencia en el departamento"},"content":{"rendered":"<p><strong>Con un concierto en la Plaza de la Paz, Gobernaci\u00f3n del Atl\u00e1ntico clausur\u00f3 la Semana de la Convivencia en el departamento<\/strong><\/p>\n<blockquote><p><strong>* En el concierto participaron la Orquesta de Voces del Atl\u00e1ntico, la banda musical de los barristas del Junior y el cantante Michael Dick.<\/strong><\/p>\n<p><strong>* Durante la Semana de la Convivencia se realizaron actividades recreativas, deportivas, charlas virtuales y el lanzamiento del programa \u2018Viva la Barra\u2019.<\/strong><\/p><\/blockquote>\n<p><strong>Barranquilla.-<\/strong> Con el prop\u00f3sito de cerrar con broche de oro la Semana de la Convivencia, la Gobernaci\u00f3n del Atl\u00e1ntico realiz\u00f3 un concierto en el teatrino de la Plaza de la Paz, presidido por la gobernadora, Elsa Noguera.<\/p>\n<p>El evento cont\u00f3 con la participaci\u00f3n de la Orquesta de Voces del Atl\u00e1ntico, la banda musical de los barristas del Junior y el cantante Michael Dick.<\/p>\n<p><img loading=\"lazy\" decoding=\"async\" class=\"size-full wp-image-7676 aligncenter\" src=\"https:\/\/contrastes.com.co\/digital\/wp-content\/uploads\/2021\/10\/concierto-convivencia-1.jpg\" alt=\"concierto convivencia 2\" width=\"1200\" height=\"783\" srcset=\"https:\/\/contrastes.com.co\/digital\/wp-content\/uploads\/2021\/10\/concierto-convivencia-1.jpg 1200w, https:\/\/contrastes.com.co\/digital\/wp-content\/uploads\/2021\/10\/concierto-convivencia-1-300x196.jpg 300w, https:\/\/contrastes.com.co\/digital\/wp-content\/uploads\/2021\/10\/concierto-convivencia-1-1024x668.jpg 1024w, https:\/\/contrastes.com.co\/digital\/wp-content\/uploads\/2021\/10\/concierto-convivencia-1-768x501.jpg 768w\" sizes=\"auto, (max-width: 1200px) 100vw, 1200px\" \/><\/p>\n<p>\u201cEl mejor aliado para compartir con la familia, amigos y vecinos es la cultura, as\u00ed fortalecemos nuestra convivencia. Mientras nuestros j\u00f3venes est\u00e9n usando su tiempo para aprender m\u00fasica, arte, deporte, sana recreaci\u00f3n, estimulan su desarrollo y sus capacidades para ser mejores personas. Si la gente se re\u00fane para disfrutar del talento de nuestros j\u00f3venes de la Orquesta de Vientos del Atl\u00e1ntico, de la energ\u00eda que nos dan nuestros barristas del Junior, que cada vez est\u00e1n m\u00e1s comprometidos y son ejemplo de convivencia, si le seguimos dando la oportunidad a los nuevos talentos como Michael Dick, nos llenamos de buenas experiencias y le aportamos a compartir el buen vivir, a la sana convivencia, en un ambiente lleno de valores y de tranquilidad\u201d, indic\u00f3 la mandataria departamental.<\/p>\n<p><img loading=\"lazy\" decoding=\"async\" class=\"size-full wp-image-7677 aligncenter\" src=\"https:\/\/contrastes.com.co\/digital\/wp-content\/uploads\/2021\/10\/concierto-convivencia-3.jpg\" alt=\"concierto convivencia 3\" width=\"1200\" height=\"783\" srcset=\"https:\/\/contrastes.com.co\/digital\/wp-content\/uploads\/2021\/10\/concierto-convivencia-3.jpg 1200w, https:\/\/contrastes.com.co\/digital\/wp-content\/uploads\/2021\/10\/concierto-convivencia-3-300x196.jpg 300w, https:\/\/contrastes.com.co\/digital\/wp-content\/uploads\/2021\/10\/concierto-convivencia-3-1024x668.jpg 1024w, https:\/\/contrastes.com.co\/digital\/wp-content\/uploads\/2021\/10\/concierto-convivencia-3-768x501.jpg 768w\" sizes=\"auto, (max-width: 1200px) 100vw, 1200px\" \/><\/p>\n<p>Por su parte, el alto consejero para la Convivencia del departamento, Manuel D\u00edaz Jimeno, afirm\u00f3 que la Semana de la Convivencia fue la oportunidad para pensar en el buen vivir y ver los mejores valores reflejados en nuestra gente.<\/p>\n<p>\u201cRealizamos eventos de recreaci\u00f3n y deporte, donde el compartir, la competencia sana, la solidaridad se reflejaron en cada participante. El inter\u00e9s de los integrantes de las barras del Junior en capacitarse y emprender motiva a creer en ellos, como motores de cambio en sus comunidades y ejemplo de comportamiento dentro y fuera de los estadios. Hoy culminamos con un cierre lleno de cultura, m\u00fasica y baile, para que se queden grabados en cada uno, y los pongan en pr\u00e1ctica a la hora de compartir con los dem\u00e1s en el d\u00eda a d\u00eda\u201d, concluy\u00f3 el funcionario.<\/p>\n<p>La Semana de la Convivencia, cuyo lema fue \u201cUna semana para compartir el buen vivir\u201d, se celebr\u00f3 en el Atl\u00e1ntico del 20 al 25 de septiembre y cont\u00f3 con una programaci\u00f3n variada, con eventos presenciales y virtuales para llegar con el mensaje de la sana convivencia a todos los rincones del departamento.<\/p>\n<p><img loading=\"lazy\" decoding=\"async\" class=\"size-full wp-image-7678 aligncenter\" src=\"https:\/\/contrastes.com.co\/digital\/wp-content\/uploads\/2021\/10\/concierto-convivencia-5.jpg\" alt=\"concierto convivencia 5\" width=\"1200\" height=\"783\" srcset=\"https:\/\/contrastes.com.co\/digital\/wp-content\/uploads\/2021\/10\/concierto-convivencia-5.jpg 1200w, https:\/\/contrastes.com.co\/digital\/wp-content\/uploads\/2021\/10\/concierto-convivencia-5-300x196.jpg 300w, https:\/\/contrastes.com.co\/digital\/wp-content\/uploads\/2021\/10\/concierto-convivencia-5-1024x668.jpg 1024w, https:\/\/contrastes.com.co\/digital\/wp-content\/uploads\/2021\/10\/concierto-convivencia-5-768x501.jpg 768w\" sizes=\"auto, (max-width: 1200px) 100vw, 1200px\" \/><\/p>\n<p>Entre los eventos m\u00e1s importantes estuvo el lanzamiento del programa &#8216;Viva la Barra&#8217;, con el prop\u00f3sito de promover la sana convivencia y generar emprendimiento, la Gobernaci\u00f3n del Atl\u00e1ntico capacita a 342 j\u00f3venes integrantes de las barras <strong>Frente Rojiblanco Sur, Los Kuervos y Bloke Central,<\/strong> barras insignias del equipo local Atl\u00e9tico Junior.<\/p>\n<p>A lo largo de la semana, en diferentes municipios se realizaron actividades deportivas y culturales para integrar a los atlanticenses en los escenarios entregados por la Gobernaci\u00f3n para su disfrute y recreaci\u00f3n.<\/p>\n<p>Durante de la Semana de la Convivencia tambi\u00e9n se realizaron charlas virtuales a trav\u00e9s del Facebook Live de la Gobernaci\u00f3n del Atl\u00e1ntico sobre inteligencia emocional, mindfulness y prevenci\u00f3n del bullying cibern\u00e9tico, adem\u00e1s de un encuentro entre los l\u00edderes de las barras Frente Rojiblanco Sur, Los Kuervos y Bloke Central, quienes nos contaron sus historias de vida.<\/p>\n<p>&nbsp;<\/p>\n","protected":false},"excerpt":{"rendered":"<p>Con el prop\u00f3sito de cerrar con broche de oro la Semana de la Convivencia, la Gobernaci\u00f3n del Atl\u00e1ntico realiz\u00f3 un concierto en el teatrino de la Plaza de la Paz, presidido por la gobernadora, Elsa Noguera.<\/p>\n","protected":false},"author":1,"featured_media":7673,"comment_status":"open","ping_status":"open","sticky":false,"template":"","format":"standard","meta":{"footnotes":""},"categories":[64,2920,6],"tags":[4386,4387,1923,4493,30,4492,4494,4496,4495,4143,4380],"class_list":["post-7672","post","type-post","status-publish","format-standard","has-post-thumbnail","hentry","category-cultura","category-gestion-humana","category-region","tag-barristas-del-junior","tag-bloke-central","tag-concierto","tag-frente-rojiblanco-sur","tag-gobernacion-del-atlantico","tag-gobernacion-del-atlantico-clausura","tag-los-kuervos","tag-michael-dick","tag-orquesta-de-voces-del-atlantico","tag-plaza-de-la-paz","tag-semana-de-la-convivencia"],"_links":{"self":[{"href":"https:\/\/contrastes.com.co\/digital\/wp-json\/wp\/v2\/posts\/7672","targetHints":{"allow":["GET"]}}],"collection":[{"href":"https:\/\/contrastes.com.co\/digital\/wp-json\/wp\/v2\/posts"}],"about":[{"href":"https:\/\/contrastes.com.co\/digital\/wp-json\/wp\/v2\/types\/post"}],"author":[{"embeddable":true,"href":"https:\/\/contrastes.com.co\/digital\/wp-json\/wp\/v2\/users\/1"}],"replies":[{"embeddable":true,"href":"https:\/\/contrastes.com.co\/digital\/wp-json\/wp\/v2\/comments?post=7672"}],"version-history":[{"count":3,"href":"https:\/\/contrastes.com.co\/digital\/wp-json\/wp\/v2\/posts\/7672\/revisions"}],"predecessor-version":[{"id":7679,"href":"https:\/\/contrastes.com.co\/digital\/wp-json\/wp\/v2\/posts\/7672\/revisions\/7679"}],"wp:featuredmedia":[{"embeddable":true,"href":"https:\/\/contrastes.com.co\/digital\/wp-json\/wp\/v2\/media\/7673"}],"wp:attachment":[{"href":"https:\/\/contrastes.com.co\/digital\/wp-json\/wp\/v2\/media?parent=7672"}],"wp:term":[{"taxonomy":"category","embeddable":true,"href":"https:\/\/contrastes.com.co\/digital\/wp-json\/wp\/v2\/categories?post=7672"},{"taxonomy":"post_tag","embeddable":true,"href":"https:\/\/contrastes.com.co\/digital\/wp-json\/wp\/v2\/tags?post=7672"}],"curies":[{"name":"wp","href":"https:\/\/api.w.org\/{rel}","templated":true}]}}