{"id":7689,"date":"2021-10-11T14:33:24","date_gmt":"2021-10-11T19:33:24","guid":{"rendered":"https:\/\/contrastes.com.co\/digital\/?p=7689"},"modified":"2021-10-11T22:45:19","modified_gmt":"2021-10-12T03:45:19","slug":"seguimos-sumando-aliados-para-nuestra-estrategia-atlantico-para-los-jovenes-elsa-noguera","status":"publish","type":"post","link":"https:\/\/contrastes.com.co\/digital\/seguimos-sumando-aliados-para-nuestra-estrategia-atlantico-para-los-jovenes-elsa-noguera\/","title":{"rendered":"\u201cSeguimos sumando aliados para nuestra estrategia \u2018Atl\u00e1ntico para los j\u00f3venes\u2019\u201d: Elsa Noguera"},"content":{"rendered":"<p><b>\u201cSeguimos sumando aliados para nuestra estrategia \u2018Atl\u00e1ntico para los j\u00f3venes\u2019\u201d: Elsa Noguera<\/b><\/p>\n<blockquote><p><strong>*La Gobernadora Elsa Noguera se reuni\u00f3 con rectores y representantes de instituciones de educaci\u00f3n superior p\u00fablicas y privadas del departamento, para socializar el programa Atl\u00e1ntico para los J\u00f3venes\u00b4._<\/strong><\/p>\n<p><strong>*A trav\u00e9s esta estrategia, la administraci\u00f3n departamental en alianza con el sector gremial y la academia, busca contribuir a la construcci\u00f3n de los proyectos de vida de los j\u00f3venes mediante estrategias de formaci\u00f3n, generaci\u00f3n de ingresos y adquisici\u00f3n de vivienda propia.<\/strong><\/p>\n<p><strong>*La iniciativa es liderada por la Gobernaci\u00f3n del Atl\u00e1ntico e integra cuatro componentes clave: empleo, educaci\u00f3n, vivienda y emprendimiento.<\/strong><\/p><\/blockquote>\n<p><strong>Barranquilla.-<\/strong>\u00a0La gobernadora del Atl\u00e1ntico, Elsa Noguera, se reuni\u00f3 con rectores y representantes de las instituciones de educaci\u00f3n superior p\u00fablicas y privadas, para socializar el nuevo <strong>programa de empleo, vivienda y emprendimiento &#8216;Atl\u00e1ntico para los j\u00f3venes&#8217;<\/strong>.<\/p>\n<p>\u201cSeguimos sumando aliados para nuestra estrategia \u2018Atl\u00e1ntico para los J\u00f3venes\u2019, son 4 opciones concretas que lo que buscan es mejorar las oportunidades para ellos, ampliando las becas en educaci\u00f3n superior, oportunidades de emprendimiento, de empleo formal y acceso a la vivienda. Hoy el turno es para las universidades tanto p\u00fablicas como privadas que se han sumado a nuestra estrategia \u2018Atl\u00e1ntico para los J\u00f3venes\u2019, que lo que busca es maximizar estos fondos con unos descuentos con flexibilidades, sobretodo en los requisitos para el acceso, para que podamos tener m\u00e1s j\u00f3venes estudiando carreras t\u00e9cnicas, tecnol\u00f3gicas y universitarias\u201d, anot\u00f3 la Gobernadora.<\/p>\n<figure id=\"attachment_7691\" aria-describedby=\"caption-attachment-7691\" style=\"width: 1200px\" class=\"wp-caption aligncenter\"><img loading=\"lazy\" decoding=\"async\" class=\"wp-image-7691 size-full\" src=\"https:\/\/contrastes.com.co\/digital\/wp-content\/uploads\/2021\/10\/elsa-jovenes-2021.jpg\" alt=\"elsa jovenes 2021 2\" width=\"1200\" height=\"783\" srcset=\"https:\/\/contrastes.com.co\/digital\/wp-content\/uploads\/2021\/10\/elsa-jovenes-2021.jpg 1200w, https:\/\/contrastes.com.co\/digital\/wp-content\/uploads\/2021\/10\/elsa-jovenes-2021-300x196.jpg 300w, https:\/\/contrastes.com.co\/digital\/wp-content\/uploads\/2021\/10\/elsa-jovenes-2021-1024x668.jpg 1024w, https:\/\/contrastes.com.co\/digital\/wp-content\/uploads\/2021\/10\/elsa-jovenes-2021-768x501.jpg 768w\" sizes=\"auto, (max-width: 1200px) 100vw, 1200px\" \/><figcaption id=\"caption-attachment-7691\" class=\"wp-caption-text\">\u00abHoy el turno es para las universidades tanto p\u00fablicas como privadas que se han sumado a nuestra estrategia \u2018Atl\u00e1ntico para los J\u00f3venes\u2019; Elsa Noguera.<\/figcaption><\/figure>\n<p>Por su parte, <strong>Jaqueline Rojas, Directora Regional del Sena<\/strong>, expres\u00f3 que el Sena har\u00e1 parte de las instituciones del programa \u2018Atl\u00e1ntico para los J\u00f3venes\u2019 en 3 de sus 4 componentes: \u201cpor un lado educaci\u00f3n, sabemos lo importante que representa este componente para el empleo y el emprendimiento, porque es el medio y es una herramienta poderosa. Hemos propuesto trabajar con los egresados Sena, que en los \u00faltimos 5 a\u00f1os en el nivel tecnol\u00f3gico superan los 35 mil en el departamento del Atl\u00e1ntico, para que puedan continuar en todas las universidades en programas de alta pertinencia, su ciclo profesional y seguir creciendo en su formaci\u00f3n\u201d.<\/p>\n<p>As\u00ed mismo, la <strong>vicerrectora de Unitecnar, Milena D\u00edaz<\/strong>, expres\u00f3 su complacencia por esta iniciativa que es de gran pertinencia, ya que el futuro del departamento y el pa\u00eds est\u00e1 orientado a los j\u00f3venes: \u201ccomo instituci\u00f3n de educaci\u00f3n superior estamos muy comprometidos para que estos avances lleguen a feliz t\u00e9rmino y estamos dispuestos a cooperar en lo necesario para que la Gobernaci\u00f3n cumpla su prop\u00f3sito y que los j\u00f3venes puedan acceder a oportunidades\u201d.<\/p>\n<p>Entre tanto, el rector de la<strong> Corporaci\u00f3n Universitaria de Salamanca, Fernando Navarro<\/strong>, celebr\u00f3 el trabajo articulado entre el gobierno departamental, las universidades y el sector productivo para brindar oportunidades: \u201cdesde las instituciones de educaci\u00f3n superior privadas podemos contribuir con el descuento en las matr\u00edculas, con subsidios por parte de la Gobernaci\u00f3n y una formaci\u00f3n pertinente que incluya biling\u00fcismos, emprendimiento y manejo de las Tics\u201d.<\/p>\n<p>El programa \u2018\u2019Atl\u00e1ntico para los J\u00f3venes\u2019, liderado por la administraci\u00f3n departamental, busca contribuir a la disminuci\u00f3n de la tasa de desempleo juvenil, impactar positivamente en la tasa de acceso a la educaci\u00f3n superior en el departamento, fortalecer el capital humano de acuerdo a las apuestas productivas y generar las condiciones para que la poblaci\u00f3n juvenil pueda desarrollarse plenamente y construir su proyecto de vida.<\/p>\n","protected":false},"excerpt":{"rendered":"<p>La gobernadora del Atl\u00e1ntico, Elsa Noguera, se reuni\u00f3 con rectores y representantes de las instituciones de educaci\u00f3n superior p\u00fablicas y privadas, para socializar el nuevo programa de empleo, vivienda y emprendimiento &#8216;Atl\u00e1ntico para los j\u00f3venes&#8217;.<\/p>\n","protected":false},"author":1,"featured_media":7690,"comment_status":"open","ping_status":"open","sticky":false,"template":"","format":"standard","meta":{"footnotes":""},"categories":[1004,6],"tags":[4509,4512,31,4506,4510,139,4511,4508,4505,4507,1137],"class_list":["post-7689","post","type-post","status-publish","format-standard","has-post-thumbnail","hentry","category-juventud","category-region","tag-corporacion-universitaria-de-salamanca","tag-directora-regional-del-sena","tag-elsa-noguera","tag-emprendimiento-atlantico-para-los-jovenes","tag-fernando-navarro","tag-gobernadora-del-atlantico","tag-jaqueline-rojas","tag-milena-diaz","tag-programa-de-empleo","tag-vicerrectora-de-unitecnar","tag-vivienda"],"_links":{"self":[{"href":"https:\/\/contrastes.com.co\/digital\/wp-json\/wp\/v2\/posts\/7689","targetHints":{"allow":["GET"]}}],"collection":[{"href":"https:\/\/contrastes.com.co\/digital\/wp-json\/wp\/v2\/posts"}],"about":[{"href":"https:\/\/contrastes.com.co\/digital\/wp-json\/wp\/v2\/types\/post"}],"author":[{"embeddable":true,"href":"https:\/\/contrastes.com.co\/digital\/wp-json\/wp\/v2\/users\/1"}],"replies":[{"embeddable":true,"href":"https:\/\/contrastes.com.co\/digital\/wp-json\/wp\/v2\/comments?post=7689"}],"version-history":[{"count":1,"href":"https:\/\/contrastes.com.co\/digital\/wp-json\/wp\/v2\/posts\/7689\/revisions"}],"predecessor-version":[{"id":7692,"href":"https:\/\/contrastes.com.co\/digital\/wp-json\/wp\/v2\/posts\/7689\/revisions\/7692"}],"wp:featuredmedia":[{"embeddable":true,"href":"https:\/\/contrastes.com.co\/digital\/wp-json\/wp\/v2\/media\/7690"}],"wp:attachment":[{"href":"https:\/\/contrastes.com.co\/digital\/wp-json\/wp\/v2\/media?parent=7689"}],"wp:term":[{"taxonomy":"category","embeddable":true,"href":"https:\/\/contrastes.com.co\/digital\/wp-json\/wp\/v2\/categories?post=7689"},{"taxonomy":"post_tag","embeddable":true,"href":"https:\/\/contrastes.com.co\/digital\/wp-json\/wp\/v2\/tags?post=7689"}],"curies":[{"name":"wp","href":"https:\/\/api.w.org\/{rel}","templated":true}]}}