{"id":7746,"date":"2021-10-25T08:56:56","date_gmt":"2021-10-25T13:56:56","guid":{"rendered":"https:\/\/contrastes.com.co\/digital\/?p=7746"},"modified":"2021-10-25T08:56:56","modified_gmt":"2021-10-25T13:56:56","slug":"hoy-inicia-el-x-festival-nacional-del-merecumbe-en-el-municipio-de-soledad","status":"publish","type":"post","link":"https:\/\/contrastes.com.co\/digital\/hoy-inicia-el-x-festival-nacional-del-merecumbe-en-el-municipio-de-soledad\/","title":{"rendered":"Hoy inicia el X Festival Nacional del Merecumb\u00e9 en el municipio de Soledad"},"content":{"rendered":"<p><strong>Festival del Merecumb\u00e9 llega a su d\u00e9cima edici\u00f3n preservando el legado de Pacho Gal\u00e1n<\/strong><\/p>\n<blockquote><p><strong>\u2022 Hoy arranca la programaci\u00f3n acad\u00e9mica y musical del festival que es apoyado por la Gobernaci\u00f3n del Atl\u00e1ntico, a trav\u00e9s de su Secretar\u00eda de Cultura y Patrimonio y organizado por la Fundaci\u00f3n Francisco &#8216;Pacho&#8217; Gal\u00e1n. <\/strong><br \/>\n<strong>\u2022 La agenda inicia con el conversatorio titulado \u02bdLos patrimonios hablan\u02bc, el cual se realizar\u00e1 a las 3 de la tarde en el auditorio de la Casa Museo Bolivariano de Soledad. La programaci\u00f3n val del 25 al 30 de octubre en modalidad virtual y presencial, con aforo. <\/strong><br \/>\n<strong>\u2022 El festival se suma a la reactivaci\u00f3n art\u00edstica del Atl\u00e1ntico, as\u00ed como a la preservaci\u00f3n del merecumb\u00e9 como patrimonio cultural del departamento.<\/strong><\/p><\/blockquote>\n<p><strong>Soledad.- <\/strong>Son diez a\u00f1os los que completa el Festival del Merecumb\u00e9 preservando el legado musical de Pacho Gal\u00e1n. En esta edici\u00f3n, con el apoyo de la Gobernaci\u00f3n del Atl\u00e1ntico, el festival arranca hoy una programaci\u00f3n que se extender\u00e1 hasta el 30 de octubre, con actividades virtuales y presenciales, estas \u00faltimas, guardando todos los protocolos de bioseguridad para su realizaci\u00f3n.<\/p>\n<p>\u00abLa reactivaci\u00f3n cultural del Atl\u00e1ntico contin\u00faa con el Festival del Merecumb\u00e9, que bajo el liderazgo de la Fundaci\u00f3n Francisco &#8216;Pacho&#8217; Gal\u00e1n, que realiza este trabajo de formaci\u00f3n y divulgaci\u00f3n del merecumb\u00e9, patrimonio cultural de nuestro departamento y uno de los tesoros m\u00e1s importantes del municipio de Soledad\u00bb, expres\u00f3 la gobernadora de Atl\u00e1ntico, Elsa Noguera.<\/p>\n<p><img loading=\"lazy\" decoding=\"async\" class=\"alignleft  wp-image-7749\" src=\"https:\/\/contrastes.com.co\/digital\/wp-content\/uploads\/2021\/10\/los-patrimonios-hablan.jpg\" alt=\"patrimonios hablan\" width=\"246\" height=\"247\" srcset=\"https:\/\/contrastes.com.co\/digital\/wp-content\/uploads\/2021\/10\/los-patrimonios-hablan.jpg 610w, https:\/\/contrastes.com.co\/digital\/wp-content\/uploads\/2021\/10\/los-patrimonios-hablan-300x300.jpg 300w, https:\/\/contrastes.com.co\/digital\/wp-content\/uploads\/2021\/10\/los-patrimonios-hablan-150x150.jpg 150w, https:\/\/contrastes.com.co\/digital\/wp-content\/uploads\/2021\/10\/los-patrimonios-hablan-60x60.jpg 60w, https:\/\/contrastes.com.co\/digital\/wp-content\/uploads\/2021\/10\/los-patrimonios-hablan-600x600.jpg 600w\" sizes=\"auto, (max-width: 246px) 100vw, 246px\" \/><\/p>\n<p>Hoy comienza la agenda general del festival con el conversatorio titulado <strong>\u02bdLos patrimonios hablan\u02bc<\/strong>, en el cual los l\u00edderes del merecumb\u00e9 se encontrar\u00e1n con los productores de butifarra m\u00e1s tradicionales del municipio. A las 3 de la tarde, en el auditorio de la Casa Museo Bolivariano, los representantes de los dos patrimonios solede\u00f1os compartir\u00e1n experiencias en una charla presencial, con aforo limitado. Talleres pedag\u00f3gicos, actividades como Merecumb\u00e9 al parque y la gala de cierre, hacen parte de las actividades programadas para la formaci\u00f3n y el disfrute de los participantes.<\/p>\n<p>\u00abEste a\u00f1o tendremos por primera vez <strong>\u02bdMerecumb\u00e9 al parque\u02bc<\/strong>, es un evento que reunir\u00e1 a diferentes grupos musicales en el parque del Cementerio central de Soledad presentando su m\u00fasica. Para la marat\u00f3n de baile recibimos los videos de los postulados de manera virtual y los finalistas se presentar\u00e1n en el cierre del festival. Los eventos son gratuitos, con aforos limitados y todas las medidas de bioseguridad necesarias\u00bb, declar\u00f3 Armando Gal\u00e1n, productor del Festival del Merecumb\u00e9.<\/p>\n<p>El merecumb\u00e9 fue declarado Patrimonio Cultural e Inmaterial del departamento en 2013, por lo que representa la creaci\u00f3n del maestro Pacho Gal\u00e1n quien, inspirado en el merengue y la cumbia, crea este ritmo incluyendo la ejecuci\u00f3n instrumentos de viento como los trombones, trompetas y saxof\u00f3n, en armon\u00eda con los sonidos de tambores, congas y bater\u00eda, maracas, entre otros instrumentos tradicionales.<\/p>\n<p>\u00abPacho Gal\u00e1n enalteci\u00f3 el folclor colombiano, tomando como referencia las grandes orquestas del mundo y conectando con nuestros sonidos tradicionales. Con su m\u00fasica tambi\u00e9n nos ense\u00f1\u00f3 que se puede convivir en armon\u00eda en medio de las diferencias y eso es algo valioso para rescatar dentro de todo el legado que nos hered\u00f3\u00bb, destac\u00f3 la secretaria de Cultura y Patrimonio del Atl\u00e1ntico, Diana Acosta.<\/p>\n<p><img loading=\"lazy\" decoding=\"async\" class=\"size-full wp-image-7748 aligncenter\" src=\"https:\/\/contrastes.com.co\/digital\/wp-content\/uploads\/2021\/10\/sacofones-merecumbe.jpg\" alt=\"saxofones merecumbe\" width=\"1200\" height=\"783\" srcset=\"https:\/\/contrastes.com.co\/digital\/wp-content\/uploads\/2021\/10\/sacofones-merecumbe.jpg 1200w, https:\/\/contrastes.com.co\/digital\/wp-content\/uploads\/2021\/10\/sacofones-merecumbe-300x196.jpg 300w, https:\/\/contrastes.com.co\/digital\/wp-content\/uploads\/2021\/10\/sacofones-merecumbe-1024x668.jpg 1024w, https:\/\/contrastes.com.co\/digital\/wp-content\/uploads\/2021\/10\/sacofones-merecumbe-768x501.jpg 768w\" sizes=\"auto, (max-width: 1200px) 100vw, 1200px\" \/><\/p>\n<h3>Programaci\u00f3n<\/h3>\n<p><strong>25 de octubre<\/strong><br \/>\n<strong>Conversatorio Los patrimonios hablan<\/strong><br \/>\nAuditorio Casa Museo Bolivariano, Soledad<br \/>\n3:00 p.m.<\/p>\n<p><strong>Del 26 al 28 de octubre<\/strong><br \/>\n<strong>Talleres pedag\u00f3gicos \u02bdLos saxofones cantan\u02bc<\/strong><br \/>\nInvitados: Sergio Arzuza, Neil Ben\u00edtez, Justo Almario y Carlos Pi\u00f1a.<br \/>\nModalidad virtual<\/p>\n<p><strong>29 de octubre<\/strong><br \/>\n<strong>Merecumb\u00e9 al parque<\/strong><br \/>\nParque del cementerio central de Soledad<br \/>\n5:00 p.m.<\/p>\n<p><strong>30 de octubre<\/strong><br \/>\n<strong>Final de la marat\u00f3n de baile<\/strong><br \/>\nParejas y grupos<br \/>\nPlazoleta Casa Museo Bolivariano<br \/>\n4:00 p.m.<\/p>\n<p><strong>Gran Noche del Merecumb\u00e9<\/strong><br \/>\n<strong>Homenaje al Atl\u00e1ntico<\/strong><br \/>\nInvitados: Orquesta Pacho Gal\u00e1n y Juan Pi\u00f1a<br \/>\n7:00 p.m.<\/p>\n<p style=\"margin: 12px auto 6px auto; font-family: Helvetica,Arial,Sans-serif; font-style: normal; font-variant: normal; font-weight: normal; font-size: 14px; line-height: normal; font-size-adjust: none; font-stretch: normal; -x-system-font: none; display: block;\"><a style=\"text-decoration: underline;\" title=\"View PROGRAMACI\u00d3N FESTIMERECUMB\u00c9 2021 on Scribd\" href=\"https:\/\/www.scribd.com\/document\/535020729\/PROGRAMACION-FESTIMERECUMBE-2021#from_embed\">PROGRAMACI\u00d3N FESTIMERECUMB\u00c9 2021<\/a> by <a style=\"text-decoration: underline;\" title=\"View ContrastesRadio Guillopantoja's profile on Scribd\" href=\"https:\/\/www.scribd.com\/user\/494259418\/ContrastesRadio-Guillopantoja#from_embed\">ContrastesRadio Guillopantoja<\/a> on Scribd<\/p>\n<p><iframe loading=\"lazy\" id=\"doc_63709\" class=\"scribd_iframe_embed\" title=\"PROGRAMACI\u00d3N FESTIMERECUMB\u00c9 2021\" src=\"https:\/\/es.scribd.com\/embeds\/535020729\/content?start_page=1&amp;view_mode=scroll&amp;access_key=key-AezLaIsxdEEAsB5EmyQM\" width=\"600\" height=\"800\" frameborder=\"0\" scrolling=\"no\" data-auto-height=\"false\" data-aspect-ratio=\"1.7790927021696252\"><\/iframe><\/p>\n","protected":false},"excerpt":{"rendered":"<p>Son diez a\u00f1os los que completa el Festival del Merecumb\u00e9 preservando el legado musical de Pacho Gal\u00e1n. En esta edici\u00f3n, con el apoyo de la Gobernaci\u00f3n del Atl\u00e1ntico, el festival arranca hoy una programaci\u00f3n que se extender\u00e1 hasta el 30 de octubre, con actividades virtuales y presenciales, estas \u00faltimas, guardando todos los protocolos de bioseguridad para su realizaci\u00f3n.<\/p>\n","protected":false},"author":1,"featured_media":7747,"comment_status":"open","ping_status":"open","sticky":false,"template":"","format":"standard","meta":{"footnotes":""},"categories":[64,2,2047,6],"tags":[30,38,4545],"class_list":["post-7746","post","type-post","status-publish","format-standard","has-post-thumbnail","hentry","category-cultura","category-locales","category-musica","category-region","tag-gobernacion-del-atlantico","tag-municipio-de-soledad","tag-x-festival-nacional-del-merecumbe"],"_links":{"self":[{"href":"https:\/\/contrastes.com.co\/digital\/wp-json\/wp\/v2\/posts\/7746","targetHints":{"allow":["GET"]}}],"collection":[{"href":"https:\/\/contrastes.com.co\/digital\/wp-json\/wp\/v2\/posts"}],"about":[{"href":"https:\/\/contrastes.com.co\/digital\/wp-json\/wp\/v2\/types\/post"}],"author":[{"embeddable":true,"href":"https:\/\/contrastes.com.co\/digital\/wp-json\/wp\/v2\/users\/1"}],"replies":[{"embeddable":true,"href":"https:\/\/contrastes.com.co\/digital\/wp-json\/wp\/v2\/comments?post=7746"}],"version-history":[{"count":1,"href":"https:\/\/contrastes.com.co\/digital\/wp-json\/wp\/v2\/posts\/7746\/revisions"}],"predecessor-version":[{"id":7750,"href":"https:\/\/contrastes.com.co\/digital\/wp-json\/wp\/v2\/posts\/7746\/revisions\/7750"}],"wp:featuredmedia":[{"embeddable":true,"href":"https:\/\/contrastes.com.co\/digital\/wp-json\/wp\/v2\/media\/7747"}],"wp:attachment":[{"href":"https:\/\/contrastes.com.co\/digital\/wp-json\/wp\/v2\/media?parent=7746"}],"wp:term":[{"taxonomy":"category","embeddable":true,"href":"https:\/\/contrastes.com.co\/digital\/wp-json\/wp\/v2\/categories?post=7746"},{"taxonomy":"post_tag","embeddable":true,"href":"https:\/\/contrastes.com.co\/digital\/wp-json\/wp\/v2\/tags?post=7746"}],"curies":[{"name":"wp","href":"https:\/\/api.w.org\/{rel}","templated":true}]}}