{"id":7790,"date":"2021-10-30T14:11:59","date_gmt":"2021-10-30T19:11:59","guid":{"rendered":"https:\/\/contrastes.com.co\/digital\/?p=7790"},"modified":"2021-11-02T12:22:42","modified_gmt":"2021-11-02T17:22:42","slug":"festival-del-cerdo-y-la-yuca-encabeza-los-nuevos-festivales-de-sazon-atlantico","status":"publish","type":"post","link":"https:\/\/contrastes.com.co\/digital\/festival-del-cerdo-y-la-yuca-encabeza-los-nuevos-festivales-de-sazon-atlantico\/","title":{"rendered":"Festival del Cerdo y la Yuca encabeza los nuevos festivales de Saz\u00f3n Atl\u00e1ntico"},"content":{"rendered":"<p><strong>Festival del Cerdo y la Yuca encabeza los nuevos festivales de Saz\u00f3n Atl\u00e1ntico<\/strong><\/p>\n<p><strong>\u2022 Este s\u00e1bado 30 y domingo 31 de octubre la diversidad de recetas preparadas a base de yuca y cerdo se toma Polonuevo, con el Festival que participa por primera vez en la estrategia de la Gobernaci\u00f3n del Atl\u00e1ntico: Saz\u00f3n Atl\u00e1ntico.<\/strong><\/p>\n<p><strong>\u2022 El Festival del Pescado, de Sabanagrande, y Sabanalarga Fusi\u00f3n se suman al Festival de la Butifarra, de Soledad y al Festival del Chicharr\u00f3n, de Baranoa, en la agenda de Saz\u00f3n Atl\u00e1ntico para este fin de a\u00f1o.<\/strong><\/p>\n<p><strong>\u2022 Con Saz\u00f3n Atl\u00e1ntico contin\u00faa la reactivaci\u00f3n econ\u00f3mica y cultural de las matronas, productores y campesinos de los municipios.<\/strong><\/p>\n<p><strong>Atl\u00e1ntico.-<\/strong>\u00a0En la Plaza principal de Polonuevo, se realiza el Festival del Cerdo y la Yuca con una variedad de preparaciones, desde asados, chicharrones, embutidos y productos a base de yuca como bollo, cariba\u00f1olas, enyucados, dulces, entre otros. El Festival hace parte de la muestra gastron\u00f3mica que se suma a la ruta de Saz\u00f3n Atl\u00e1ntico, encabezando la programaci\u00f3n de festivales que se realizar\u00e1n durante noviembre y diciembre.<\/p>\n<p>\u00abCon Saz\u00f3n Atl\u00e1ntico seguimos en este proceso de reactivaci\u00f3n econ\u00f3mica y cultural, con nuevos integrantes en nuestra ruta gastron\u00f3mica. Este s\u00e1bado y domingo, el Festival del Cerdo y la Yuca en Polonuevo; durante noviembre tendremos como novedad el Festival del Pescado de Sabanagrande y el popular Festival de la Butifarra de Soledad. Para diciembre est\u00e1n programados Sabanalarga Fusi\u00f3n y Festival de Chicharr\u00f3n, de Baranoa\u00bb, expres\u00f3 la <strong>gobernadora del Atl\u00e1ntico, Elsa Noguera<\/strong>.<\/p>\n<p>En Polonuevo est\u00e1 dispuesta, en la Plaza principal del municipio, una oferta permanente con m\u00e1s de 50 puestos de ventas con las variedades gastron\u00f3micas. Muestras folcl\u00f3ricas y art\u00edsticas se realizar\u00e1n durante el festival, organizado por la Alcald\u00eda de Polonuevo y su Secretar\u00eda de Desarrollo Econ\u00f3mico.<\/p>\n<p>\u00abAdem\u00e1s de la muestra gastron\u00f3mica, tendremos grupos de m\u00fasica, teatro, danza y el d\u00eda domingo, a partir de las 2:00 de tarde, est\u00e1 programada una cabalgata en la que participar\u00e1n adultos y ni\u00f1os con sus caballitos de palo\u00bb, destac\u00f3 el <strong>alcalde de Polonuevo, Edgargo Martes Pedroza<\/strong>.<\/p>\n<h3>Saz\u00f3n Atl\u00e1ntico, con m\u00e1s sabor y nuevos festivales<\/h3>\n<p>La siguiente fecha en el calendario de Saz\u00f3n Atl\u00e1ntico es el <strong>Festival del Pescado de Sabanagrande<\/strong>, que se realizar\u00e1 los pr\u00f3ximos 6 y 7 de noviembre, con el Malec\u00f3n de Sabanagrande como escenario para las delicias de mar y r\u00edo.<\/p>\n<p>\u00abEste a\u00f1o duplicamos los festivales de Saz\u00f3n Atl\u00e1ntico, llevando los productos de nuestras matronas a las plataformas digitales, a la experiencia de drive thru, a restaurantes y hoteles aliados; pero tambi\u00e9n, con la reactivaci\u00f3n, acompa\u00f1amos el retorno de los festivales a las plazas de los municipios\u00bb, afirm\u00f3 la <strong>secretaria de Cultura y Patrimonio, Diana Acosta.<\/strong><\/p>\n","protected":false},"excerpt":{"rendered":"<p>En la Plaza principal de Polonuevo, se realiza el Festival del Cerdo y la Yuca con una variedad de preparaciones, desde asados, chicharrones, embutidos y productos a base de yuca como bollo, cariba\u00f1olas, enyucados, dulces, entre otros. El Festival hace parte de la muestra gastron\u00f3mica que se suma a la ruta de Saz\u00f3n Atl\u00e1ntico, encabezando la programaci\u00f3n de festivales que se realizar\u00e1n durante noviembre y diciembre.<\/p>\n","protected":false},"author":1,"featured_media":7791,"comment_status":"open","ping_status":"open","sticky":false,"template":"","format":"standard","meta":{"footnotes":""},"categories":[64,764,6],"tags":[4595,2001,4596,31,4597,4499,139,763,3933,183],"class_list":["post-7790","post","type-post","status-publish","format-standard","has-post-thumbnail","hentry","category-cultura","category-gastronomia","category-region","tag-alcalde-de-polonuevo","tag-diana-acosta","tag-edgargo-martes-pedroza","tag-elsa-noguera","tag-festival-del-cerdo-y-la-yuca","tag-festival-del-pescado-de-sabanagrande","tag-gobernadora-del-atlantico","tag-municipio-de-polonuevo","tag-ruta-gastronomica-de-sazon-atlantico","tag-secretaria-de-cultura-y-patrimonio"],"_links":{"self":[{"href":"https:\/\/contrastes.com.co\/digital\/wp-json\/wp\/v2\/posts\/7790","targetHints":{"allow":["GET"]}}],"collection":[{"href":"https:\/\/contrastes.com.co\/digital\/wp-json\/wp\/v2\/posts"}],"about":[{"href":"https:\/\/contrastes.com.co\/digital\/wp-json\/wp\/v2\/types\/post"}],"author":[{"embeddable":true,"href":"https:\/\/contrastes.com.co\/digital\/wp-json\/wp\/v2\/users\/1"}],"replies":[{"embeddable":true,"href":"https:\/\/contrastes.com.co\/digital\/wp-json\/wp\/v2\/comments?post=7790"}],"version-history":[{"count":1,"href":"https:\/\/contrastes.com.co\/digital\/wp-json\/wp\/v2\/posts\/7790\/revisions"}],"predecessor-version":[{"id":7792,"href":"https:\/\/contrastes.com.co\/digital\/wp-json\/wp\/v2\/posts\/7790\/revisions\/7792"}],"wp:featuredmedia":[{"embeddable":true,"href":"https:\/\/contrastes.com.co\/digital\/wp-json\/wp\/v2\/media\/7791"}],"wp:attachment":[{"href":"https:\/\/contrastes.com.co\/digital\/wp-json\/wp\/v2\/media?parent=7790"}],"wp:term":[{"taxonomy":"category","embeddable":true,"href":"https:\/\/contrastes.com.co\/digital\/wp-json\/wp\/v2\/categories?post=7790"},{"taxonomy":"post_tag","embeddable":true,"href":"https:\/\/contrastes.com.co\/digital\/wp-json\/wp\/v2\/tags?post=7790"}],"curies":[{"name":"wp","href":"https:\/\/api.w.org\/{rel}","templated":true}]}}