{"id":7793,"date":"2021-11-02T12:34:08","date_gmt":"2021-11-02T17:34:08","guid":{"rendered":"https:\/\/contrastes.com.co\/digital\/?p=7793"},"modified":"2021-11-02T12:34:32","modified_gmt":"2021-11-02T17:34:32","slug":"minhacienda-pide-adelantar-la-prima-de-navidad-para-los-funcionarios-publicos","status":"publish","type":"post","link":"https:\/\/contrastes.com.co\/digital\/minhacienda-pide-adelantar-la-prima-de-navidad-para-los-funcionarios-publicos\/","title":{"rendered":"Minhacienda pide adelantar la prima de Navidad para los funcionarios p\u00fablicos"},"content":{"rendered":"<p><strong>Minhacienda pide adelantar la prima de Navidad para los funcionarios p\u00fablicos<\/strong><\/p>\n<blockquote><p><strong>El objetivo de esta iniciativa es impulsar la reactivaci\u00f3n econ\u00f3mica del pa\u00eds, que incluye el \u00faltimo D\u00eda sin Iva de este a\u00f1o, el 3 de diciembre.<\/strong><\/p><\/blockquote>\n<p><strong>Bogot\u00e1.-<\/strong> El <strong>ministro de Hacienda, Jos\u00e9 Manuel Restrepo<\/strong>, habl\u00f3 sobre la posibilidad de adelantar el pago de la prima para los funcionarios p\u00fablicos, que quedar\u00eda en firme en los pr\u00f3ximos d\u00edas a trav\u00e9s de un decreto, <strong>con el fin de impulsar la reactivaci\u00f3n econ\u00f3mica, que incluye el tercer D\u00eda sin IVA que ser\u00e1 el 3 de diciembre<\/strong>.<\/p>\n<p>\u201cNos estamos preparando para el tercer D\u00eda sin IVA, que se realizar\u00e1 el tres de diciembre, fecha en la cual hemos querido buscar la forma de madrugarle a la navidad, buscando que se logre un consumo responsable a lo largo del mes de diciembre y, simult\u00e1neamente, anticipando el pago de la prima para los funcionarios del nivel central del Gobierno Nacional\u201d, sentenci\u00f3 Restrepo.<\/p>\n<p>Adem\u00e1s, se\u00f1al\u00f3 que de la mano de Funci\u00f3n P\u00fablica avanzar\u00e1n en este cometido que tiene el prop\u00f3sito de motivar el consumo responsable en el pa\u00eds.<\/p>\n<p>Hay que recordar que <strong>de acuerdo con el reporte de la Direcci\u00f3n de Impuestos y Aduanas Nacionales (Dian) y el Ministerio de Comercio, la primera jornada del D\u00eda sin IVA que se desarroll\u00f3 el pasado jueves 28 de octubre de 2021 dej\u00f3 ventas por m\u00e1s de $9,8 billones<\/strong>.<\/p>\n","protected":false},"excerpt":{"rendered":"<p>El ministro de Hacienda, Jos\u00e9 Manuel Restrepo, habl\u00f3 sobre la posibilidad de adelantar el pago de la prima para los funcionarios p\u00fablicos, que quedar\u00eda en firme en los pr\u00f3ximos d\u00edas a trav\u00e9s de un decreto, con el fin de impulsar la reactivaci\u00f3n econ\u00f3mica, que incluye el tercer D\u00eda sin IVA que ser\u00e1 el 3 de diciembre.<\/p>\n","protected":false},"author":1,"featured_media":7794,"comment_status":"open","ping_status":"open","sticky":false,"template":"","format":"standard","meta":{"footnotes":""},"categories":[444,4,3221],"tags":[498,2451,4599,4598],"class_list":["post-7793","post","type-post","status-publish","format-standard","has-post-thumbnail","hentry","category-economia","category-pais","category-sector-publico","tag-dia-sin-iva","tag-jose-manuel-restrepo","tag-ministro-de-hacienda","tag-primas"],"_links":{"self":[{"href":"https:\/\/contrastes.com.co\/digital\/wp-json\/wp\/v2\/posts\/7793","targetHints":{"allow":["GET"]}}],"collection":[{"href":"https:\/\/contrastes.com.co\/digital\/wp-json\/wp\/v2\/posts"}],"about":[{"href":"https:\/\/contrastes.com.co\/digital\/wp-json\/wp\/v2\/types\/post"}],"author":[{"embeddable":true,"href":"https:\/\/contrastes.com.co\/digital\/wp-json\/wp\/v2\/users\/1"}],"replies":[{"embeddable":true,"href":"https:\/\/contrastes.com.co\/digital\/wp-json\/wp\/v2\/comments?post=7793"}],"version-history":[{"count":1,"href":"https:\/\/contrastes.com.co\/digital\/wp-json\/wp\/v2\/posts\/7793\/revisions"}],"predecessor-version":[{"id":7795,"href":"https:\/\/contrastes.com.co\/digital\/wp-json\/wp\/v2\/posts\/7793\/revisions\/7795"}],"wp:featuredmedia":[{"embeddable":true,"href":"https:\/\/contrastes.com.co\/digital\/wp-json\/wp\/v2\/media\/7794"}],"wp:attachment":[{"href":"https:\/\/contrastes.com.co\/digital\/wp-json\/wp\/v2\/media?parent=7793"}],"wp:term":[{"taxonomy":"category","embeddable":true,"href":"https:\/\/contrastes.com.co\/digital\/wp-json\/wp\/v2\/categories?post=7793"},{"taxonomy":"post_tag","embeddable":true,"href":"https:\/\/contrastes.com.co\/digital\/wp-json\/wp\/v2\/tags?post=7793"}],"curies":[{"name":"wp","href":"https:\/\/api.w.org\/{rel}","templated":true}]}}