{"id":7799,"date":"2021-11-02T13:57:02","date_gmt":"2021-11-02T18:57:02","guid":{"rendered":"https:\/\/contrastes.com.co\/digital\/?p=7799"},"modified":"2021-11-02T13:57:02","modified_gmt":"2021-11-02T18:57:02","slug":"parques-para-la-gente-entregan-la-plaza-banda-20-de-julio-de-repelon-sexto-espacio-publico-recuperado","status":"publish","type":"post","link":"https:\/\/contrastes.com.co\/digital\/parques-para-la-gente-entregan-la-plaza-banda-20-de-julio-de-repelon-sexto-espacio-publico-recuperado\/","title":{"rendered":"\u2018Parques para la Gente\u2019: Entregan la Plaza Banda 20 de Julio de Repel\u00f3n, sexto espacio p\u00fablico recuperado"},"content":{"rendered":"<p><strong>Gobernadora del Atl\u00e1ntico entreg\u00f3 la Plaza Banda 20 de Julio de Repel\u00f3n, el sexto espacio p\u00fablico recuperado de \u2018Parques para la Gente\u2019<\/strong><\/p>\n<blockquote><p><strong>* La intervenci\u00f3n se ejecut\u00f3 en un \u00e1rea de un \u00e1rea total de 3.200 metros cuadrados y cont\u00f3 con una inversi\u00f3n de 1.320 millones de pesos.<\/strong><\/p>\n<p><strong>* Las obras tambi\u00e9n incluyeron la recuperaci\u00f3n del entorno con zonas verdes, andenes, bordillos, iluminaci\u00f3n y pintura de la fachada de la iglesia, as\u00ed como la rehabilitaci\u00f3n de las v\u00edas aleda\u00f1as.<\/strong><\/p>\n<p><strong>* De acuerdo con la gobernadora, Elsa Noguera, en febrero de 2022 en Repel\u00f3n tambi\u00e9n se entregar\u00e1 el parque Cementerio; adem\u00e1s, est\u00e1 en ejecuci\u00f3n la plaza-parque principal de Villa Rosa y pr\u00f3ximamente arrancar\u00e1n las obras del parque de Rotinet.<\/strong><\/p><\/blockquote>\n<p><strong>Repel\u00f3n.-<\/strong>\u00a0La <strong>gobernadora del Atl\u00e1ntico, Elsa Noguera<\/strong>, entreg\u00f3 en Repel\u00f3n la <strong>Plaza Banda 20 de Julio<\/strong>, la s<strong>exta obra del programa \u2018Parques para la Gente\u2019<\/strong> inaugurada en el departamento.<\/p>\n<p>La intervenci\u00f3n, que se ejecut\u00f3 en un \u00e1rea de un \u00e1rea total de 3.200 metros cuadrados y cont\u00f3 con una inversi\u00f3n total de 1.320 millones de pesos, permiti\u00f3 que se recuperara el sentido de plaza, un lugar de tr\u00e1nsito, espera, encuentro y tertulia para los habitantes del municipio, y en epicentro de la cultura, de eventos c\u00edvicos y religiosos.<\/p>\n<p>\u201cEstamos haciendo entrega de esta bella plaza principal, al frente de la iglesia, que se ha rebautizado como Banda 20 de Julio, precisamente porque la gente as\u00ed lo quiso. Recordemos que fue con los vecinos, el p\u00e1rroco, el rector y todos los actores de la comunidad que se defini\u00f3 este dise\u00f1o, as\u00ed como tambi\u00e9n la recuperaci\u00f3n del entorno. Pero la buena noticia es que vamos por m\u00e1s y en febrero estaremos entregando el parque Cementerio; tambi\u00e9n iniciamos dos proyectos en corregimientos, como es la plaza-parque principal de Villa Rosa y pr\u00f3ximamente el gran parque de Rotinet. De esta forma, queremos estar en todos los rincones del Atl\u00e1ntico con Parques para la Gente\u201d, afirm\u00f3 la mandataria departamental.<\/p>\n<p>Por su parte, la <strong>secretaria de Infraestructura, Nury Logreira<\/strong>, sostuvo que \u201ceste no es solo el mejoramiento de una plaza, sino toda una renovaci\u00f3n urbana e integral del sector, debido a que tambi\u00e9n se rehabilitaron 120 metros lineales de andenes, bordillos y zonas verdes en la calle 8, as\u00ed como la recuperaci\u00f3n del entorno con zonas verdes, andenes, bordillos, iluminaci\u00f3n y pintura de la fachada de la iglesia\u201d. Asimismo, para el mejoramiento integral del acceso y el entorno, se integraron la calle 7A al proyecto, con la construcci\u00f3n de 100 metros en concreto estampado, correspondientes a 40 metros de v\u00eda peatonal y 60 metros de v\u00eda vehicular.<\/p>\n<p>El <strong>gerente de Parques para la Gente, Jorge \u00c1vila<\/strong>, explic\u00f3 que en la renovada plaza se podr\u00e1n realizar todo tipo de eventos y pr\u00e1cticas sociales, debido a sus m\u00faltiples espacios y componentes, como son: sobretarima de banderas, plaza mayor con aforo para 2.200 personas, zona de p\u00e9rgolas, zona de recreaci\u00f3n pasiva. \u201cAdem\u00e1s, cuenta con 820 metros cuadrados de zonas verdes, generados por la siembra de 47 \u00e1rboles y 8.504 setos. Entre el mobiliario instalado, se hallan bancas, cubos, mesas de picnic, iluminaci\u00f3n total con tecnolog\u00eda LED de la Plaza y la Parroquia San Benito Abad\u201d, indic\u00f3.<\/p>\n<p>De igual forma, \u00c1vila asegur\u00f3 que la Plaza Banda 20 de Julio de Repel\u00f3n contar\u00e1 con el apoyo de su Liga de Guardianes, conformada por ocho miembros de la comunidad, y tendr\u00e1 servicio rutinario de limpieza general, riego y mantenimiento de zonas verdes; as\u00ed como tambi\u00e9n con la activaci\u00f3n permanente de Indeportes Atl\u00e1ntico y la agenda de la Ruta de las Artes de la Secretar\u00eda de Cultura del departamento.<\/p>\n<p>Para el <strong>alcalde de Repel\u00f3n, Wilfrido Garc\u00eda<\/strong>, la entrega de la plaza es posible gracias al trabajo en equipo con la Gobernaci\u00f3n del Atl\u00e1ntico, el municipio y la comunidad. \u201cAgradecemos a nuestra Gobernadora y su equipo de trabajo, que hicieron posible que hoy los repeloneros podamos contar con esta gran obra, que ya no es un sue\u00f1o sino una realidad. En nombre de mi pueblo, damos gracias por los proyectos que est\u00e1n trayendo desarrollo a nuestro municipio\u201d, asever\u00f3.<\/p>\n<p>En desarrollo del programa \u2018Parques para la Gente\u2019, en Repel\u00f3n la Gobernaci\u00f3n del Atl\u00e1ntico tambi\u00e9n avanza a toda marcha con la construcci\u00f3n de tres espacios p\u00fablicos adicionales, uno dentro del caso urbano y dos m\u00e1s en corregimientos:<\/p>\n<p>Parque Cementerio, que concentrar\u00e1 la oferta recreodeportiva en el centro del municipio en 3.500 metros cuadrados, con una inversi\u00f3n estimada de 2.094 millones de pesos.<\/p>\n<p>Parque Central de Rotinet, que recuperar\u00e1 un importante espacio p\u00fablico en la entrada al corregimiento, con un \u00e1rea total de 4.175 metros cuadrados y una inversi\u00f3n de 1.514 millones de pesos.<\/p>\n<p>Plaza-parque del corregimiento de Villa Rosa, con un \u00e1rea total de 2.200 metros cuadrados y un presupuesto estimado de 1.310 millones, en un proyecto que incluye la intervenci\u00f3n del atrio de la iglesia y el fortalecimiento de la accesibilidad y la armon\u00eda del nuevo espacio.<\/p>\n<p><strong>Los cuatro proyectos de \u2018Parques para la Gente\u2019 en Repel\u00f3n suman un total de 6.238 millones de pesos<\/strong> destinados por la Gobernaci\u00f3n del Atl\u00e1ntico para la recuperaci\u00f3n de los espacios p\u00fablicos abandonados tanto en zona urbana como rural.<\/p>\n","protected":false},"excerpt":{"rendered":"<p>La gobernadora del Atl\u00e1ntico, Elsa Noguera, entreg\u00f3 en Repel\u00f3n la Plaza Banda 20 de Julio, la sexta obra del programa \u2018Parques para la Gente\u2019 inaugurada en el departamento.<\/p>\n","protected":false},"author":1,"featured_media":7800,"comment_status":"open","ping_status":"open","sticky":false,"template":"","format":"standard","meta":{"footnotes":""},"categories":[896,6],"tags":[3772,31,3128,139,2033,1031,878,4600,921,1384],"class_list":["post-7799","post","type-post","status-publish","format-standard","has-post-thumbnail","hentry","category-infraestructura","category-region","tag-alcalde-de-repelon","tag-elsa-noguera","tag-gerente-de-parques-para-la-gente","tag-gobernadora-del-atlantico","tag-jorge-avila","tag-municipio-de-repelon","tag-nury-logreira","tag-plaza-banda-20-de-julio","tag-secretaria-de-infraestructura","tag-wilfrido-garcia"],"_links":{"self":[{"href":"https:\/\/contrastes.com.co\/digital\/wp-json\/wp\/v2\/posts\/7799","targetHints":{"allow":["GET"]}}],"collection":[{"href":"https:\/\/contrastes.com.co\/digital\/wp-json\/wp\/v2\/posts"}],"about":[{"href":"https:\/\/contrastes.com.co\/digital\/wp-json\/wp\/v2\/types\/post"}],"author":[{"embeddable":true,"href":"https:\/\/contrastes.com.co\/digital\/wp-json\/wp\/v2\/users\/1"}],"replies":[{"embeddable":true,"href":"https:\/\/contrastes.com.co\/digital\/wp-json\/wp\/v2\/comments?post=7799"}],"version-history":[{"count":1,"href":"https:\/\/contrastes.com.co\/digital\/wp-json\/wp\/v2\/posts\/7799\/revisions"}],"predecessor-version":[{"id":7801,"href":"https:\/\/contrastes.com.co\/digital\/wp-json\/wp\/v2\/posts\/7799\/revisions\/7801"}],"wp:featuredmedia":[{"embeddable":true,"href":"https:\/\/contrastes.com.co\/digital\/wp-json\/wp\/v2\/media\/7800"}],"wp:attachment":[{"href":"https:\/\/contrastes.com.co\/digital\/wp-json\/wp\/v2\/media?parent=7799"}],"wp:term":[{"taxonomy":"category","embeddable":true,"href":"https:\/\/contrastes.com.co\/digital\/wp-json\/wp\/v2\/categories?post=7799"},{"taxonomy":"post_tag","embeddable":true,"href":"https:\/\/contrastes.com.co\/digital\/wp-json\/wp\/v2\/tags?post=7799"}],"curies":[{"name":"wp","href":"https:\/\/api.w.org\/{rel}","templated":true}]}}