{"id":7807,"date":"2021-11-02T19:57:30","date_gmt":"2021-11-03T00:57:30","guid":{"rendered":"https:\/\/contrastes.com.co\/digital\/?p=7807"},"modified":"2021-11-02T19:57:30","modified_gmt":"2021-11-03T00:57:30","slug":"gobernacion-del-atlantico-exalta-al-maestro-tomas-urueta-y-garantiza-la-preservacion-del-pesebre-vivo-de-usiacuri","status":"publish","type":"post","link":"https:\/\/contrastes.com.co\/digital\/gobernacion-del-atlantico-exalta-al-maestro-tomas-urueta-y-garantiza-la-preservacion-del-pesebre-vivo-de-usiacuri\/","title":{"rendered":"Gobernaci\u00f3n del Atl\u00e1ntico exalta al maestro Tom\u00e1s Urueta y garantiza la preservaci\u00f3n del Pesebre Vivo de Usiacur\u00ed"},"content":{"rendered":"<p><strong>Gobernaci\u00f3n del Atl\u00e1ntico exalta al maestro Tom\u00e1s Urueta y garantiza la preservaci\u00f3n del Pesebre Vivo de Usiacur\u00ed<\/strong><\/p>\n<ul>\n<li>\n<blockquote><p><strong>La gobernadora del Atl\u00e1ntico, Elsa Noguera, en un encuentro con el maestro Tom\u00e1s Urueta, fundador y director art\u00edstico del Pesebre Vivo de Usiacur\u00ed, reiter\u00f3 su respaldo a la tradici\u00f3n cultural con un aporte de 25 millones de pesos para su realizaci\u00f3n este a\u00f1o.<\/strong><\/p><\/blockquote>\n<\/li>\n<li>\n<blockquote><p><strong>Durante la visita al hogar del maestro, en Usiacur\u00ed, la mandataria le entreg\u00f3 un decreto de exaltaci\u00f3n por su trayectoria en el cine, teatro, artesan\u00eda y formaci\u00f3n en artes, ya que por m\u00e1s de 60 a\u00f1os ha aportado a las manifestaciones culturales del departamento.<\/strong><\/p><\/blockquote>\n<\/li>\n<li>\n<blockquote><p><strong>El Pesebre Vivo de Usiacur\u00ed este a\u00f1o llega a su edici\u00f3n n\u00famero 27, su realizaci\u00f3n se suma a las estrategias de reactivaci\u00f3n cultural y a la iniciativa de Usiacur\u00ed es m\u00e1s.<\/strong><\/p><\/blockquote>\n<\/li>\n<\/ul>\n<p><strong>Atl\u00e1ntico.-<\/strong>\u00a0Antes de que los techos de Usiacur\u00ed se llenaran de colores, ya Tom\u00e1s Urueta le daba su toque de magia a este bello municipio con teatro, creaciones artesanales y todo su ingenio. Despu\u00e9s de recorrer el departamento en su trayectoria cultural, hoy, a sus 87 a\u00f1os decidi\u00f3 regresar a su tierra. Y all\u00ed, en una casa ubicada en lo alto de una loma, lleg\u00f3 la gobernadora Elsa Noguera para conversar con el maestro, en un encuentro \u00edntimo en el cual ella fue la portadora de una buena noticia: el Pesebre Vivo de Usiacur\u00ed seguir\u00e1 m\u00e1s vivo que nunca y al maestro, los a\u00f1os no lo relegan al olvido, su trabajo es reconocido y exaltado por la Gobernaci\u00f3n del Atl\u00e1ntico.<\/p>\n<p>\u00abEs un d\u00eda muy especial porque estoy visitando al maestro Tom\u00e1s Urueta de aqu\u00ed, de Usiacur\u00ed. Quisimos exaltarlo porque son 60 a\u00f1os contribuyendo con el arte y la cultura; sobre todo, apoyarlo con un proyecto tan hermoso como lo es el Pesebre Vivo, que lleva 27 a\u00f1os realiz\u00e1ndose. Por eso estamos haciendo este aporte de 25 millones de pesos para que siga la tradici\u00f3n, especialmente esta Navidad que ser\u00e1 m\u00e1gica para Usiacur\u00ed, por todos los proyectos que venimos realizando, donde hay sentido de pertenencia y orgullo de municipio\u00bb, expres\u00f3 la gobernadora del Atl\u00e1ntico, Elsa Noguera, ante los aplausos de los ni\u00f1os que rodeaban al maestro, peque\u00f1os integrantes del Pesebre Vivo quienes en diciembre se convierten en \u00e1ngeles o habitantes de Bel\u00e9n en la recreaci\u00f3n de la historia del nacimiento del Ni\u00f1o Jes\u00fas.<\/p>\n<p><strong>Tom\u00e1s Urueta De La Hoz<\/strong>, en su amplia carrera, ha sido actor de cine y teatro, m\u00fasico, profesor de arte dram\u00e1tico, artesano, dise\u00f1ador, entre muchos otros oficios del arte. Es uno de los gestores m\u00e1s queridos y respetados por el sector cultural en el Atl\u00e1ntico, por eso, adem\u00e1s del respaldo econ\u00f3mico, el maestro recibi\u00f3 un decreto de exaltaci\u00f3n, ese que le recuerda a \u00e9l que no es olvidado y que su sabidur\u00eda es apreciada como uno de los portadores de la memoria del departamento. El maestro se balanceaba en su mecedora complacido, con el decreto en la mano el cual pondr\u00e1 junto a sus muchos otros reconocimientos.<\/p>\n<p>\u00abMe siento emocionado que no me han olvidado, tampoco todo lo que han gozado tanto en la parte art\u00edstica como en la cultural. Agradecido porque el pesebre sigue vivo con ese apoyo que siempre hemos recibido de la Gobernaci\u00f3n\u00bb, coment\u00f3 el maestro Urueta conmovido durante la visita.<\/p>\n<p>Usiacur\u00ed se sigue engalanando con sus coloridos murales en los techos, los actores se preparan para el pr\u00f3ximo 23 de diciembre volver al ruedo con el Pesebre Vivo, las artesanas contin\u00faan tejiendo sin parar sus creaciones y el municipio cada d\u00eda se despierta orgulloso reencontrando la belleza en sus paisajes y tradiciones. Todo un proceso que se ha impulsado desde la Gobernaci\u00f3n del Atl\u00e1ntico, en el proceso de reactivaci\u00f3n tur\u00edstica, cultural y econ\u00f3mica.<\/p>\n<p>\u00abVinimos a la intimidad del hogar, con los ni\u00f1os del Pesebre, con nuestra gobernadora a decirle al maestro que reconocemos su gran aporte al patrimonio del departamento. Cada d\u00eda reafirmamos que con la cultura, con nuestras aves, con nuestras artesanas, con maestros como Tom\u00e1s: Usiacur\u00ed es m\u00e1s\u00bb, afirm\u00f3 la secretaria de Cultura y Patrimonio del Atl\u00e1ntico, Diana Acosta.<\/p>\n","protected":false},"excerpt":{"rendered":"<p>Antes de que los techos de Usiacur\u00ed se llenaran de colores, ya Tom\u00e1s Urueta le daba su toque de magia a este bello municipio con teatro, creaciones artesanales y todo su ingenio. Despu\u00e9s de recorrer el departamento en su trayectoria cultural, hoy, a sus 87 a\u00f1os decidi\u00f3 regresar a su tierra. Y all\u00ed, en una casa ubicada en lo alto de una loma, lleg\u00f3 la gobernadora Elsa Noguera para conversar con el maestro, en un encuentro \u00edntimo en el cual ella fue la portadora de una buena noticia: el Pesebre Vivo de Usiacur\u00ed seguir\u00e1 m\u00e1s vivo que nunca y al maestro, los a\u00f1os no lo relegan al olvido, su trabajo es reconocido y exaltado por la Gobernaci\u00f3n del Atl\u00e1ntico.<\/p>\n","protected":false},"author":1,"featured_media":7808,"comment_status":"open","ping_status":"open","sticky":false,"template":"","format":"standard","meta":{"footnotes":""},"categories":[64,113,6],"tags":[2001,4610,4612,30,4611,499,4613,3454],"class_list":["post-7807","post","type-post","status-publish","format-standard","has-post-thumbnail","hentry","category-cultura","category-personajes","category-region","tag-diana-acosta","tag-exaltacion","tag-garantiza-preservacion","tag-gobernacion-del-atlantico","tag-maestro-tomas-urueta","tag-municipio-de-usiacuri","tag-pesebre-vivo-de-usiacuri","tag-secretaria-de-cultura-y-patrimonio-del-atlantico"],"_links":{"self":[{"href":"https:\/\/contrastes.com.co\/digital\/wp-json\/wp\/v2\/posts\/7807","targetHints":{"allow":["GET"]}}],"collection":[{"href":"https:\/\/contrastes.com.co\/digital\/wp-json\/wp\/v2\/posts"}],"about":[{"href":"https:\/\/contrastes.com.co\/digital\/wp-json\/wp\/v2\/types\/post"}],"author":[{"embeddable":true,"href":"https:\/\/contrastes.com.co\/digital\/wp-json\/wp\/v2\/users\/1"}],"replies":[{"embeddable":true,"href":"https:\/\/contrastes.com.co\/digital\/wp-json\/wp\/v2\/comments?post=7807"}],"version-history":[{"count":1,"href":"https:\/\/contrastes.com.co\/digital\/wp-json\/wp\/v2\/posts\/7807\/revisions"}],"predecessor-version":[{"id":7809,"href":"https:\/\/contrastes.com.co\/digital\/wp-json\/wp\/v2\/posts\/7807\/revisions\/7809"}],"wp:featuredmedia":[{"embeddable":true,"href":"https:\/\/contrastes.com.co\/digital\/wp-json\/wp\/v2\/media\/7808"}],"wp:attachment":[{"href":"https:\/\/contrastes.com.co\/digital\/wp-json\/wp\/v2\/media?parent=7807"}],"wp:term":[{"taxonomy":"category","embeddable":true,"href":"https:\/\/contrastes.com.co\/digital\/wp-json\/wp\/v2\/categories?post=7807"},{"taxonomy":"post_tag","embeddable":true,"href":"https:\/\/contrastes.com.co\/digital\/wp-json\/wp\/v2\/tags?post=7807"}],"curies":[{"name":"wp","href":"https:\/\/api.w.org\/{rel}","templated":true}]}}