{"id":7830,"date":"2021-11-03T10:02:16","date_gmt":"2021-11-03T15:02:16","guid":{"rendered":"https:\/\/contrastes.com.co\/digital\/?p=7830"},"modified":"2021-11-03T10:02:16","modified_gmt":"2021-11-03T15:02:16","slug":"inminente-exigencia-de-carne-de-vacunacion-en-sitios-de-concentracion-masiva-en-colombia","status":"publish","type":"post","link":"https:\/\/contrastes.com.co\/digital\/inminente-exigencia-de-carne-de-vacunacion-en-sitios-de-concentracion-masiva-en-colombia\/","title":{"rendered":"Inminente exigencia de carn\u00e9 de vacunaci\u00f3n en sitios de concentraci\u00f3n masiva en Colombia"},"content":{"rendered":"<p><strong>Inminente exigencia de carn\u00e9 de vacunaci\u00f3n en sitios de concentraci\u00f3n masiva en Colombia<\/strong><\/p>\n<blockquote><p><strong>La medida se complementar\u00eda con el reciente anuncio hecho por el Ministerio de Salud, con el que abri\u00f3 la posibilidad de que las ciudades puedan regresar al 100% de los aforos en espacios p\u00fablicos y cerrados<\/strong><\/p><\/blockquote>\n<p><em><strong><a href=\"https:\/\/www.bluradio.com\/salud\/vacunacion-contra-el-covid-19\/inminente-exigencia-de-carne-de-vacunacion-en-sitios-de-concentracion-masiva-en-colombia\">bluradio<\/a><\/strong><\/em><\/p>\n<p><strong>Bogot\u00e1.-<\/strong> El Gobierno colombiano estar\u00eda preparando un decreto para que se pueda exigir el carn\u00e9 de vacunaci\u00f3n para el ingreso y permanencia en sitios de concentraci\u00f3n masiva. La medida se complementar\u00eda con el reciente anuncio hecho por el Ministerio de Salud, con el que se abri\u00f3 la posibilidad de que las ciudades puedan regresar al 100% de los aforos en espacios p\u00fablicos y cerrados.<\/p>\n<p>De acuerdo con el ministro de Salud, Fernando Ruiz G\u00f3mez, se han aplicado m\u00e1s de 47 millones de dosis de vacunas contra el COVID-19. El \u00e9nfasis, seg\u00fan el funcionario, radica actualmenet en acelerar la aplicaci\u00f3n de terceras dosis en mayores de 70 a\u00f1os.<\/p>\n<p>\u00abLlevamos m\u00e1s o menos 200 mil mayores de 70 vacunados (con tercera dosis), pero hay que tener en cuenta que nosotros comenzamos aplic\u00e1ndola a los 6 meses y la mayor\u00eda de las personas mayores de 70 comenzaron su vacunaci\u00f3n en marzo, as\u00ed que apenas estamos en proceso\u00bb, indic\u00f3 el ministro Ruiz G\u00f3mez.<\/p>\n<p>&nbsp;<\/p>\n","protected":false},"excerpt":{"rendered":"<p>El Gobierno colombiano estar\u00eda preparando un decreto para que se pueda exigir el carn\u00e9 de vacunaci\u00f3n para el ingreso y permanencia en sitios de concentraci\u00f3n masiva. La medida se complementar\u00eda con el reciente anuncio hecho por el Ministerio de Salud, con el que se abri\u00f3 la posibilidad de que las ciudades puedan regresar al 100% de los aforos en espacios p\u00fablicos y cerrados.<\/p>\n","protected":false},"author":1,"featured_media":7831,"comment_status":"open","ping_status":"open","sticky":false,"template":"","format":"standard","meta":{"footnotes":""},"categories":[70,4,2861],"tags":[4630,4628,466,4629],"class_list":["post-7830","post","type-post","status-publish","format-standard","has-post-thumbnail","hentry","category-coronavirus","category-pais","category-vacunacion","tag-aforo-100","tag-carnet-de-vacunacion","tag-covid-19","tag-eventos-masivos"],"_links":{"self":[{"href":"https:\/\/contrastes.com.co\/digital\/wp-json\/wp\/v2\/posts\/7830","targetHints":{"allow":["GET"]}}],"collection":[{"href":"https:\/\/contrastes.com.co\/digital\/wp-json\/wp\/v2\/posts"}],"about":[{"href":"https:\/\/contrastes.com.co\/digital\/wp-json\/wp\/v2\/types\/post"}],"author":[{"embeddable":true,"href":"https:\/\/contrastes.com.co\/digital\/wp-json\/wp\/v2\/users\/1"}],"replies":[{"embeddable":true,"href":"https:\/\/contrastes.com.co\/digital\/wp-json\/wp\/v2\/comments?post=7830"}],"version-history":[{"count":1,"href":"https:\/\/contrastes.com.co\/digital\/wp-json\/wp\/v2\/posts\/7830\/revisions"}],"predecessor-version":[{"id":7832,"href":"https:\/\/contrastes.com.co\/digital\/wp-json\/wp\/v2\/posts\/7830\/revisions\/7832"}],"wp:featuredmedia":[{"embeddable":true,"href":"https:\/\/contrastes.com.co\/digital\/wp-json\/wp\/v2\/media\/7831"}],"wp:attachment":[{"href":"https:\/\/contrastes.com.co\/digital\/wp-json\/wp\/v2\/media?parent=7830"}],"wp:term":[{"taxonomy":"category","embeddable":true,"href":"https:\/\/contrastes.com.co\/digital\/wp-json\/wp\/v2\/categories?post=7830"},{"taxonomy":"post_tag","embeddable":true,"href":"https:\/\/contrastes.com.co\/digital\/wp-json\/wp\/v2\/tags?post=7830"}],"curies":[{"name":"wp","href":"https:\/\/api.w.org\/{rel}","templated":true}]}}