{"id":7857,"date":"2021-11-04T14:20:55","date_gmt":"2021-11-04T19:20:55","guid":{"rendered":"https:\/\/contrastes.com.co\/digital\/?p=7857"},"modified":"2021-11-16T13:38:45","modified_gmt":"2021-11-16T18:38:45","slug":"7857-2","status":"publish","type":"post","link":"https:\/\/contrastes.com.co\/digital\/7857-2\/","title":{"rendered":"\u00abEn el Atl\u00e1ntico hemos recuperado 63 mil empleos que se hab\u00edan perdido en pandemia\u00bb: Elsa Noguera"},"content":{"rendered":"<p><strong>\u00abEn el Atl\u00e1ntico hemos recuperado 63 mil empleos que se hab\u00edan perdido en pandemia\u00bb: Elsa Noguera<\/strong><\/p>\n<blockquote><p><strong>*La gobernadora del Atl\u00e1ntico, Elsa Noguera, particip\u00f3 este jueves en el VII Foro CEO, organizado por la Corporaci\u00f3n Empresarial del Oriente.<\/strong><\/p>\n<p><strong>*&#8217;El Oriente del Atl\u00e1ntico: retos y oportunidades para la reactivaci\u00f3n econ\u00f3mica&#8217; fue la presentaci\u00f3n que realiz\u00f3 la Gobernadora ante 30 invitados presenciales y m\u00e1s de 200 conectados virtualmente.<\/strong><\/p>\n<p><strong>*Desde el 2014 se realiza el Foro CEO, un espacio para contribuir al an\u00e1lisis propositivo de los desaf\u00edos y grandes proyectos que impulsen el desarrollo del oriente del departamento del Atl\u00e1ntico y el \u00e1rea metropolitana de Barranquilla.<\/strong><\/p><\/blockquote>\n<p><strong>Barranquilla.-<\/strong>\u00a0La gobernadora del Atl\u00e1ntico, Elsa Noguera, particip\u00f3 este jueves en el VII Foro CEO, que organiz\u00f3 la Corporaci\u00f3n Empresarial del Oriente, con la conferencia: El Oriente del Atl\u00e1ntico: retos y oportunidades para la reactivaci\u00f3n econ\u00f3mica y anunci\u00f3 que el departamento avanza a buen ritmo en la recuperaci\u00f3n de los empleos, faltando solo 7 mil para llegar a los niveles prepandemia.<\/p>\n<p>Durante su intervenci\u00f3n, la mandataria destac\u00f3 los esfuerzos que se han hecho y aprovech\u00f3 para felicitar a los empresarios que han sido claves para avanzar en la reactivaci\u00f3n. As\u00ed mismo, resalt\u00f3 las acciones de cara a la reactivaci\u00f3n econ\u00f3mica del departamento despu\u00e9s del confinamiento y, para ello, present\u00f3 las cifras que la estrategia de reactivaci\u00f3n &#8216;Atl\u00e1ntico a Toda Marcha&#8217; ha generado y que ha permitido grandes resultados como la recuperaci\u00f3n de 63 mil empleos de los 70 mil que se perdieron en pandemia.<\/p>\n<p>\u201cHemos asumido el reto que nos ha tra\u00eddo y dejado la pandemia, y desde el gobierno departamental estamos trabajando y sumando todos los esfuerzos para acompa\u00f1ar a nuestra gente y salir adelante. Con la puesta en marcha de la estrategia &#8216;Atl\u00e1ntico a Toda Marcha&#8217;, que tiene una inversi\u00f3n de 2.3 billones de pesos, nos centramos en cuatro grandes ejes: T\u00fa Negocio a Toda Marcha, El Campo a Toda Marcha, Obras a Toda Marcha y Turismo a Toda Marcha, para devolverles la tranquilidad a todos los atlanticenses\u201d, manifest\u00f3 la Gobernadora.<\/p>\n<p>La estrategia no solo es de las m\u00e1s exitosas en el pa\u00eds, faltando solo el 0,7% para cumplir el nivel prepandemia, sino que en comparaci\u00f3n con Bogot\u00e1 que est\u00e1 a un 2,4% y Medell\u00edn en un 2,7% se ha podido avanzar a un mejor ritmo la reactivaci\u00f3n.<\/p>\n<p>La Corporaci\u00f3n Empresarial del Oriente del Atl\u00e1ntico (CEO) es un gremio territorial y multisectorial, que trabaja por priorizar en la agenda territorial los intereses del sector empresarial de los municipios del Oriente del departamento del Atl\u00e1ntico.<\/p>\n<p>Desde el 2014 realizan el Foro CEO, un espacio para contribuir al an\u00e1lisis propositivo de los desaf\u00edos y grandes proyectos que impulsen el desarrollo del Oriente del departamento del Atl\u00e1ntico y el \u00e1rea metropolitana de Barranquilla.<\/p>\n<p>Las conferencias realizadas contaron con la participaci\u00f3n de destacados acad\u00e9micos, empresarios y representantes de gremios, quienes pudieron presentar a los asistentes los avances y resultados en torno a la planificaci\u00f3n de territorios en los que confluyen la comunidad, las empresas y los diferentes ecosistemas, bajo la nueva normalidad que nos ha dejado la crisis derivada de la pandemia de Covid-19.<\/p>\n<p>El espacio estuvo dirigido a empresarios, l\u00edderes gremiales, alcaldes municipales, gobernadores de departamentos de la regi\u00f3n Caribe y ciudadan\u00eda en general.<\/p>\n","protected":false},"excerpt":{"rendered":"<p>La gobernadora del Atl\u00e1ntico, Elsa Noguera, particip\u00f3 este jueves en el VII Foro CEO, que organiz\u00f3 la Corporaci\u00f3n Empresarial del Oriente, con la conferencia: El Oriente del Atl\u00e1ntico: retos y oportunidades para la reactivaci\u00f3n econ\u00f3mica y anunci\u00f3 que el departamento avanza a buen ritmo en la recuperaci\u00f3n de los empleos, faltando solo 7 mil para llegar a los niveles prepandemia.<\/p>\n","protected":false},"author":1,"featured_media":7858,"comment_status":"open","ping_status":"open","sticky":false,"template":"","format":"standard","meta":{"footnotes":""},"categories":[2148,3955,6],"tags":[4657,4656,30,4654,4655,196],"class_list":["post-7857","post","type-post","status-publish","format-standard","has-post-thumbnail","hentry","category-eventos","category-politicas-publicas","category-region","tag-corporacion-empresarial-del-oriente","tag-foro-ceo-2021","tag-gobernacion-del-atlantico","tag-post-pandemia","tag-recuperacion-de-empleos","tag-region-caribe"],"_links":{"self":[{"href":"https:\/\/contrastes.com.co\/digital\/wp-json\/wp\/v2\/posts\/7857","targetHints":{"allow":["GET"]}}],"collection":[{"href":"https:\/\/contrastes.com.co\/digital\/wp-json\/wp\/v2\/posts"}],"about":[{"href":"https:\/\/contrastes.com.co\/digital\/wp-json\/wp\/v2\/types\/post"}],"author":[{"embeddable":true,"href":"https:\/\/contrastes.com.co\/digital\/wp-json\/wp\/v2\/users\/1"}],"replies":[{"embeddable":true,"href":"https:\/\/contrastes.com.co\/digital\/wp-json\/wp\/v2\/comments?post=7857"}],"version-history":[{"count":2,"href":"https:\/\/contrastes.com.co\/digital\/wp-json\/wp\/v2\/posts\/7857\/revisions"}],"predecessor-version":[{"id":7925,"href":"https:\/\/contrastes.com.co\/digital\/wp-json\/wp\/v2\/posts\/7857\/revisions\/7925"}],"wp:featuredmedia":[{"embeddable":true,"href":"https:\/\/contrastes.com.co\/digital\/wp-json\/wp\/v2\/media\/7858"}],"wp:attachment":[{"href":"https:\/\/contrastes.com.co\/digital\/wp-json\/wp\/v2\/media?parent=7857"}],"wp:term":[{"taxonomy":"category","embeddable":true,"href":"https:\/\/contrastes.com.co\/digital\/wp-json\/wp\/v2\/categories?post=7857"},{"taxonomy":"post_tag","embeddable":true,"href":"https:\/\/contrastes.com.co\/digital\/wp-json\/wp\/v2\/tags?post=7857"}],"curies":[{"name":"wp","href":"https:\/\/api.w.org\/{rel}","templated":true}]}}