{"id":7860,"date":"2021-11-05T08:25:35","date_gmt":"2021-11-05T13:25:35","guid":{"rendered":"https:\/\/contrastes.com.co\/digital\/?p=7860"},"modified":"2021-11-05T19:31:35","modified_gmt":"2021-11-06T00:31:35","slug":"gobernacion-y-acopi-apoyan-proyectos-de-desarrollo-etnico-para-la-convivencia-ciudadana-y-la-seguridad","status":"publish","type":"post","link":"https:\/\/contrastes.com.co\/digital\/gobernacion-y-acopi-apoyan-proyectos-de-desarrollo-etnico-para-la-convivencia-ciudadana-y-la-seguridad\/","title":{"rendered":"Gobernaci\u00f3n y Acopi apoyan proyectos de desarrollo \u00e9tnico para la convivencia ciudadana y la seguridad"},"content":{"rendered":"<p><strong>Gobernaci\u00f3n del Atl\u00e1ntico y Acopi apoyan proyectos de desarrollo \u00e9tnico para la convivencia ciudadana y la seguridad<\/strong><\/p>\n<blockquote><p><strong>*La gobernadora del Atl\u00e1ntico, Elsa Noguera, presidi\u00f3 la clausura del proyecto de fortalecimiento de iniciativas lideradas por miembros de organizaciones \u00e9tnicas del departamento, que se dedican a actividades productivas en materia de gastronom\u00eda, belleza y jardiner\u00eda.<\/strong><\/p>\n<p><strong>*El programa brinda fortalecimiento t\u00e9cnico y financiero a los proyectos seleccionados, as\u00ed como acompa\u00f1amiento y asesor\u00eda administrativa y estrat\u00e9gica.<\/strong><\/p>\n<p><strong>*Participaron 141 organizaciones del departamento que postularon sus proyectos; de las cuales se recibieron: 126 de Comunidades Negras, Afrocolombianas, Raizales y Palenqueras (NARP), 14 de Cabildos Ind\u00edgenas y 1 Kumpanya Rom.<\/strong><\/p><\/blockquote>\n<p><strong>Barranquilla.-<\/strong> La <strong>gobernadora del Atl\u00e1ntico, Elsa Noguera<\/strong>, presidi\u00f3 el acto de clausura del proyecto \u00c9tnicos para la Convivencia, liderado por la <strong>Gerencia de Asuntos \u00c9tnicos del departamento y Acopi seccional Atl\u00e1ntico,<\/strong> en el que participaron 141 miembros de comunidades Ind\u00edgenas, NARP y Gitanos, que fueron seleccionados por medio de una convocatoria.<\/p>\n<p>El objetivo principal del programa es promocionar la seguridad y la convivencia ciudadana, reactivar la econom\u00eda a trav\u00e9s de asesor\u00edas administrativas, estrat\u00e9gicas y nuevas herramientas para fortalecer sus negocios.<\/p>\n<p>La Gobernadora se dirigi\u00f3 a los beneficiarios, ratificando el compromiso de la administraci\u00f3n departamental con los microempresarios.<\/p>\n<p>\u201cHoy hacemos un reconocimiento a los a\u00f1os de trabajo, aprendizaje y esfuerzo que ustedes han dedicado a sus oficios. Este proyecto naci\u00f3 con el prop\u00f3sito de fortalecer a nuestros grupos \u00e9tnicos en el Atl\u00e1ntico, identificando c\u00f3mo podr\u00edamos fortalecer la labor diaria de nuestros grupos, desde lo que ya ustedes ten\u00edan como arte u oficio. Adem\u00e1s, encontramos al mejor de los aliados: Acopi. Esta alianza interinstitucional promueve el fortalecimiento t\u00e9cnico y financiero de los proyectos seleccionados, as\u00ed como el acompa\u00f1amiento y asesor\u00eda administrativa y estrat\u00e9gica. A m\u00ed particularmente me encanta esta iniciativa, porque siempre he cre\u00eddo y soy prueba de que los l\u00edmites no existen cuando se tiene la actitud adecuada. Qu\u00e9 buena noticia tener l\u00edderes \u00e9tnicos para beneficio de las comunidades\u201d, se\u00f1al\u00f3 la mandataria.<\/p>\n<p>El<strong> gerente de Asuntos \u00c9tnicos de la Gobernaci\u00f3n del Atl\u00e1ntico, Luis Cassiani<\/strong>, afirm\u00f3 que herramientas como esta facilitan el trabajo digno en cada emprendimiento de los grupos \u00e9tnicos.<\/p>\n<p>\u201cAgradecemos a nuestra Gobernadora por este proyecto de gran importancia y relevancia para las comunidades \u00e9tnicas del departamento. Desde la Gerencia de Asuntos \u00c9tnicos, trabajamos arduamente para que este proyecto se desarrollara a cabalidad y cumplirles a los beneficiarios. Hoy es una realidad y se cumpli\u00f3 con lo pactado\u201d, resalt\u00f3.<\/p>\n<p>Los beneficiarios del proyecto se mostraron muy contentos y agradecidos de que proyectos como estos sean una realidad. \u201cQue alegr\u00eda compartir estos espacios. Me siento bendecida, porque gracias a la cocina he ido hasta a Estados Unidos, y hoy todos los empresarios le damos las gracias a la Gobernadora y a la Gerencia de Asuntos \u00c9tnicos porque nos ayudaron a salir adelante en medio de esta pandemia\u201d, expres\u00f3 Martiza V\u00e1zquez, beneficiaria de gastronom\u00eda.<\/p>\n<p>\u201cHoy m\u00e1s que nunca toma relevancia el concepto de preservar cultura, pero tambi\u00e9n para transferir nuestra historia, nuestro origen\u201d, sostuvo la directora de Acopi Atl\u00e1ntico, Rosmery Quintero.<\/p>\n<p>Finalmente, 65 organizaciones NARP, 10 Cabildos Ind\u00edgenas y 1 Kumpanya Rom cumplieron los requisitos documentales, fueron t\u00e9cnicamente viables y favorecidas por el proyecto \u00c9tnicos para la Convivencia. De esta forma, est\u00e1n siendo beneficiadas alrededor de 2.000 personas directamente y m\u00e1s de 15.000 de forma indirecta.<\/p>\n","protected":false},"excerpt":{"rendered":"<p>La gobernadora del Atl\u00e1ntico, Elsa Noguera, presidi\u00f3 el acto de clausura del proyecto \u00c9tnicos para la Convivencia, liderado por la Gerencia de Asuntos \u00c9tnicos del departamento y Acopi seccional Atl\u00e1ntico, en el que participaron 141 miembros de comunidades Ind\u00edgenas, NARP y Gitanos, que fueron seleccionados por medio de una convocatoria.<\/p>\n","protected":false},"author":1,"featured_media":7861,"comment_status":"open","ping_status":"open","sticky":false,"template":"","format":"standard","meta":{"footnotes":""},"categories":[2920,6],"tags":[4200,4663,4660,4659,4662,4661,31,4504,30,4664,4658],"class_list":["post-7860","post","type-post","status-publish","format-standard","has-post-thumbnail","hentry","category-gestion-humana","category-region","tag-acopi-seccional-atlantico","tag-cabildos-indigenas","tag-comunidades-afrocolombianas","tag-comunidades-negras","tag-comunidades-palenqueras-narp","tag-comunidades-raizales","tag-elsa-noguera","tag-gerente-de-asuntos-etnicos-de-la-gobernacion-del-atlantico","tag-gobernacion-del-atlantico","tag-kumpanya-rom","tag-luis-cassiani"],"_links":{"self":[{"href":"https:\/\/contrastes.com.co\/digital\/wp-json\/wp\/v2\/posts\/7860","targetHints":{"allow":["GET"]}}],"collection":[{"href":"https:\/\/contrastes.com.co\/digital\/wp-json\/wp\/v2\/posts"}],"about":[{"href":"https:\/\/contrastes.com.co\/digital\/wp-json\/wp\/v2\/types\/post"}],"author":[{"embeddable":true,"href":"https:\/\/contrastes.com.co\/digital\/wp-json\/wp\/v2\/users\/1"}],"replies":[{"embeddable":true,"href":"https:\/\/contrastes.com.co\/digital\/wp-json\/wp\/v2\/comments?post=7860"}],"version-history":[{"count":1,"href":"https:\/\/contrastes.com.co\/digital\/wp-json\/wp\/v2\/posts\/7860\/revisions"}],"predecessor-version":[{"id":7862,"href":"https:\/\/contrastes.com.co\/digital\/wp-json\/wp\/v2\/posts\/7860\/revisions\/7862"}],"wp:featuredmedia":[{"embeddable":true,"href":"https:\/\/contrastes.com.co\/digital\/wp-json\/wp\/v2\/media\/7861"}],"wp:attachment":[{"href":"https:\/\/contrastes.com.co\/digital\/wp-json\/wp\/v2\/media?parent=7860"}],"wp:term":[{"taxonomy":"category","embeddable":true,"href":"https:\/\/contrastes.com.co\/digital\/wp-json\/wp\/v2\/categories?post=7860"},{"taxonomy":"post_tag","embeddable":true,"href":"https:\/\/contrastes.com.co\/digital\/wp-json\/wp\/v2\/tags?post=7860"}],"curies":[{"name":"wp","href":"https:\/\/api.w.org\/{rel}","templated":true}]}}