{"id":7863,"date":"2021-11-05T19:35:37","date_gmt":"2021-11-06T00:35:37","guid":{"rendered":"https:\/\/contrastes.com.co\/digital\/?p=7863"},"modified":"2021-11-05T19:35:37","modified_gmt":"2021-11-06T00:35:37","slug":"a-partir-de-enero-1-140-jovenes-de-sabanalarga-podran-estudiar-en-el-nuevo-nodo-sena-agroempresarial","status":"publish","type":"post","link":"https:\/\/contrastes.com.co\/digital\/a-partir-de-enero-1-140-jovenes-de-sabanalarga-podran-estudiar-en-el-nuevo-nodo-sena-agroempresarial\/","title":{"rendered":"\u201cA partir de enero, 1.140 j\u00f3venes de Sabanalarga podr\u00e1n estudiar en el nuevo Nodo Sena Agroempresarial\u201d"},"content":{"rendered":"<p><strong>\u201cA partir de enero, 1.140 j\u00f3venes de Sabanalarga ya podr\u00e1n estudiar en el nuevo Nodo Sena Agroempresarial\u201d: Elsa Noguera<\/strong><\/p>\n<blockquote><p><strong>*La Gobernadora del Atl\u00e1ntico inspeccion\u00f3 las obras de construcci\u00f3n del nuevo Nodo Sena de Sabanalarga con \u00e9nfasis agroempresarial, las cuales avanzan en su recta final.<\/strong><\/p>\n<p><strong>*Las obras incluyen seis ambientes de formaci\u00f3n especializada, dos plantas, una de frutas y verduras y otra de l\u00e1cteos; y cuatro laboratorios, uno de fisicoqu\u00edmica, otro de microbiolog\u00eda, uno sensorial y el de innovaci\u00f3n.<\/strong><\/p>\n<p><strong>*Por la ubicaci\u00f3n estrat\u00e9gica del municipio, este Nodo del Sena contribuir\u00e1 a promover los negocios de peque\u00f1os y medianos campesinos del centro del departamento, potenciando el crecimiento del sector agr\u00edcola, con procesos tecnificados y sistematizados.<\/strong><\/p><\/blockquote>\n<p><strong>Sabanalarga.-<\/strong>\u00a0La gobernadora del Atl\u00e1ntico, Elsa Noguera, visit\u00f3 el municipio de Sabanalarga para verificar las obras de construcci\u00f3n del nuevo Nodo Sena con \u00e9nfasis agroempresarial, que permitir\u00e1 generar oportunidades de acceso a la educaci\u00f3n a m\u00e1s de mil j\u00f3venes anualmente.<\/p>\n<p>\u201cCon una inversi\u00f3n de 14 mil millones de pesos, avanza a muy buen ritmo la construcci\u00f3n del Nodo del Sena en Sabanalarga, cuyo \u00e9nfasis ser\u00e1 agroempresarial. Esto permitir\u00e1 que, a partir de enero del pr\u00f3ximo a\u00f1o, 1.140 j\u00f3venes de Sabanalarga puedan estudiar anualmente una carrera t\u00e9cnica y tecnol\u00f3gica cerca de sus casas. Las obras incluyen seis ambientes de formaci\u00f3n especializada, dos plantas, una de frutas y verduras, y otra de l\u00e1cteos; y cuatro laboratorios: uno de fisicoqu\u00edmica, otro de microbiolog\u00eda, uno sensorial y el de innovaci\u00f3n. Por la ubicaci\u00f3n estrat\u00e9gica del municipio, este moderno y nuevo nodo contribuir\u00e1 a promover mucho m\u00e1s los negocios de nuestros peque\u00f1os y medianos campesinos del centro del departamento, potenciando el crecimiento del sector agr\u00edcola, con procesos tecnificados y sistematizados\u201d, resalt\u00f3 la mandataria.<\/p>\n<p>De acuerdo con el subsecretario de V\u00edas y Construcci\u00f3n departamental, Jos\u00e9 Luis Garc\u00eda, el proyecto tiene un avance del 97 por ciento y se ejecuta en un \u00e1rea de 5.217 metros cuadrados. \u201cLas actividades de obra que se est\u00e1n ejecutando actualmente consisten en el cierre de cielo raso, limpieza general, instalaci\u00f3n de mobiliario, pintura y acabados\u201d, afirm\u00f3.<\/p>\n<p>El Nodo de Sabanalarga forma parte de un grupo de seis centros de formaci\u00f3n que construye la administraci\u00f3n departamental para el fortalecimiento de la calidad educativa, en especial el mejoramiento de la media b\u00e1sica. Los otro cinco municipios son: Baranoa, Galapa, Juan de Acosta, Luruaco y Soledad.<\/p>\n<p>Para la <strong>secretaria de Educaci\u00f3n departamental, Catalina Ucr\u00f3s G\u00f3mez<\/strong>, con los seis nodos Sena estamos garantizando la pertinencia y m\u00e1s acceso a la educaci\u00f3n superior con programas t\u00e9cnicos y tecnol\u00f3gicos. \u00abEsto impacta la calidad de la educaci\u00f3n, cada vez son m\u00e1s las instituciones educativas articuladas con el Sena, contamos con 69 en el a\u00f1o 2021 y son 12 mil cupos para que nuestros j\u00f3venes accedan a carreras t\u00e9cnicas y tecnol\u00f3gicas en estos centros de formaci\u00f3n\u00bb, se\u00f1al\u00f3 la funcionaria.<\/p>\n<p>A la fecha, la administraci\u00f3n de la gobernadora, Elsa Noguera, ha entregado tres <strong>Nodos Sena al servicio de la comunidad, en los municipios: Galapa, con \u00e9nfasis en Dise\u00f1o y Mobiliario; Luruaco, especializado en Ecoturismo y Gastronom\u00eda; y Baranoa, dedicado a Confecciones.<\/strong><\/p>\n<p>La inversi\u00f3n de esta gran apuesta por la educaci\u00f3n est\u00e1 en el orden de los 38.400 millones de pesos, para beneficiar a m\u00e1s de 12 mil j\u00f3venes del departamento.<\/p>\n","protected":false},"excerpt":{"rendered":"<p>La gobernadora del Atl\u00e1ntico, Elsa Noguera, visit\u00f3 el municipio de Sabanalarga para verificar las obras de construcci\u00f3n del nuevo Nodo Sena con \u00e9nfasis agroempresarial, que permitir\u00e1 generar oportunidades de acceso a la educaci\u00f3n a m\u00e1s de mil j\u00f3venes anualmente.<\/p>\n","protected":false},"author":1,"featured_media":7864,"comment_status":"open","ping_status":"open","sticky":false,"template":"","format":"standard","meta":{"footnotes":""},"categories":[163,6],"tags":[2088,31,30,754,1105],"class_list":["post-7863","post","type-post","status-publish","format-standard","has-post-thumbnail","hentry","category-educacion","category-region","tag-catalina-ucros-gomez","tag-elsa-noguera","tag-gobernacion-del-atlantico","tag-municipio-de-sabanalarga","tag-secretaria-de-educacion-departamental"],"_links":{"self":[{"href":"https:\/\/contrastes.com.co\/digital\/wp-json\/wp\/v2\/posts\/7863","targetHints":{"allow":["GET"]}}],"collection":[{"href":"https:\/\/contrastes.com.co\/digital\/wp-json\/wp\/v2\/posts"}],"about":[{"href":"https:\/\/contrastes.com.co\/digital\/wp-json\/wp\/v2\/types\/post"}],"author":[{"embeddable":true,"href":"https:\/\/contrastes.com.co\/digital\/wp-json\/wp\/v2\/users\/1"}],"replies":[{"embeddable":true,"href":"https:\/\/contrastes.com.co\/digital\/wp-json\/wp\/v2\/comments?post=7863"}],"version-history":[{"count":1,"href":"https:\/\/contrastes.com.co\/digital\/wp-json\/wp\/v2\/posts\/7863\/revisions"}],"predecessor-version":[{"id":7865,"href":"https:\/\/contrastes.com.co\/digital\/wp-json\/wp\/v2\/posts\/7863\/revisions\/7865"}],"wp:featuredmedia":[{"embeddable":true,"href":"https:\/\/contrastes.com.co\/digital\/wp-json\/wp\/v2\/media\/7864"}],"wp:attachment":[{"href":"https:\/\/contrastes.com.co\/digital\/wp-json\/wp\/v2\/media?parent=7863"}],"wp:term":[{"taxonomy":"category","embeddable":true,"href":"https:\/\/contrastes.com.co\/digital\/wp-json\/wp\/v2\/categories?post=7863"},{"taxonomy":"post_tag","embeddable":true,"href":"https:\/\/contrastes.com.co\/digital\/wp-json\/wp\/v2\/tags?post=7863"}],"curies":[{"name":"wp","href":"https:\/\/api.w.org\/{rel}","templated":true}]}}