{"id":7893,"date":"2021-11-06T20:32:32","date_gmt":"2021-11-07T01:32:32","guid":{"rendered":"https:\/\/contrastes.com.co\/digital\/?p=7893"},"modified":"2021-11-15T20:38:24","modified_gmt":"2021-11-16T01:38:24","slug":"soledad-protagonista-en-politica-de-vivienda-integral","status":"publish","type":"post","link":"https:\/\/contrastes.com.co\/digital\/soledad-protagonista-en-politica-de-vivienda-integral\/","title":{"rendered":"Soledad, protagonista en pol\u00edtica de vivienda integral"},"content":{"rendered":"<p><strong>Soledad, protagonista en pol\u00edtica de vivienda integral<\/strong><\/p>\n<blockquote><p><strong>\u00abEsta espectacular, moderna y amplia infraestructura es lo que necesitan nuestros ni\u00f1os y ni\u00f1as de Soledad. Debemos cuidar el CDI, pues permite el desarrollo adecuado de los infantes\u00bb: Jonathan Malag\u00f3n Gonz\u00e1lez, ministro de Vivienda, Ciudad y Territorio.<\/strong><\/p><\/blockquote>\n<p><strong>Soledad.-<\/strong> La entrega del Centro de Desarrollo Infantil, CDI, a la comunidad del barrio Los N\u00edsperos es una muestra de la pol\u00edtica de vivienda integral que se viene adelantando en el municipio de Soledad. As\u00ed lo indic\u00f3 el ministro de Vivienda, Ciudad y Territorio, Jonathan Malag\u00f3n Gonz\u00e1lez, durante el acto inaugural del CDI Los N\u00edsperos, con el que se beneficiar\u00e1n cerca de 160 ni\u00f1os y ni\u00f1as de cero a cinco a\u00f1os.<\/p>\n<p>La obra, ubicada en la calle 69A con la diagonal 1B, tiene un \u00e1rea de 3 mil 350 metros cuadrados y cuenta con ocho aulas pedag\u00f3gicas, sala cuna, huerta, parque infantil, sala m\u00faltiple, lavander\u00eda, almac\u00e9n y oficinas administrativas.<br \/>\nEl costo de la infraestructura fue de 3 mil 252 millones de pesos, aportados por la Financiera de Desarrollo Territorial, Findeter, y gestionados por el Ministerio de Vivienda.<\/p>\n<p>El CDI de Los N\u00edsperos mejora el entorno y condiciones de vida de los ni\u00f1os y ni\u00f1as que pertenecen a las 574 familias residentes en el barrio, cumpliendo con la pol\u00edtica de vivienda integral del Ministerio de Vivienda para quienes adquirieron sus casas bajo la modalidad de Vipa (Vivienda de Inter\u00e9s Prioritario).<\/p>\n<p>Yesenia Ocampo Barrios, alcaldesa encargada de Soledad, afirm\u00f3: \u00abLa prioridad de la administraci\u00f3n del Pacto Social es atender la primera infancia y el CDI Los N\u00edsperos, ubicado alrededor de barrios vulnerables, permite que los ni\u00f1os y ni\u00f1as desarrollen sus habilidades y consoliden su crecimiento cognitivo con una atenci\u00f3n id\u00f3nea\u00bb.<\/p>\n<p>El ministro de Vivienda, Ciudad y Territorio, Jonathan Malag\u00f3n Gonz\u00e1lez, manifest\u00f3 que \u00abesta espectacular, moderna y amplia infraestructura es lo que necesitan nuestros ni\u00f1os y ni\u00f1as de Soledad. Debemos cuidar el CDI, pues permite el desarrollo adecuado de los infantes\u00bb.<\/p>\n","protected":false},"excerpt":{"rendered":"<p>La entrega del Centro de Desarrollo Infantil, CDI, a la comunidad del barrio Los N\u00edsperos es una muestra de la pol\u00edtica de vivienda integral que se viene adelantando en el municipio de Soledad. As\u00ed lo indic\u00f3 el ministro de Vivienda, Ciudad y Territorio, Jonathan Malag\u00f3n Gonz\u00e1lez, durante el acto inaugural del CDI Los N\u00edsperos, con el que se beneficiar\u00e1n cerca de 160 ni\u00f1os y ni\u00f1as de cero a cinco a\u00f1os.<\/p>\n","protected":false},"author":1,"featured_media":7894,"comment_status":"open","ping_status":"open","sticky":false,"template":"","format":"standard","meta":{"footnotes":""},"categories":[163,896,2],"tags":[35,1755,4680,4681,38],"class_list":["post-7893","post","type-post","status-publish","format-standard","has-post-thumbnail","hentry","category-educacion","category-infraestructura","category-locales","tag-alcaldia-de-soledad","tag-cdi-los-nisperos","tag-jonathan-malagon-gonzalez","tag-ministro-de-vivienda","tag-municipio-de-soledad"],"_links":{"self":[{"href":"https:\/\/contrastes.com.co\/digital\/wp-json\/wp\/v2\/posts\/7893","targetHints":{"allow":["GET"]}}],"collection":[{"href":"https:\/\/contrastes.com.co\/digital\/wp-json\/wp\/v2\/posts"}],"about":[{"href":"https:\/\/contrastes.com.co\/digital\/wp-json\/wp\/v2\/types\/post"}],"author":[{"embeddable":true,"href":"https:\/\/contrastes.com.co\/digital\/wp-json\/wp\/v2\/users\/1"}],"replies":[{"embeddable":true,"href":"https:\/\/contrastes.com.co\/digital\/wp-json\/wp\/v2\/comments?post=7893"}],"version-history":[{"count":1,"href":"https:\/\/contrastes.com.co\/digital\/wp-json\/wp\/v2\/posts\/7893\/revisions"}],"predecessor-version":[{"id":7895,"href":"https:\/\/contrastes.com.co\/digital\/wp-json\/wp\/v2\/posts\/7893\/revisions\/7895"}],"wp:featuredmedia":[{"embeddable":true,"href":"https:\/\/contrastes.com.co\/digital\/wp-json\/wp\/v2\/media\/7894"}],"wp:attachment":[{"href":"https:\/\/contrastes.com.co\/digital\/wp-json\/wp\/v2\/media?parent=7893"}],"wp:term":[{"taxonomy":"category","embeddable":true,"href":"https:\/\/contrastes.com.co\/digital\/wp-json\/wp\/v2\/categories?post=7893"},{"taxonomy":"post_tag","embeddable":true,"href":"https:\/\/contrastes.com.co\/digital\/wp-json\/wp\/v2\/tags?post=7893"}],"curies":[{"name":"wp","href":"https:\/\/api.w.org\/{rel}","templated":true}]}}