{"id":7899,"date":"2021-11-11T20:42:48","date_gmt":"2021-11-12T01:42:48","guid":{"rendered":"https:\/\/contrastes.com.co\/digital\/?p=7899"},"modified":"2021-11-15T20:47:28","modified_gmt":"2021-11-16T01:47:28","slug":"le-estamos-haciendo-frente-a-la-ilegalidad-y-a-la-invasion-de-predios-alcalde-ucros-rosales","status":"publish","type":"post","link":"https:\/\/contrastes.com.co\/digital\/le-estamos-haciendo-frente-a-la-ilegalidad-y-a-la-invasion-de-predios-alcalde-ucros-rosales\/","title":{"rendered":"Le estamos haciendo frente a la ilegalidad y a la invasi\u00f3n de predios: alcalde Ucr\u00f3s Rosales"},"content":{"rendered":"<p><strong>Le estamos haciendo frente a la ilegalidad y a la invasi\u00f3n de predios: alcalde Ucr\u00f3s Rosales<\/strong><\/p>\n<p><strong>Soledad.-<\/strong>\u00a0El alcalde de Soledad, Rodolfo Ucr\u00f3s Rosales, afirm\u00f3 que desde su administraci\u00f3n se adelantan acciones contundentes para hacerle frente a la ilegalidad y a la invasi\u00f3n de predios en el municipio.<\/p>\n<p>En el desarrollo del encuentro de este jueves, convocado por la <strong>C\u00e1mara Colombiana de la Construcci\u00f3n, Camacol<\/strong>, para analizar la ocupaci\u00f3n ilegal de tierras, el mandatario solede\u00f1o explic\u00f3 que esta problem\u00e1tica implica el enfrentamiento contra bandas delincuenciales que cuentan con estructuras econ\u00f3micas fuertes y son respaldadas por abogados que perciben, por esta labor, unos recursos importantes.<\/p>\n<p>\u201cLos gobernantes del \u00c1rea Metropolitana y del Atl\u00e1ntico estamos dando la cara porque queremos que la institucionalidad, de manera coordinada, establezca algunas estrategias y comencemos a trabajar a la mayor brevedad posible para evitar que estos delincuentes sigan lucr\u00e1ndose con los recursos provenientes de esas actuaciones ileg\u00edtimas que se cometen desde hace much\u00edsimo tiempo. Requerimos todo el acompa\u00f1amiento de la Procuradur\u00eda, Fiscal\u00eda y de la Polic\u00eda para poder solucionar de fondo esta problem\u00e1tica\u201d, indic\u00f3 Ucr\u00f3s Rosales.<\/p>\n<p>El gobernante solede\u00f1o afirm\u00f3 que las decisiones tomadas se han basado en la norma y la legislaci\u00f3n y que se necesita el compromiso y acompa\u00f1amiento de los entes de control para judicializar a las personas que vienen actuando de esta manera. \u201cInvest\u00edguenlos y, si los encuentran culpables, que las penas sean ejemplarizantes. La ilegalidad y la invasi\u00f3n de predios no tiene ning\u00fan tipo de justificaci\u00f3n\u201d, enfatiz\u00f3 el alcalde.<\/p>\n<p>El encuentro se llev\u00f3 a cabo en el Centro Empresarial Buenavista de Barranquilla y cont\u00f3 con la asistencia de la Procuradora General de la Naci\u00f3n, Margarita Cabello; la presidenta del Consejo Superior de la Judicatura, Gloria L\u00f3pez Jaramillo; el presidente de Camacol, Jorge Segebre; la gobernadora del Atl\u00e1ntico, Elsa Noguera de la Espriella y el alcalde del Distrito, Jaime Pumarejo.<\/p>\n","protected":false},"excerpt":{"rendered":"<p>El alcalde de Soledad, Rodolfo Ucr\u00f3s Rosales, afirm\u00f3 que desde su administraci\u00f3n se adelantan acciones contundentes para hacerle frente a la ilegalidad y a la invasi\u00f3n de predios en el municipio.<\/p>\n","protected":false},"author":1,"featured_media":7900,"comment_status":"open","ping_status":"open","sticky":false,"template":"","format":"standard","meta":{"footnotes":""},"categories":[896,1462,10,2],"tags":[4684,4683,131,4687,4686,4685,2086,1848],"class_list":["post-7899","post","type-post","status-publish","format-standard","has-post-thumbnail","hentry","category-infraestructura","category-inseguridad","category-judicial","category-locales","tag-acciones-contundentes","tag-administracion","tag-alcalde-de-soledad","tag-camacol","tag-camara-colombiana-de-la-construccion","tag-ilegalidad","tag-invasion-de-predios","tag-rodolfo-ucros-rosales"],"_links":{"self":[{"href":"https:\/\/contrastes.com.co\/digital\/wp-json\/wp\/v2\/posts\/7899","targetHints":{"allow":["GET"]}}],"collection":[{"href":"https:\/\/contrastes.com.co\/digital\/wp-json\/wp\/v2\/posts"}],"about":[{"href":"https:\/\/contrastes.com.co\/digital\/wp-json\/wp\/v2\/types\/post"}],"author":[{"embeddable":true,"href":"https:\/\/contrastes.com.co\/digital\/wp-json\/wp\/v2\/users\/1"}],"replies":[{"embeddable":true,"href":"https:\/\/contrastes.com.co\/digital\/wp-json\/wp\/v2\/comments?post=7899"}],"version-history":[{"count":1,"href":"https:\/\/contrastes.com.co\/digital\/wp-json\/wp\/v2\/posts\/7899\/revisions"}],"predecessor-version":[{"id":7901,"href":"https:\/\/contrastes.com.co\/digital\/wp-json\/wp\/v2\/posts\/7899\/revisions\/7901"}],"wp:featuredmedia":[{"embeddable":true,"href":"https:\/\/contrastes.com.co\/digital\/wp-json\/wp\/v2\/media\/7900"}],"wp:attachment":[{"href":"https:\/\/contrastes.com.co\/digital\/wp-json\/wp\/v2\/media?parent=7899"}],"wp:term":[{"taxonomy":"category","embeddable":true,"href":"https:\/\/contrastes.com.co\/digital\/wp-json\/wp\/v2\/categories?post=7899"},{"taxonomy":"post_tag","embeddable":true,"href":"https:\/\/contrastes.com.co\/digital\/wp-json\/wp\/v2\/tags?post=7899"}],"curies":[{"name":"wp","href":"https:\/\/api.w.org\/{rel}","templated":true}]}}