{"id":7905,"date":"2021-11-15T11:52:32","date_gmt":"2021-11-15T16:52:32","guid":{"rendered":"https:\/\/contrastes.com.co\/digital\/?p=7905"},"modified":"2021-11-15T20:56:52","modified_gmt":"2021-11-16T01:56:52","slug":"concierto-en-candelaria-para-fortalecer-la-sana-convivencia-en-el-atlantico","status":"publish","type":"post","link":"https:\/\/contrastes.com.co\/digital\/concierto-en-candelaria-para-fortalecer-la-sana-convivencia-en-el-atlantico\/","title":{"rendered":"Concierto en Candelaria, para fortalecer la sana convivencia en el Atl\u00e1ntico"},"content":{"rendered":"<p><strong>Gobernaci\u00f3n del Atl\u00e1ntico realiz\u00f3 un concierto en la plaza principal del municipio de Candelaria<\/strong><\/p>\n<p><strong>Candelaria.-<\/strong> Con el prop\u00f3sito de fortalecer la sana convivencia, la Gobernaci\u00f3n del Atl\u00e1ntico realiz\u00f3 un concierto en la plaza principal del municipio de Candelaria, que cont\u00f3 con la participaci\u00f3n de la Orquesta de Vientos del Atl\u00e1ntico (OVA).<\/p>\n<p>Conformada por ni\u00f1os, ni\u00f1as y j\u00f3venes talentosos, la OVA dar\u00e1 apertura a la campa\u00f1a de Navidad en el departamento. Son ocho conciertos donde se estar\u00e1n activando las plazas y parques de diferentes municipios, llevando mensajes de respeto, tolerancia y armon\u00eda, valores fundamentales para la sana convivencia.<\/p>\n","protected":false},"excerpt":{"rendered":"<p>Con el prop\u00f3sito de fortalecer la sana convivencia, la Gobernaci\u00f3n del Atl\u00e1ntico realiz\u00f3 un concierto en la plaza principal del municipio de Candelaria, que cont\u00f3 con la participaci\u00f3n de la Orquesta de Vientos del Atl\u00e1ntico (OVA).<\/p>\n","protected":false},"author":1,"featured_media":7906,"comment_status":"open","ping_status":"open","sticky":false,"template":"","format":"standard","meta":{"footnotes":""},"categories":[64,2047,6],"tags":[4689,30,970],"class_list":["post-7905","post","type-post","status-publish","format-standard","has-post-thumbnail","hentry","category-cultura","category-musica","category-region","tag-concierto-convivencia","tag-gobernacion-del-atlantico","tag-municipio-de-candelaria"],"_links":{"self":[{"href":"https:\/\/contrastes.com.co\/digital\/wp-json\/wp\/v2\/posts\/7905","targetHints":{"allow":["GET"]}}],"collection":[{"href":"https:\/\/contrastes.com.co\/digital\/wp-json\/wp\/v2\/posts"}],"about":[{"href":"https:\/\/contrastes.com.co\/digital\/wp-json\/wp\/v2\/types\/post"}],"author":[{"embeddable":true,"href":"https:\/\/contrastes.com.co\/digital\/wp-json\/wp\/v2\/users\/1"}],"replies":[{"embeddable":true,"href":"https:\/\/contrastes.com.co\/digital\/wp-json\/wp\/v2\/comments?post=7905"}],"version-history":[{"count":1,"href":"https:\/\/contrastes.com.co\/digital\/wp-json\/wp\/v2\/posts\/7905\/revisions"}],"predecessor-version":[{"id":7907,"href":"https:\/\/contrastes.com.co\/digital\/wp-json\/wp\/v2\/posts\/7905\/revisions\/7907"}],"wp:featuredmedia":[{"embeddable":true,"href":"https:\/\/contrastes.com.co\/digital\/wp-json\/wp\/v2\/media\/7906"}],"wp:attachment":[{"href":"https:\/\/contrastes.com.co\/digital\/wp-json\/wp\/v2\/media?parent=7905"}],"wp:term":[{"taxonomy":"category","embeddable":true,"href":"https:\/\/contrastes.com.co\/digital\/wp-json\/wp\/v2\/categories?post=7905"},{"taxonomy":"post_tag","embeddable":true,"href":"https:\/\/contrastes.com.co\/digital\/wp-json\/wp\/v2\/tags?post=7905"}],"curies":[{"name":"wp","href":"https:\/\/api.w.org\/{rel}","templated":true}]}}