{"id":7966,"date":"2021-11-23T11:23:59","date_gmt":"2021-11-23T16:23:59","guid":{"rendered":"https:\/\/contrastes.com.co\/digital\/?p=7966"},"modified":"2021-12-05T16:53:58","modified_gmt":"2021-12-05T21:53:58","slug":"artistas-manifiestan-respaldo-a-labor-adelantada-por-alcaldia-de-soledad-durante-reactivacion-cultural","status":"publish","type":"post","link":"https:\/\/contrastes.com.co\/digital\/artistas-manifiestan-respaldo-a-labor-adelantada-por-alcaldia-de-soledad-durante-reactivacion-cultural\/","title":{"rendered":"Artistas manifiestan respaldo a labor adelantada por Alcald\u00eda de Soledad durante reactivaci\u00f3n cultural"},"content":{"rendered":"<p><strong>Artistas manifiestan respaldo a labor adelantada por Alcald\u00eda de Soledad durante reactivaci\u00f3n cultural<\/strong><\/p>\n<blockquote><p><strong>\u00abLa administraci\u00f3n municipal trabaja en algunos proyectos en pro de dar a conocer la variada oferta de los artistas, a trav\u00e9s de una vitrina virtual, y la apertura de una escuela de arte en el municipio con programas como danza, artes pl\u00e1sticas, teatro, que contar\u00e1 con un estudio de grabaci\u00f3n. Realizaremos mesas de trabajo, peri\u00f3dicamente, para establecer acuerdos relacionados a iniciativas actuales y futuras\u201d: Domingo Amar\u00eds Esquivia.<\/strong><\/p><\/blockquote>\n<p><strong>Soledad.-<\/strong>\u00a0Un grupo importante de gestores, hacedores y artistas solede\u00f1os manifest\u00f3 su apoyo a la labor que viene adelantando la Alcald\u00eda de Soledad y su Secretar\u00eda de Cultura en el marco de la reactivaci\u00f3n cultural del municipio.<\/p>\n<p>Los artistas sostuvieron una reuni\u00f3n con el <strong>secretario de Cultura, Domingo Amar\u00eds Esquivia<\/strong>, en el Museo Bolivariano, en la que rechazaron las manifestaciones de algunas personas del gremio que no corresponden a la realidad ni al pensamiento de quienes lo conforman.<\/p>\n<p>En el encuentro, Amar\u00eds Esquivia mencion\u00f3 algunos programas desarrollados desde el pasado mes de junio, cuando se reapertur\u00f3 la actividad cultural en el municipio, hasta la fecha como:<\/p>\n<p><strong>\u2022 La Feria Cultural 2021, que benefici\u00f3 a cerca de 500 actores culturales entre gestores, hacedores del Carnaval y artistas.<\/strong><br \/>\n<strong>\u2022 La Agenda Cultural Nuestra Identidad, que benefici\u00f3 a m\u00e1s de 300 actores culturales, entre gestores culturales y artistas. <\/strong><br \/>\n<strong>\u2022 Semanas Culturales Arte por la Vida, favoreciendo a m\u00e1s de 200 actores culturales, entre gestores y artistas. <\/strong><br \/>\n<strong>\u2022 Entrega de insumos y herramientas a los artesanos del municipio.<\/strong><br \/>\n<strong>\u2022 Soledad Vive su Patrimonio, proyecto que benefici\u00f3 a cerca de 100 actores culturales, entre artistas, gestores, butifarreros e historiadores.<\/strong><br \/>\n<strong>\u2022 Artes en Movimiento, proyecto interadministrativo, el cual benefici\u00f3 a 135 artistas del municipio.<\/strong><br \/>\n<strong>\u2022 El 16\u00ba Festival de la Butifarra, actividad que benefici\u00f3 a 35 familias butifarreras. <\/strong><br \/>\n<strong>\u2022 El Festival de la Tradici\u00f3n Solede\u00f1a, que benefici\u00f3 a de 200 actores culturales, entre gestores y artistas.<\/strong><\/p>\n<p>El funcionario anunci\u00f3 que \u201cla administraci\u00f3n municipal trabaja en algunos proyectos en pro de dar a conocer la variada oferta de los artistas, a trav\u00e9s de una vitrina virtual, y la apertura de una escuela de arte en el municipio con programas como danza, artes pl\u00e1sticas, teatro, que contar\u00e1 con un estudio de grabaci\u00f3n. Realizaremos mesas de trabajo, peri\u00f3dicamente, para establecer acuerdos relacionados a iniciativas actuales y futuras\u201d.<\/p>\n<p>Miguel Guerra, artista pl\u00e1stico del municipio, expres\u00f3 su conformidad y agradecimiento por los temas tratados en la reuni\u00f3n. \u201cGracias a todos los que intervinieron, a la administraci\u00f3n y a la Secretar\u00eda de Cultura. Este encuentro demuestra lo importante que es organizarse para salir adelante, gracias al Gran Pacto Social, vamos hacia adelante\u201d, enfatiz\u00f3.<\/p>\n","protected":false},"excerpt":{"rendered":"<p>Un grupo importante de gestores, hacedores y artistas solede\u00f1os manifest\u00f3 su apoyo a la labor que viene adelantando la Alcald\u00eda de Soledad y su Secretar\u00eda de Cultura en el marco de la reactivaci\u00f3n cultural del municipio.<\/p>\n","protected":false},"author":1,"featured_media":7967,"comment_status":"open","ping_status":"open","sticky":false,"template":"","format":"standard","meta":{"footnotes":""},"categories":[64,2],"tags":[915,2190,407,4735,38,4734,345],"class_list":["post-7966","post","type-post","status-publish","format-standard","has-post-thumbnail","hentry","category-cultura","category-locales","tag-artistas-soledenos","tag-domingo-amaris-esquivia","tag-gestores-culturales","tag-hacedores-culturales","tag-municipio-de-soledad","tag-reactivacion-cultural","tag-secretario-de-cultura"],"_links":{"self":[{"href":"https:\/\/contrastes.com.co\/digital\/wp-json\/wp\/v2\/posts\/7966","targetHints":{"allow":["GET"]}}],"collection":[{"href":"https:\/\/contrastes.com.co\/digital\/wp-json\/wp\/v2\/posts"}],"about":[{"href":"https:\/\/contrastes.com.co\/digital\/wp-json\/wp\/v2\/types\/post"}],"author":[{"embeddable":true,"href":"https:\/\/contrastes.com.co\/digital\/wp-json\/wp\/v2\/users\/1"}],"replies":[{"embeddable":true,"href":"https:\/\/contrastes.com.co\/digital\/wp-json\/wp\/v2\/comments?post=7966"}],"version-history":[{"count":1,"href":"https:\/\/contrastes.com.co\/digital\/wp-json\/wp\/v2\/posts\/7966\/revisions"}],"predecessor-version":[{"id":7968,"href":"https:\/\/contrastes.com.co\/digital\/wp-json\/wp\/v2\/posts\/7966\/revisions\/7968"}],"wp:featuredmedia":[{"embeddable":true,"href":"https:\/\/contrastes.com.co\/digital\/wp-json\/wp\/v2\/media\/7967"}],"wp:attachment":[{"href":"https:\/\/contrastes.com.co\/digital\/wp-json\/wp\/v2\/media?parent=7966"}],"wp:term":[{"taxonomy":"category","embeddable":true,"href":"https:\/\/contrastes.com.co\/digital\/wp-json\/wp\/v2\/categories?post=7966"},{"taxonomy":"post_tag","embeddable":true,"href":"https:\/\/contrastes.com.co\/digital\/wp-json\/wp\/v2\/tags?post=7966"}],"curies":[{"name":"wp","href":"https:\/\/api.w.org\/{rel}","templated":true}]}}