{"id":8070,"date":"2021-12-16T12:42:43","date_gmt":"2021-12-16T17:42:43","guid":{"rendered":"https:\/\/contrastes.com.co\/digital\/?p=8070"},"modified":"2021-12-18T20:47:22","modified_gmt":"2021-12-19T01:47:22","slug":"atlantico-es-mas-navidad-vive-desde-hoy-las-novenas-de-la-gobernacion-por-redes-sociales","status":"publish","type":"post","link":"https:\/\/contrastes.com.co\/digital\/atlantico-es-mas-navidad-vive-desde-hoy-las-novenas-de-la-gobernacion-por-redes-sociales\/","title":{"rendered":"Atl\u00e1ntico es m\u00e1s Navidad: Vive desde hoy las novenas de la Gobernaci\u00f3n por redes sociales"},"content":{"rendered":"<p><strong>Atl\u00e1ntico es m\u00e1s Navidad: Vive desde hoy las novenas de la Gobernaci\u00f3n por redes sociales<\/strong><\/p>\n<blockquote><p><strong>* <\/strong><strong>Como parte de la estrategia Atl\u00e1ntico es m\u00e1s Navidad, desde las 7 de la noche inicia la trasmisi\u00f3n virtual por la cuenta de Facebook de la Gobernaci\u00f3n del Atl\u00e1ntico. Adem\u00e1s de esta programaci\u00f3n, que se extender\u00e1 hasta el 24 de diciembre, se realizar\u00e1n unos especiales navide\u00f1os por Telecaribe el 24, 25, 31 de diciembre y el primero de enero.<\/strong><\/p>\n<p><strong>* En las plazas y parques iluminados est\u00e1n abiertas las calles navide\u00f1as que incentiva a regalar Atl\u00e1ntico durante estas fiestas, apoyando la reactivaci\u00f3n de artesanos y emprendedores gastron\u00f3micos municipios. <\/strong><\/p><\/blockquote>\n<p><strong>Barranquilla.-<\/strong> Las fiestas de fin de a\u00f1o se viven con especial fervor en el Atl\u00e1ntico este 2021. Para la celebraci\u00f3n de estos m\u00e1gicos d\u00edas, la Gobernaci\u00f3n del Atl\u00e1ntico desarrolla una nutrida agenda que inicia hoy, a las 7 de la noche con la trasmisi\u00f3n de las Novenas e incluye especiales de Navidad por Telecaribe y espacios en plazas y parques para regalar Atl\u00e1ntico, apoyando a emprendedores y hacedores culturales. Estos espacios hacen parte de la estrategia denominada Atl\u00e1ntico es m\u00e1s Navidad.<\/p>\n<p>Es as\u00ed como desde hoy, 16 de diciembre y hasta el 24 de diciembre, la Novena llegar\u00e1 a los hogares de todos con una puesta en escena maravillosa y diferentes invitados. La cita es a las 7:00 p.m.,\u00a0 a trav\u00e9s de la cuenta de Facebook de la Gobernaci\u00f3n del Atl\u00e1ntico. Cada d\u00eda estar\u00e1 cargado de todo el talento de nuestros artistas, quienes con sus voces e historias le ponen un toque especial a esta celebraci\u00f3n.<\/p>\n<p>Para los d\u00edas 24, 25 y 31 de diciembre y el 1 de enero est\u00e1n programadas las transmisiones especiales de Navidad y A\u00f1o Nuevo, a trav\u00e9s de nuestro canal regional Telecaribe, a partir de las 7 de la noche. En estos cuatro programas, realizados y producidos por la Gobernaci\u00f3n del Atl\u00e1ntico, a trav\u00e9s de la Secretar\u00eda de Cultura y Patrimonio, participan m\u00e1s de 150 artistas y grupos culturales del departamento, quienes hicieron parte de los distintos programas desarrollados durante el a\u00f1o, c\u00f3mo la Ruta de las Artes que visit\u00f3 a los 22 municipios del Atl\u00e1ntico. Los programas est\u00e1n bajo la conducci\u00f3n de Martha Herrera y el padre Jaime Marenco, los especiales llevar\u00e1n la magia de la Navidad a los hogares del departamento, la regi\u00f3n Caribe y el pa\u00eds, con un toque de cultura y tradici\u00f3n.<\/p>\n<p>\u00abCon esta programaci\u00f3n especial de cierre de fin de a\u00f1o, ratificamos nuestro compromiso por la reactivaci\u00f3n del sector cultural del departamento, de la mano de la estrategia Atl\u00e1ntico es m\u00e1s Navidad hemos abierto m\u00e1s espacios para que nuestras familias compartan y convivan en paz en estos d\u00edas de uni\u00f3n y de esperanza\u00bb, indic\u00f3 la gobernadora del Atl\u00e1ntico, Elsa Noguera.<\/p>\n<p><strong>Reactivaci\u00f3n en medio de la Navidad<\/strong><\/p>\n<p>Entre el 11 y el 24 de diciembre se llevan a cabo las Calles Navide\u00f1as con el objetivo de brindar un espacio de reactivaci\u00f3n econ\u00f3mica en las plazas y parques iluminados durante esta temporada. Los visitantes podr\u00e1n adquirir productos de los artesanos y emprendedores en Puerto Colombia, Repel\u00f3n, Juan de Acosta, Baranoa, Usiacur\u00ed, Sabanagrande y en la Plaza de la Paz de Barranquilla. Espacios habilitados desde las 4:00 p.m. hasta las 8:00 p.m. de la noche.<\/p>\n<p>\u00abLuego de la gran puesta en escena de la Noche de Velitas y el encendido de la iluminaci\u00f3n de las plazas principales en diferentes poblaciones, ahora nos estamos tomando los diferentes municipios del departamento con las Calles Navide\u00f1as, un programa que busca llevar la magia de esta \u00e9poca especial a los habitantes de estas poblaciones y, adem\u00e1s, seguir con la reactivaci\u00f3n del sector cultural. All\u00ed podr\u00e1n encontrar desde artesan\u00edas y mucho arte, hasta los platos t\u00edpicos para que todos puedan vivir y saborear lo mejor de esta \u00e9poca\u00bb, explic\u00f3 la secretaria de Cultura y Patrimonio del Atl\u00e1ntico, Diana Acosta.<\/p>\n<p>&nbsp;<\/p>\n","protected":false},"excerpt":{"rendered":"<p>Las fiestas de fin de a\u00f1o se viven con especial fervor en el Atl\u00e1ntico este 2021. Para la celebraci\u00f3n de estos m\u00e1gicos d\u00edas, la Gobernaci\u00f3n del Atl\u00e1ntico desarrolla una nutrida agenda que inicia hoy, a las 7 de la noche con la trasmisi\u00f3n de las Novenas e incluye especiales de Navidad por Telecaribe y espacios en plazas y parques para regalar Atl\u00e1ntico, apoyando a emprendedores y hacedores culturales. Estos espacios hacen parte de la estrategia denominada Atl\u00e1ntico es m\u00e1s Navidad.<\/p>\n","protected":false},"author":1,"featured_media":8071,"comment_status":"open","ping_status":"open","sticky":false,"template":"","format":"standard","meta":{"footnotes":""},"categories":[2148,6],"tags":[30,4821,1347],"class_list":["post-8070","post","type-post","status-publish","format-standard","has-post-thumbnail","hentry","category-eventos","category-region","tag-gobernacion-del-atlantico","tag-novenas-navidenas","tag-redes-sociales"],"_links":{"self":[{"href":"https:\/\/contrastes.com.co\/digital\/wp-json\/wp\/v2\/posts\/8070","targetHints":{"allow":["GET"]}}],"collection":[{"href":"https:\/\/contrastes.com.co\/digital\/wp-json\/wp\/v2\/posts"}],"about":[{"href":"https:\/\/contrastes.com.co\/digital\/wp-json\/wp\/v2\/types\/post"}],"author":[{"embeddable":true,"href":"https:\/\/contrastes.com.co\/digital\/wp-json\/wp\/v2\/users\/1"}],"replies":[{"embeddable":true,"href":"https:\/\/contrastes.com.co\/digital\/wp-json\/wp\/v2\/comments?post=8070"}],"version-history":[{"count":1,"href":"https:\/\/contrastes.com.co\/digital\/wp-json\/wp\/v2\/posts\/8070\/revisions"}],"predecessor-version":[{"id":8072,"href":"https:\/\/contrastes.com.co\/digital\/wp-json\/wp\/v2\/posts\/8070\/revisions\/8072"}],"wp:featuredmedia":[{"embeddable":true,"href":"https:\/\/contrastes.com.co\/digital\/wp-json\/wp\/v2\/media\/8071"}],"wp:attachment":[{"href":"https:\/\/contrastes.com.co\/digital\/wp-json\/wp\/v2\/media?parent=8070"}],"wp:term":[{"taxonomy":"category","embeddable":true,"href":"https:\/\/contrastes.com.co\/digital\/wp-json\/wp\/v2\/categories?post=8070"},{"taxonomy":"post_tag","embeddable":true,"href":"https:\/\/contrastes.com.co\/digital\/wp-json\/wp\/v2\/tags?post=8070"}],"curies":[{"name":"wp","href":"https:\/\/api.w.org\/{rel}","templated":true}]}}