{"id":8082,"date":"2021-12-18T22:03:19","date_gmt":"2021-12-19T03:03:19","guid":{"rendered":"https:\/\/contrastes.com.co\/digital\/?p=8082"},"modified":"2021-12-18T22:03:19","modified_gmt":"2021-12-19T03:03:19","slug":"estos-son-los-11-candidatos-que-entraron-a-la-carrera-presidencial-con-firmas-cuantas-entrego-cada-uno","status":"publish","type":"post","link":"https:\/\/contrastes.com.co\/digital\/estos-son-los-11-candidatos-que-entraron-a-la-carrera-presidencial-con-firmas-cuantas-entrego-cada-uno\/","title":{"rendered":"Estos son los 11 candidatos que entraron a la carrera presidencial con firmas: cu\u00e1ntas entreg\u00f3 cada uno"},"content":{"rendered":"<p><strong>Estos son los 11 candidatos que entraron a la carrera presidencial con firmas: cu\u00e1ntas entreg\u00f3 cada uno<\/strong><\/p>\n<blockquote><p><strong>* A m\u00e1s tardar el 19 de enero del 2022, la Registradur\u00eda avalar\u00e1 si los pol\u00edticos a continuaci\u00f3n cumplieron con los requisitos necesarios para luchar por suceder a Iv\u00e1n Duque.<\/strong><\/p><\/blockquote>\n<p><em><strong><a href=\"https:\/\/www.infobae.com\/america\/colombia\/2021\/12\/18\/estos-son-los-11-candidatos-que-entraron-a-la-carrera-presidencial-con-firmas-cuantas-entrego-cada-uno\/\">infobae<\/a><\/strong><\/em><\/p>\n<p><img loading=\"lazy\" decoding=\"async\" class=\"alignleft  wp-image-929\" src=\"https:\/\/contrastes.com.co\/digital\/wp-content\/uploads\/2020\/05\/a-capitular.png\" alt=\"a capitular\" width=\"79\" height=\"71\" srcset=\"https:\/\/contrastes.com.co\/digital\/wp-content\/uploads\/2020\/05\/a-capitular.png 100w, https:\/\/contrastes.com.co\/digital\/wp-content\/uploads\/2020\/05\/a-capitular-67x60.png 67w\" sizes=\"auto, (max-width: 79px) 100vw, 79px\" \/>l exalcalde de Bogot\u00e1, <strong>Enrique Pe\u00f1alosa<\/strong>, no le alcanzaron las firmas que necesitaba para avalar su candidatura presidencial. De hecho, hizo el anuncio el mismo d\u00eda en que la Registradur\u00eda Nacional del Estado Civil fij\u00f3 la fecha l\u00edmite para la entrega de los grupos significativos. Sin embargo, hubo otros precandidatos que s\u00ed lograron el umbral y que a continuaci\u00f3n conocer\u00e1.<\/p>\n<p>La entidad dirigida por el registrador Alexander Vega estableci\u00f3 que se necesitaban, como m\u00ednimo, 580.620 grupos significativos para poder registrar su candidatura para los comicios de mayo del 2022, por lo que mediante un comunicado oficial revelaron que de los 52 pol\u00edticos que se hab\u00edan postulado, solo 11 las entregaron.<\/p>\n<p>\u201cDe estos 52 grupos de ciudadanos que postularon candidaturas a la Presidencia de la Rep\u00fablica para el 2022, 11 de ellos presentaron los apoyos requeridos para avalar sus candidaturas de un total de 9 952 681 firmas presentadas ante la Registradur\u00eda Nacional del Estado Civil\u201d, se\u00f1al\u00f3 la entidad.<\/p>\n<h3><strong>\u00bfQui\u00e9nes fueron?<\/strong><\/h3>\n<p>Con una semana de anticipaci\u00f3n, el primero en entregar las firmas fue el hoy senador Roy Barreras, que compareci\u00f3 el pasado 7 de diciembre y asegur\u00f3 haber llevado 973.177 nombres.<\/p>\n<p>\u201cLo digo con emoci\u00f3n renovada porque estamos a 8 puntos de ganar en la primera vuelta y este mill\u00f3n de ciudadanos va a garantizar el triunfo presidencial en la primera vuelta del Pacto Hist\u00f3rico\u201d, anunci\u00f3 Barreras en el evento de entrega de las firmas.<\/p>\n<p>Sin embargo, al d\u00eda siguiente revel\u00f3 que desist\u00eda de su candidatura presidencial por la alianza antes mencionada y dijo que se dedicar\u00eda a ganar mayor\u00edas parlamentarias para la alianza pol\u00edtica de Gustavo Petro, l\u00edder de Colombia Humana.<\/p>\n<figure id=\"attachment_8083\" aria-describedby=\"caption-attachment-8083\" style=\"width: 768px\" class=\"wp-caption aligncenter\"><img loading=\"lazy\" decoding=\"async\" class=\"wp-image-8083 size-full\" src=\"https:\/\/contrastes.com.co\/digital\/wp-content\/uploads\/2021\/12\/roy-barrera.jpg\" alt=\"roy barrera\" width=\"768\" height=\"512\" srcset=\"https:\/\/contrastes.com.co\/digital\/wp-content\/uploads\/2021\/12\/roy-barrera.jpg 768w, https:\/\/contrastes.com.co\/digital\/wp-content\/uploads\/2021\/12\/roy-barrera-300x200.jpg 300w\" sizes=\"auto, (max-width: 768px) 100vw, 768px\" \/><figcaption id=\"caption-attachment-8083\" class=\"wp-caption-text\">Entrega de firmas de Roy Barreras<\/figcaption><\/figure>\n<p>Otro que tambi\u00e9n entreg\u00f3 firmas fue el exalcalde de Medell\u00edn, Federico \u2018Fico\u2019 Guti\u00e9rrez, que, seg\u00fan la Registradur\u00eda, dijo haber entregado 1.444.223 firmas de ciudadanos con su Movimiento Creemos Colombia.<\/p>\n<blockquote><p><strong>\u201cEstas firmas no representan simplemente mi candidatura a la Presidencia. Representan los sue\u00f1os de los colombianos; representan a personas y familias que creen en un futuro mejor y m\u00e1s feliz. Y me voy a asegurar de honrar esa confianza con altura y respeto\u201d, se\u00f1al\u00f3 Guti\u00e9rrez durante el evento ante la Registradur\u00eda.<\/strong><\/p><\/blockquote>\n<figure id=\"attachment_8084\" aria-describedby=\"caption-attachment-8084\" style=\"width: 768px\" class=\"wp-caption aligncenter\"><img loading=\"lazy\" decoding=\"async\" class=\"wp-image-8084 size-full\" src=\"https:\/\/contrastes.com.co\/digital\/wp-content\/uploads\/2021\/12\/fico.jpg\" alt=\"fico gutierrez\" width=\"768\" height=\"512\" srcset=\"https:\/\/contrastes.com.co\/digital\/wp-content\/uploads\/2021\/12\/fico.jpg 768w, https:\/\/contrastes.com.co\/digital\/wp-content\/uploads\/2021\/12\/fico-300x200.jpg 300w\" sizes=\"auto, (max-width: 768px) 100vw, 768px\" \/><figcaption id=\"caption-attachment-8084\" class=\"wp-caption-text\">Federico \u201cFico\u201d Guti\u00e9rrez quien entreg\u00f3 oficialmente las firmas para avalar su candidatura a la Presidencia de la Rep\u00fablica. Foto: Cortes\u00eda.<\/figcaption><\/figure>\n<p>Desde Santander tambi\u00e9n hubo otro representante que llev\u00f3 las firmas. Se trata del exalcalde de Bucaramanga, Rodolfo Hern\u00e1ndez, quien alcanz\u00f3 1.895.850 grupos significativos para avalar su candidatura.<\/p>\n<blockquote><p><strong>\u201c\u00a1Que se alisten los z\u00e1nganos porque en mi gobierno todos van para afuera. Voy a ser el Presidente de Colombia y no habr\u00e1 Reforma Tributaria!\u201d, asegur\u00f3 Hern\u00e1ndez.<\/strong><\/p><\/blockquote>\n<figure id=\"attachment_8085\" aria-describedby=\"caption-attachment-8085\" style=\"width: 768px\" class=\"wp-caption aligncenter\"><img loading=\"lazy\" decoding=\"async\" class=\"wp-image-8085 size-full\" src=\"https:\/\/contrastes.com.co\/digital\/wp-content\/uploads\/2021\/12\/santanderes.jpg\" alt=\"hernandez\" width=\"768\" height=\"432\" srcset=\"https:\/\/contrastes.com.co\/digital\/wp-content\/uploads\/2021\/12\/santanderes.jpg 768w, https:\/\/contrastes.com.co\/digital\/wp-content\/uploads\/2021\/12\/santanderes-300x169.jpg 300w\" sizes=\"auto, (max-width: 768px) 100vw, 768px\" \/><figcaption id=\"caption-attachment-8085\" class=\"wp-caption-text\">Rodolfo Hern\u00e1ndez entreg\u00f3 sus firmas \/ Cortes\u00eda<\/figcaption><\/figure>\n<p>Por su parte, el exministro de Hacienda en el anterior gobierno, Juan Carlos Echeverry, hoy integrante de la coalici\u00f3n centroderechista \u2018Equipo por Colombia\u2019, tambi\u00e9n llev\u00f3 sus firmas y asegur\u00f3 haber entregado 842.728.<\/p>\n<blockquote><p><strong>\u201cEmpezamos a hace cinco meses, el 14 de julio, fue un proceso que tuvo fases, tuvimos unas primeras 200.000 firmas y nos dimos cuenta que al ritmo que \u00edbamos probablemente no alcanzamos, nos toc\u00f3 recomponer la estrategia y log\u00edstica\u201d, asegur\u00f3 en el evento al que llev\u00f3 las firmas.<\/strong><\/p><\/blockquote>\n<figure id=\"attachment_8086\" aria-describedby=\"caption-attachment-8086\" style=\"width: 768px\" class=\"wp-caption aligncenter\"><img loading=\"lazy\" decoding=\"async\" class=\"wp-image-8086 size-full\" src=\"https:\/\/contrastes.com.co\/digital\/wp-content\/uploads\/2021\/12\/echeverry.jpg\" alt=\"echeverry\" width=\"768\" height=\"576\" srcset=\"https:\/\/contrastes.com.co\/digital\/wp-content\/uploads\/2021\/12\/echeverry.jpg 768w, https:\/\/contrastes.com.co\/digital\/wp-content\/uploads\/2021\/12\/echeverry-300x225.jpg 300w, https:\/\/contrastes.com.co\/digital\/wp-content\/uploads\/2021\/12\/echeverry-136x102.jpg 136w\" sizes=\"auto, (max-width: 768px) 100vw, 768px\" \/><figcaption id=\"caption-attachment-8086\" class=\"wp-caption-text\">Juan Carlos Echeverry entreg\u00f3 sus firmas \/ Cortes\u00eda<\/figcaption><\/figure>\n<p>El exgobernador de Antioquia, Luis P\u00e9rez, tambi\u00e9n entreg\u00f3 firmas, con un total de 1.041.960 grupos significativos. \u201cNo fue f\u00e1cil recoger las firmas, no es f\u00e1cil porque el pa\u00eds tiene la dificultad del covid y la inseguridad, esos son dos factores que hacen que la gente viva con miedo y eso tiene un impacto en la recolecci\u00f3n de las firmas\u201d, indic\u00f3 P\u00e9rez, quien tambi\u00e9n gobern\u00f3 a Medell\u00edn.<\/p>\n<figure id=\"attachment_8087\" aria-describedby=\"caption-attachment-8087\" style=\"width: 768px\" class=\"wp-caption aligncenter\"><img loading=\"lazy\" decoding=\"async\" class=\"wp-image-8087 size-full\" src=\"https:\/\/contrastes.com.co\/digital\/wp-content\/uploads\/2021\/12\/luis-perez.jpg\" alt=\"luis perez\" width=\"768\" height=\"432\" srcset=\"https:\/\/contrastes.com.co\/digital\/wp-content\/uploads\/2021\/12\/luis-perez.jpg 768w, https:\/\/contrastes.com.co\/digital\/wp-content\/uploads\/2021\/12\/luis-perez-300x169.jpg 300w\" sizes=\"auto, (max-width: 768px) 100vw, 768px\" \/><figcaption id=\"caption-attachment-8087\" class=\"wp-caption-text\">Luis P\u00e9rez entreg\u00f3 sus firmas \/ Foto Alexandra Ruiz<\/figcaption><\/figure>\n<p>Otro que recientemente tambi\u00e9n llev\u00f3 sus grupos significativos fue el hoy miembro de la Coalici\u00f3n Centro Esperanza, el exministro de Salud, Alejandro Gaviria, que entreg\u00f3 1.210.335 y que caus\u00f3 conmoci\u00f3n en el pa\u00eds porque lanz\u00f3 una peculiar frase durante el evento en la Registradur\u00eda:<\/p>\n<blockquote><p><strong>\u201cSi sobreviv\u00ed al c\u00e1ncer tengo que sobrevivir a una hijueputa encuesta\u201d, expres\u00f3 Gaviria, mientras era aplaudido por sus colaboradores, entre los que se destaca la representante de Alianza Verde, Juanita Goebertus y su esposa Carolina Soto.<\/strong><\/p><\/blockquote>\n<figure id=\"attachment_8088\" aria-describedby=\"caption-attachment-8088\" style=\"width: 768px\" class=\"wp-caption aligncenter\"><img loading=\"lazy\" decoding=\"async\" class=\"wp-image-8088 size-full\" src=\"https:\/\/contrastes.com.co\/digital\/wp-content\/uploads\/2021\/12\/verde.jpg\" alt=\"alejandro gaviria\" width=\"768\" height=\"432\" srcset=\"https:\/\/contrastes.com.co\/digital\/wp-content\/uploads\/2021\/12\/verde.jpg 768w, https:\/\/contrastes.com.co\/digital\/wp-content\/uploads\/2021\/12\/verde-300x169.jpg 300w\" sizes=\"auto, (max-width: 768px) 100vw, 768px\" \/><figcaption id=\"caption-attachment-8088\" class=\"wp-caption-text\">Alejandro Gaviria present\u00f3 m\u00e1s de 1 mill\u00f3n 200 mil firmas para avalar su candidatura. Foto: Colombia Tiene Futuro<\/figcaption><\/figure>\n<p>Quiz\u00e1 otro de los que m\u00e1s llam\u00f3 la atenci\u00f3n por recolectar 2.530.623 firmas en menos de un mes, es el exalcalde de Barranquilla, Alejandro Char.<\/p>\n<blockquote><p><strong>\u201cTenemos la experiencia en el servicio p\u00fablico y la capacidad de gesti\u00f3n para trabajar de la mano con todos los colombianos, para responder al deseo de habitar un pa\u00eds que ofrezca cada d\u00eda m\u00e1s y mejores oportunidades de progresar y vivir dignamente. Este pa\u00eds necesita gente que haga las cosas, que las haga realidad. Desde hoy vamos con todo y asumimos el compromiso con Colombia\u201d, asever\u00f3 el exmandatario durante el evento esta semana.<\/strong><\/p><\/blockquote>\n<figure id=\"attachment_8089\" aria-describedby=\"caption-attachment-8089\" style=\"width: 768px\" class=\"wp-caption aligncenter\"><img loading=\"lazy\" decoding=\"async\" class=\"wp-image-8089 size-full\" src=\"https:\/\/contrastes.com.co\/digital\/wp-content\/uploads\/2021\/12\/alex.jpg\" alt=\"alex char\" width=\"768\" height=\"432\" srcset=\"https:\/\/contrastes.com.co\/digital\/wp-content\/uploads\/2021\/12\/alex.jpg 768w, https:\/\/contrastes.com.co\/digital\/wp-content\/uploads\/2021\/12\/alex-300x169.jpg 300w\" sizes=\"auto, (max-width: 768px) 100vw, 768px\" \/><figcaption id=\"caption-attachment-8089\" class=\"wp-caption-text\">Alejandro Char entreg\u00f3 sus firmas \/ Cortes\u00eda<\/figcaption><\/figure>\n<p>Los dem\u00e1s candidatos que entregaron sus grupos significativos fueron:<\/p>\n<p><strong>-Alejandro Tiquidimas Fern\u00e1ndez con 315 firmas.<\/strong><\/p>\n<p><strong>-Luis Carlos Agudelo Galvis con 2.235 firmas.<\/strong><\/p>\n<p><strong>-Adolfo David Pimienta Maldonado con 900 firmas.<\/strong><\/p>\n<p><strong>-Carlos Dar\u00edo Conde Acosta con 10.335.<\/strong><\/p>\n","protected":false},"excerpt":{"rendered":"<p>A m\u00e1s tardar el 19 de enero del 2022, la Registradur\u00eda avalar\u00e1 si los pol\u00edticos a continuaci\u00f3n cumplieron con los requisitos necesarios para luchar por suceder a Iv\u00e1n Duque.<\/p>\n","protected":false},"author":1,"featured_media":8090,"comment_status":"open","ping_status":"open","sticky":false,"template":"","format":"standard","meta":{"footnotes":""},"categories":[85,4,5],"tags":[4829,4830,4836,4837,4835,4833,4832,4838,4834,4831],"class_list":["post-8082","post","type-post","status-publish","format-standard","has-post-thumbnail","hentry","category-analisis","category-pais","category-politica","tag-alejandro-char","tag-alejandro-gaviria","tag-candidatos-por-firmas","tag-elecciones-en-colombia","tag-federico-fico-gutierrez","tag-juan-carlos-echeverry","tag-luis-perez","tag-presidenciales-2022","tag-rodolfo-hernandez","tag-roy-barreras"],"_links":{"self":[{"href":"https:\/\/contrastes.com.co\/digital\/wp-json\/wp\/v2\/posts\/8082","targetHints":{"allow":["GET"]}}],"collection":[{"href":"https:\/\/contrastes.com.co\/digital\/wp-json\/wp\/v2\/posts"}],"about":[{"href":"https:\/\/contrastes.com.co\/digital\/wp-json\/wp\/v2\/types\/post"}],"author":[{"embeddable":true,"href":"https:\/\/contrastes.com.co\/digital\/wp-json\/wp\/v2\/users\/1"}],"replies":[{"embeddable":true,"href":"https:\/\/contrastes.com.co\/digital\/wp-json\/wp\/v2\/comments?post=8082"}],"version-history":[{"count":1,"href":"https:\/\/contrastes.com.co\/digital\/wp-json\/wp\/v2\/posts\/8082\/revisions"}],"predecessor-version":[{"id":8091,"href":"https:\/\/contrastes.com.co\/digital\/wp-json\/wp\/v2\/posts\/8082\/revisions\/8091"}],"wp:featuredmedia":[{"embeddable":true,"href":"https:\/\/contrastes.com.co\/digital\/wp-json\/wp\/v2\/media\/8090"}],"wp:attachment":[{"href":"https:\/\/contrastes.com.co\/digital\/wp-json\/wp\/v2\/media?parent=8082"}],"wp:term":[{"taxonomy":"category","embeddable":true,"href":"https:\/\/contrastes.com.co\/digital\/wp-json\/wp\/v2\/categories?post=8082"},{"taxonomy":"post_tag","embeddable":true,"href":"https:\/\/contrastes.com.co\/digital\/wp-json\/wp\/v2\/tags?post=8082"}],"curies":[{"name":"wp","href":"https:\/\/api.w.org\/{rel}","templated":true}]}}