{"id":8107,"date":"2021-12-16T15:38:17","date_gmt":"2021-12-16T20:38:17","guid":{"rendered":"https:\/\/contrastes.com.co\/digital\/?p=8107"},"modified":"2021-12-20T15:39:15","modified_gmt":"2021-12-20T20:39:15","slug":"comision-de-la-mujer-homenajeo-y-condecoro-a-la-liga-de-la-leche-colombia","status":"publish","type":"post","link":"https:\/\/contrastes.com.co\/digital\/comision-de-la-mujer-homenajeo-y-condecoro-a-la-liga-de-la-leche-colombia\/","title":{"rendered":"Comisi\u00f3n de la Mujer homenaje\u00f3 y condecor\u00f3 a la Liga de la Leche Colombia"},"content":{"rendered":"<p><strong>Comisi\u00f3n de la Mujer homenaje\u00f3 y condecor\u00f3 a la Liga de la Leche Colombia<\/strong><\/p>\n<blockquote><p><strong>La exaltaci\u00f3n se hizo por cuenta de la labor que la Liga de la Leche ha adelantado \u201cen beneficio de la &#8216;Comunidad Lactante&#8217; a trav\u00e9s de la promoci\u00f3n, protecci\u00f3n y apoyo a la lactancia materna en el territorio nacional, salvaguardando la seguridad alimentaria de los infantes, as\u00ed como la salud mental y f\u00edsica de las madres gestantes y las madres lactantes\u201d<\/strong><\/p><\/blockquote>\n<p><strong>Bogot\u00e1.-<\/strong>\u00a0La Liga de La Leche Colombia, organizaci\u00f3n que suma 45 a\u00f1os fomentando y protegiendo la lactancia materna en nuestro pa\u00eds, fue condecorada por la Comisi\u00f3n Legal para la Equidad de la Mujer, en cabeza de su Presidenta, la <strong>representante atlanticense, Jezmi Barraza Arraut, con la Orden a la Mujer y la Democracia \u2018Policarpa Salavarrieta\u2019<\/strong>.<\/p>\n<p>La exaltaci\u00f3n se hizo por cuenta de la labor que <strong>la Liga de la Leche<\/strong> ha adelantado \u201cen beneficio de la &#8216;Comunidad Lactante&#8217; a trav\u00e9s de la promoci\u00f3n, protecci\u00f3n y apoyo a la lactancia materna en el territorio nacional, salvaguardando la seguridad alimentaria de los infantes, as\u00ed como la salud mental y f\u00edsica de las madres gestantes y las madres lactantes\u201d, en Bogot\u00e1, Medell\u00edn, Cali y Pasto, tal y como reza la resoluci\u00f3n de condecoraci\u00f3n entregada a la <strong>Presidente de la Liga de la Leche Colombia Vivian Montero Villaz\u00f3n<\/strong> y las l\u00edderes: Claudia Patricia Garc\u00eda, Adela Jim\u00e9nez, Valeria Baena, Margarita Guar\u00edn, Esmeralda Cante.<\/p>\n<p>\u201cQueremos reconocer con esta condecoraci\u00f3n el papel fundamental que ha tenido La Liga de la Leche Colombia por el fortalecimiento de las redes de apoyo a la lactancia materna y el apoyo que le han brindado a m\u00e1s de 200.000 mujeres, sus beb\u00e9s y sus familias colombianas. Una labor admirable que nos debe invitar a todos como sociedad, a defender los derechos de nuestras madres gestantes y lactantes, garantiz\u00e1ndoles espacios para la alimentaci\u00f3n de sus hijos, libres de discriminaci\u00f3n y con las mejores condiciones posibles\u201d, se\u00f1al\u00f3 la Representante Jezmi Barraza, durante la condecoraci\u00f3n.<\/p>\n<p>Desde el Congreso de la Rep\u00fablica, avanzan varias iniciativas que buscan proteger a las mujeres lactantes de Colombia. Entre ellas destaca el Proyecto de Ley \u2018Comunidad Lactante\u2019, con el que se pretende fortalecer sus redes de apoyo, promoviendo la formaci\u00f3n de capital humano, fortaleciendo la oferta p\u00fablica del sector salud y motivando la apertura de espacios para la lactancia materna y su promoci\u00f3n como pr\u00e1ctica que salva vidas.<\/p>\n<p>LLL Colombia, es una filial de la Liga de la Leche Internacional, que es una organizaci\u00f3n no gubernamental, sin \u00e1nimo de lucro, fundada en 1956 y con presencia en m\u00e1s de 80 pa\u00edses en todo el mundo. Dedicada a la difusi\u00f3n de los beneficios de la leche materna, la lactancia exclusiva durante los primeros dos a\u00f1os de vida y la protecci\u00f3n de las mujeres y su derecho a la maternidad.<\/p>\n","protected":false},"excerpt":{"rendered":"<p>Bogot\u00e1.-\u00a0La Liga de La Leche Colombia, organizaci\u00f3n que suma 45 a\u00f1os fomentando y protegiendo la lactancia materna en nuestro pa\u00eds, fue condecorada por la Comisi\u00f3n Legal para la Equidad de la Mujer, en cabeza de su Presidenta, la representante atlanticense, Jezmi Barraza Arraut, con la Orden a la Mujer y la Democracia \u2018Policarpa Salavarrieta\u2019.<\/p>\n","protected":false},"author":1,"featured_media":8108,"comment_status":"open","ping_status":"open","sticky":false,"template":"","format":"standard","meta":{"footnotes":""},"categories":[4850,4,5],"tags":[68,4852,4856,4855,67],"class_list":["post-8107","post","type-post","status-publish","format-standard","has-post-thumbnail","hentry","category-congreso-de-la-republica","category-pais","category-politica","tag-departamento-del-atlantico","tag-jezmi-barraza-arraut","tag-la-liga-de-la-leche","tag-orden-a-la-mujer-y-la-democracia-policarpa-salavarrieta","tag-representante-a-la-camara"],"_links":{"self":[{"href":"https:\/\/contrastes.com.co\/digital\/wp-json\/wp\/v2\/posts\/8107","targetHints":{"allow":["GET"]}}],"collection":[{"href":"https:\/\/contrastes.com.co\/digital\/wp-json\/wp\/v2\/posts"}],"about":[{"href":"https:\/\/contrastes.com.co\/digital\/wp-json\/wp\/v2\/types\/post"}],"author":[{"embeddable":true,"href":"https:\/\/contrastes.com.co\/digital\/wp-json\/wp\/v2\/users\/1"}],"replies":[{"embeddable":true,"href":"https:\/\/contrastes.com.co\/digital\/wp-json\/wp\/v2\/comments?post=8107"}],"version-history":[{"count":1,"href":"https:\/\/contrastes.com.co\/digital\/wp-json\/wp\/v2\/posts\/8107\/revisions"}],"predecessor-version":[{"id":8109,"href":"https:\/\/contrastes.com.co\/digital\/wp-json\/wp\/v2\/posts\/8107\/revisions\/8109"}],"wp:featuredmedia":[{"embeddable":true,"href":"https:\/\/contrastes.com.co\/digital\/wp-json\/wp\/v2\/media\/8108"}],"wp:attachment":[{"href":"https:\/\/contrastes.com.co\/digital\/wp-json\/wp\/v2\/media?parent=8107"}],"wp:term":[{"taxonomy":"category","embeddable":true,"href":"https:\/\/contrastes.com.co\/digital\/wp-json\/wp\/v2\/categories?post=8107"},{"taxonomy":"post_tag","embeddable":true,"href":"https:\/\/contrastes.com.co\/digital\/wp-json\/wp\/v2\/tags?post=8107"}],"curies":[{"name":"wp","href":"https:\/\/api.w.org\/{rel}","templated":true}]}}